{"id":75948,"date":"2015-12-03T16:28:11","date_gmt":"2015-12-03T19:28:11","guid":{"rendered":"http:\/\/www.24baires.com\/?p=75948"},"modified":"2015-12-04T10:40:31","modified_gmt":"2015-12-04T13:40:31","slug":"la-devaluacion-ya-comienza-a-verse-reflejada-en-aumentos-de-precios","status":"publish","type":"post","link":"http:\/\/www.24baires.com\/?p=75948","title":{"rendered":"\u00abLa devaluaci\u00f3n ya comienza a verse reflejada en aumentos de precios\u00bb"},"content":{"rendered":"<p><img data-recalc-dims=\"1\" loading=\"lazy\" decoding=\"async\" src=\"https:\/\/i0.wp.com\/www.24baires.com\/wp-content\/uploads\/2015\/11\/scioli-abrazo.jpg?resize=300%2C200\" alt=\"scioli abrazo\" width=\"300\" height=\"200\" class=\"alignleft size-medium wp-image-75235\" srcset=\"https:\/\/i0.wp.com\/www.24baires.com\/wp-content\/uploads\/2015\/11\/scioli-abrazo.jpg?resize=300%2C200 300w, https:\/\/i0.wp.com\/www.24baires.com\/wp-content\/uploads\/2015\/11\/scioli-abrazo.jpg?w=380 380w\" sizes=\"auto, (max-width: 300px) 100vw, 300px\" \/>El gobernador bonaerense asegur\u00f3 que, tal como hab\u00eda advertido en la campa\u00f1a electoral que realiz\u00f3 como candidato del FpV, la promesa devaluacionista comienza a reflejarse en los precios.<!--more--><\/p>\n<p>El gobernador de la provincia de Buenos Aires, tal como hab\u00eda advertido en el marco de la campa\u00f1a electoral que realiz\u00f3 como candidato del Frente para la Victoria (FpV).<\/p>\n<p>\u00ab(Mauricio) Macri lleva adelante una agenda basada en una devaluaci\u00f3n, que ya comienza a verse reflejada en un aumento de precios como consecuencia de la especulaci\u00f3n\u201d, destac\u00f3 el mandatario provincial en un comunicado.<\/p>\n<p>Scioli observ\u00f3 que \u201cla gente est\u00e1 comprobando lo que yo sostuve en la campa\u00f1a\u00bb y ejemplific\u00f3 con los \u00abaumentos de precios y la especulaci\u00f3n detr\u00e1s de productos de la industria sider\u00fargica, la canasta familiar, la harina, el pan, la carne y los electrodom\u00e9sticos\u201d.<\/p>\n<p>En este sentido, a\u00f1adi\u00f3 que \u201ca partir del 22 de noviembre comenz\u00f3 una formaci\u00f3n de precios de parte de los comerciantes basada en la especulaci\u00f3n derivada de la propuesta de liberar el tipo de cambio, y la quita de subsidios\u00bb.<\/p>\n<p>\u00abEsto generar\u00e1 un recorte en el poder adquisitivo y esto es lo que yo sal\u00ed a defender; el salario de la gente, no fue un discurso de campa\u00f1a\u201d, record\u00f3 Scioli.<\/p>\n<p>Sobre el final sostuvo que si bien el gobierno de Macri \u00abno arranc\u00f3\u201d con un d\u00f3lar a 14 o 15 pesos, \u00ablas subas se trasladan a la estructura de costos\u00bb.<\/p>\n","protected":false},"excerpt":{"rendered":"<p>El gobernador bonaerense asegur\u00f3 que, tal como hab\u00eda advertido en la campa\u00f1a electoral que realiz\u00f3 como candidato del FpV, la promesa devaluacionista comienza a reflejarse en los precios.<\/p>\n","protected":false},"author":8,"featured_media":0,"comment_status":"open","ping_status":"open","sticky":false,"template":"","format":"standard","meta":{"_jetpack_newsletter_access":"","_jetpack_dont_email_post_to_subs":false,"_jetpack_newsletter_tier_id":0,"_jetpack_memberships_contains_paywalled_content":false,"_jetpack_memberships_contains_paid_content":false,"footnotes":""},"categories":[51],"tags":[],"class_list":["post-75948","post","type-post","status-publish","format-standard","hentry","category-politica"],"jetpack_shortlink":"https:\/\/wp.me\/p2JWE0-jKY","jetpack-related-posts":[{"id":76080,"url":"http:\/\/www.24baires.com\/?p=76080","url_meta":{"origin":75948,"position":0},"title":"\u00abLos bruscos aumentos son por las expectativas de devaluaci\u00f3n\u00bb","author":"GB","date":"07\/12\/2015","format":false,"excerpt":"Lo hizo el Observatorio de Precios, que en las \u00faltimas semanas detect\u00f3 subas generalizadas. Del informe se desprende que los aumentos m\u00e1s fuertes son en alimentos y medicamentos. El informe del Observatorio de Precios de la Secretar\u00eda de Comercio \u2013organismo creado por ley en septiembre del a\u00f1o pasado\u2013 da cuenta\u2026","rel":"","context":"En \u00abEconom\u00eda\u00bb","block_context":{"text":"Econom\u00eda","link":"http:\/\/www.24baires.com\/?cat=45"},"img":{"alt_text":"","src":"","width":0,"height":0},"classes":[]},{"id":73047,"url":"http:\/\/www.24baires.com\/?p=73047","url_meta":{"origin":75948,"position":1},"title":"\u00abSoy el \u00fanico candidato que no promete una devaluaci\u00f3n\u201d, asegur\u00f3 Scioli","author":"GB","date":"02\/10\/2015","format":false,"excerpt":"El candidato a presidente por el FPV volvi\u00f3 a diferenciarse de sus competidores al se\u00f1alar que no promete devaluaci\u00f3n y en campa\u00f1a tampoco \u201cpropone reducir impuestos o retenciones\u201d. El candidato a presidente por el Frente para la Victoria (Fpv) Daniel Scioli volvi\u00f3 a diferenciarse de sus competidores de cara a\u2026","rel":"","context":"En \u00abPol\u00edtica\u00bb","block_context":{"text":"Pol\u00edtica","link":"http:\/\/www.24baires.com\/?cat=51"},"img":{"alt_text":"bunker scioli","src":"https:\/\/i0.wp.com\/www.24baires.com\/wp-content\/uploads\/2015\/08\/bunker-scioli.jpg?resize=350%2C200","width":350,"height":200},"classes":[]},{"id":111975,"url":"http:\/\/www.24baires.com\/?p=111975","url_meta":{"origin":75948,"position":2},"title":"Arranca la campa\u00f1a de cara a las generales de octubre","author":"AF","date":"07\/09\/2019","format":false,"excerpt":"No pas\u00f3 un mes todav\u00eda desde las PASO y la Argentina no es la misma. No lo es ni desde lo econ\u00f3mico, ni desde lo pol\u00edtico ni desde lo social, Aqu\u00ed un breve repaso por uno de los meses m\u00e1s intensos de las \u00faltimas d\u00e9cadas. Este s\u00e1bado comienza oficialmente la\u2026","rel":"","context":"En \u00abPol\u00edtica\u00bb","block_context":{"text":"Pol\u00edtica","link":"http:\/\/www.24baires.com\/?cat=51"},"img":{"alt_text":"","src":"https:\/\/i0.wp.com\/www.24baires.com\/wp-content\/uploads\/2019\/08\/fern%C3%A1ndez-alberto-macri.jpg?resize=350%2C200","width":350,"height":200,"srcset":"https:\/\/i0.wp.com\/www.24baires.com\/wp-content\/uploads\/2019\/08\/fern%C3%A1ndez-alberto-macri.jpg?resize=350%2C200 1x, https:\/\/i0.wp.com\/www.24baires.com\/wp-content\/uploads\/2019\/08\/fern%C3%A1ndez-alberto-macri.jpg?resize=525%2C300 1.5x"},"classes":[]},{"id":74995,"url":"http:\/\/www.24baires.com\/?p=74995","url_meta":{"origin":75948,"position":3},"title":"\u201cEllos quieren ajustar y nivelar para abajo y yo quiero nivelar para arriba\u201d","author":"GB","date":"13\/11\/2015","format":false,"excerpt":"El candidato presidencial del FpV fustig\u00f3 hoy las pol\u00edticas econ\u00f3micas de Cambiemos que plantean ajustes para que \u201clos n\u00fameros cierren como sea\u201d. \u201cNo caigamos otra vez en la devaluaci\u00f3n ni en las recetas ortodoxas del FMI\u201d, pidi\u00f3. En di\u00e1logo con radio Mitre, el gobernador bonaerense recalc\u00f3 que mientras que a\u2026","rel":"","context":"En \u00abPol\u00edtica\u00bb","block_context":{"text":"Pol\u00edtica","link":"http:\/\/www.24baires.com\/?cat=51"},"img":{"alt_text":"scioli campa\u00f1a","src":"https:\/\/i0.wp.com\/www.24baires.com\/wp-content\/uploads\/2015\/11\/scioli-campa%C3%B1a.jpg?resize=350%2C200","width":350,"height":200,"srcset":"https:\/\/i0.wp.com\/www.24baires.com\/wp-content\/uploads\/2015\/11\/scioli-campa%C3%B1a.jpg?resize=350%2C200 1x, https:\/\/i0.wp.com\/www.24baires.com\/wp-content\/uploads\/2015\/11\/scioli-campa%C3%B1a.jpg?resize=525%2C300 1.5x"},"classes":[]},{"id":90222,"url":"http:\/\/www.24baires.com\/?p=90222","url_meta":{"origin":75948,"position":4},"title":"A UN A\u00d1O: FALSAS PROMESAS Y LAMENTOS.","author":"GB","date":"24\/11\/2016","format":false,"excerpt":"Ha pasado un a\u00f1o. El 22 de noviembre del a\u00f1o pasado, el pueblo argentino en un re\u00f1ido ballotage dio por ganador a Mauricio Macri. Semanas m\u00e1s tarde fue su asunci\u00f3n. Estamos a poco de que cumplan un a\u00f1o de gobierno. Recordamos sus promesas, los dichos de campa\u00f1a y la imagen\u2026","rel":"","context":"En \u00abOpini\u00f3n\u00bb","block_context":{"text":"Opini\u00f3n","link":"http:\/\/www.24baires.com\/?cat=64"},"img":{"alt_text":"macri conferencia","src":"https:\/\/i0.wp.com\/www.24baires.com\/wp-content\/uploads\/2016\/05\/macri-conferencia.jpg?resize=350%2C200","width":350,"height":200,"srcset":"https:\/\/i0.wp.com\/www.24baires.com\/wp-content\/uploads\/2016\/05\/macri-conferencia.jpg?resize=350%2C200 1x, https:\/\/i0.wp.com\/www.24baires.com\/wp-content\/uploads\/2016\/05\/macri-conferencia.jpg?resize=525%2C300 1.5x"},"classes":[]},{"id":75214,"url":"http:\/\/www.24baires.com\/?p=75214","url_meta":{"origin":75948,"position":5},"title":"Scioli prometi\u00f3 que si gana \u201cno aumentar\u00e1 el gas, la electricidad ni el transporte\u201d","author":"AF","date":"18\/11\/2015","format":false,"excerpt":"El candidato a presidente por el Frente para la Victoria (FpV) afirm\u00f3 que va a \u201cmantener los subsidios\u201d y cuestion\u00f3 a Mauricio Macri, que \u201cacomoda su discurso\u201d para \u201cagradar a la gente\u201d, cuando en realidad lo que busca es \u201cdevaluar, ajustar y quitar subsidios\u201d. \u201cVoy a mantener los subsidios, y\u2026","rel":"","context":"En \u00abElecciones 2015\u00bb","block_context":{"text":"Elecciones 2015","link":"http:\/\/www.24baires.com\/?cat=74"},"img":{"alt_text":"scioli rabolini","src":"https:\/\/i0.wp.com\/www.24baires.com\/wp-content\/uploads\/2015\/10\/scioli-rabolini.jpg?resize=350%2C200","width":350,"height":200,"srcset":"https:\/\/i0.wp.com\/www.24baires.com\/wp-content\/uploads\/2015\/10\/scioli-rabolini.jpg?resize=350%2C200 1x, https:\/\/i0.wp.com\/www.24baires.com\/wp-content\/uploads\/2015\/10\/scioli-rabolini.jpg?resize=525%2C300 1.5x"},"classes":[]}],"jetpack_sharing_enabled":true,"jetpack_likes_enabled":true,"jetpack_featured_media_url":"","_links":{"self":[{"href":"http:\/\/www.24baires.com\/index.php?rest_route=\/wp\/v2\/posts\/75948","targetHints":{"allow":["GET"]}}],"collection":[{"href":"http:\/\/www.24baires.com\/index.php?rest_route=\/wp\/v2\/posts"}],"about":[{"href":"http:\/\/www.24baires.com\/index.php?rest_route=\/wp\/v2\/types\/post"}],"author":[{"embeddable":true,"href":"http:\/\/www.24baires.com\/index.php?rest_route=\/wp\/v2\/users\/8"}],"replies":[{"embeddable":true,"href":"http:\/\/www.24baires.com\/index.php?rest_route=%2Fwp%2Fv2%2Fcomments&post=75948"}],"version-history":[{"count":1,"href":"http:\/\/www.24baires.com\/index.php?rest_route=\/wp\/v2\/posts\/75948\/revisions"}],"predecessor-version":[{"id":75949,"href":"http:\/\/www.24baires.com\/index.php?rest_route=\/wp\/v2\/posts\/75948\/revisions\/75949"}],"wp:attachment":[{"href":"http:\/\/www.24baires.com\/index.php?rest_route=%2Fwp%2Fv2%2Fmedia&parent=75948"}],"wp:term":[{"taxonomy":"category","embeddable":true,"href":"http:\/\/www.24baires.com\/index.php?rest_route=%2Fwp%2Fv2%2Fcategories&post=75948"},{"taxonomy":"post_tag","embeddable":true,"href":"http:\/\/www.24baires.com\/index.php?rest_route=%2Fwp%2Fv2%2Ftags&post=75948"}],"curies":[{"name":"wp","href":"https:\/\/api.w.org\/{rel}","templated":true}]}}