{"id":75930,"date":"2015-12-03T11:00:41","date_gmt":"2015-12-03T14:00:41","guid":{"rendered":"http:\/\/www.24baires.com\/?p=75930"},"modified":"2015-12-03T10:02:03","modified_gmt":"2015-12-03T13:02:03","slug":"juran-los-senadores-elegidos-en-octubre","status":"publish","type":"post","link":"http:\/\/www.24baires.com\/?p=75930","title":{"rendered":"Juran los senadores elegidos en octubre"},"content":{"rendered":"<p>La sesi\u00f3n especial se llevar\u00e1 a cabo en el recinto de la C\u00e1mara alta. Adem\u00e1s, teniendo en cuenta las sesiones extraordinarias previstas para despu\u00e9s del 10 de diciembre, se elegir\u00e1n hoy las autoridades que estar\u00e1n a cargo del Senado durante el pr\u00f3ximo periodo legislativo.<!--more--><\/p>\n<p>Los legisladores que integrar\u00e1n el Senado a partir del jueves 10 de diciembre y que fueron elegidos durante las elecciones generales de octubre prestar\u00e1n juramento hoy, durante la sesi\u00f3n especial que se llevar\u00e1 a cabo en el recinto. En la misma ceremonia se elegir\u00e1n a las autoridades de la C\u00e1mara, pese a que el Reglamento establece que esa decisi\u00f3n debe tomarse a fines de febrero, antes de que empiecen las sesiones ordinarias.<br \/>\nEsta decisi\u00f3n est\u00e1 relacionada con que el futuro presidente Mauricio Macri tiene previsto convocar a sesiones extraordinarias desde el 10 de diciembre. Por eso los representantes de los bloques decidieron adelantar aquella definici\u00f3n. El actual diputado Federico Pinedo, quien asumir\u00e1 en la c\u00e1mara alta para reemplazar al porte\u00f1o Diego Santilli que se desempe\u00f1ar\u00e1 como vicejefe de Gobierno porte\u00f1o, ser\u00e1 proclamado presidente Provisional del Senado, para asegurar la l\u00ednea sucesoria detr\u00e1s de la vicepresidenta Gabriela Michetti y antes, de quien ser\u00e1 presidente de la C\u00e1mara de Diputados, Emilio Monz\u00f3.<br \/>\nLos bloques tambi\u00e9n llegaron a un acuerdo para que la Vicepresidencia del Senado le corresponda al santiague\u00f1o Gerardo Zamora, actualmente Presidente Provisional; mientras que las otras dos Vicepresidencias ser\u00e1n entregadas al interbloque peronista federal y a la centroizquierda. Por otro lado, tambi\u00e9n hoy se definir\u00e1 qui\u00e9n ser\u00e1 el secretario Parlamentario del Senado que negociar\u00e1n los integrantes de la alianza Cambiemos: radicalismo y PRO.<br \/>\nLa Prosecretar\u00eda Parlamentaria, en tanto, quedar\u00e1 en manos del actual senador kirchnerista por Chubut, Marcelo Guinle; mientras que la Secretar\u00eda Administrativa ser\u00e1 manejada por el ex legislador de PRO, Helio Rebot; y la Prosecretar\u00eda Administrativa, por el fueguino Mario Daniele. Por otro lado, tambi\u00e9n ser\u00e1 confirmado al frente de bloque del Frente para la Victoria Miguel Angel Pichetto; mientras que Angel Rozas ser\u00e1 ungido como l\u00edder de la bancada radical.<br \/>\nLa ceremonia de jura de los nuevos mandatos se llevar\u00e1 a cabo desde las 11 y ser\u00e1 encabezada por el presidente del Senado y vicepresidente de la Naci\u00f3n, Amado Boudou. La semana pasada el pleno de la C\u00e1mara aprob\u00f3 la validez de los diplomas de los 24 representantes elegidos, en este turno, por las provincias de Catamarca, Mendoza, Santa Fe, Tucum\u00e1n, Corrientes, Chubut, C\u00f3rdoba y La Pampa.<br \/>\nHoy jurar\u00e1n los catamarque\u00f1os In\u00e9s Blas y Dalmacio Mera, por el FPV y el radical Oscar Castillo; los chubutenses Nancy Gonz\u00e1lez y Juan Mario Pais, por el FpV y el peronista disidente Alfredo Gonz\u00e1lez Luengo; y los radicales mendocinos Julio Cobos y Pamela Verasay, junto con Anabel Fern\u00e1ndez Sagasti, del FpV. Por Santa Fe, prestar\u00e1n juramento los kirchneristas Marilin Sacnum y Omar Perotti y el peronista disidente Carlos Reutemann, mientras que por Tucum\u00e1n, Jos\u00e9 Alperovich y Beatriz Mirkin (FpV) y la radical Silvia El\u00edas de P\u00e9rez.<br \/>\nTambi\u00e9n jurar\u00e1n los correntinos Carlos Esp\u00ednola y Ana Almir\u00f3n, por el kirchnerismo y el representante de Encuentro por Corrientes Pedro Braillard Poccard, y los cordobeses Laura Rodr\u00edguez Machado y Heriberto Mart\u00ednez (Cambiemos) y Carlos Caserio (PJ disidente). Adem\u00e1s, ser\u00e1n de la partida los pampeanos Daniel Lovera y Norma Durango (peronismo no kirchnerista) y Juan Carlos Marino, radical. Asimismo, prestar\u00e1 juramento el representante del PRO, Federico Pinedo, quien deja su banca de diputado para remplazar a Santilli.<\/p>\n","protected":false},"excerpt":{"rendered":"<p>La sesi\u00f3n especial se llevar\u00e1 a cabo en el recinto de la C\u00e1mara alta. Adem\u00e1s, teniendo en cuenta las sesiones extraordinarias previstas para despu\u00e9s del 10 de diciembre, se elegir\u00e1n hoy las autoridades que estar\u00e1n a cargo del Senado durante el pr\u00f3ximo periodo legislativo.<\/p>\n","protected":false},"author":4,"featured_media":0,"comment_status":"open","ping_status":"open","sticky":false,"template":"","format":"standard","meta":{"_jetpack_newsletter_access":"","_jetpack_dont_email_post_to_subs":false,"_jetpack_newsletter_tier_id":0,"_jetpack_memberships_contains_paywalled_content":false,"_jetpack_memberships_contains_paid_content":false,"footnotes":""},"categories":[51],"tags":[],"class_list":["post-75930","post","type-post","status-publish","format-standard","hentry","category-politica"],"jetpack_shortlink":"https:\/\/wp.me\/p2JWE0-jKG","jetpack-related-posts":[{"id":120891,"url":"http:\/\/www.24baires.com\/?p=120891","url_meta":{"origin":75930,"position":0},"title":"El Gobierno prorrog\u00f3 las sesiones extraordinarias hasta febrero","author":"GB","date":"22\/01\/2024","format":false,"excerpt":"El gobierno de Javier Milei prorrog\u00f3 el per\u00edodo de sesiones extraordinarias del Congreso hasta febrero para tener tiempo suficiente para que ambas C\u00e1maras aprueben la Ley \u00d3mnibus. El Gobierno de Javier Milei prorrog\u00f3 las sesiones extraordinarias del Congreso hasta el 15 de febrero, en momentos en que el oficialismo de\u2026","rel":"","context":"En \u00abPol\u00edtica\u00bb","block_context":{"text":"Pol\u00edtica","link":"http:\/\/www.24baires.com\/?cat=51"},"img":{"alt_text":"","src":"https:\/\/i0.wp.com\/www.24baires.com\/wp-content\/uploads\/2023\/11\/milei.webp?resize=350%2C200","width":350,"height":200,"srcset":"https:\/\/i0.wp.com\/www.24baires.com\/wp-content\/uploads\/2023\/11\/milei.webp?resize=350%2C200 1x, https:\/\/i0.wp.com\/www.24baires.com\/wp-content\/uploads\/2023\/11\/milei.webp?resize=525%2C300 1.5x, https:\/\/i0.wp.com\/www.24baires.com\/wp-content\/uploads\/2023\/11\/milei.webp?resize=700%2C400 2x"},"classes":[]},{"id":36542,"url":"http:\/\/www.24baires.com\/?p=36542","url_meta":{"origin":75930,"position":1},"title":"Los ediles electos en Echeverr\u00eda y Brown asumir\u00e1n hoy sus bancadas","author":"Grupo Sierra","date":"10\/12\/2013","format":false,"excerpt":"En Echeverr\u00eda, la sesi\u00f3n preparatoria est\u00e1 convocada para las 10 y juraran siete concejales electos del massismo y cinco del oficialismo. En Brown, el encuentro est\u00e1 previsto para las 18 y prestar\u00e1n juramento ocho ediles electos del massismo y cuatro del kirchnerismo. En ambos distritos, se elegir\u00e1 a las autoridades\u2026","rel":"","context":"En \u00abLocales\u00bb","block_context":{"text":"Locales","link":"http:\/\/www.24baires.com\/?cat=38"},"img":{"alt_text":"","src":"","width":0,"height":0},"classes":[]},{"id":113519,"url":"http:\/\/www.24baires.com\/?p=113519","url_meta":{"origin":75930,"position":2},"title":"Tras la media sanci\u00f3n, el senado debate este viernes la Ley de Solidaridad Social","author":"GB","date":"20\/12\/2019","format":false,"excerpt":"Tras la media sanci\u00f3n de Diputados y con Cristina al frente del cuerpo, la C\u00e1mara alta trata hoy la emergencia econ\u00f3mica impulsada por el Gobierno. El Senado, en su primera sesi\u00f3n con Cristina Kirchner al frente del cuerpo, debatir\u00e1 a partir de las 14 el proyecto de Ley de Solidaridad\u2026","rel":"","context":"En \u00abPol\u00edtica\u00bb","block_context":{"text":"Pol\u00edtica","link":"http:\/\/www.24baires.com\/?cat=51"},"img":{"alt_text":"","src":"https:\/\/i0.wp.com\/www.24baires.com\/wp-content\/uploads\/2018\/08\/senado.jpg?resize=350%2C200","width":350,"height":200,"srcset":"https:\/\/i0.wp.com\/www.24baires.com\/wp-content\/uploads\/2018\/08\/senado.jpg?resize=350%2C200 1x, https:\/\/i0.wp.com\/www.24baires.com\/wp-content\/uploads\/2018\/08\/senado.jpg?resize=525%2C300 1.5x"},"classes":[]},{"id":114997,"url":"http:\/\/www.24baires.com\/?p=114997","url_meta":{"origin":75930,"position":3},"title":"Senadores y Diputados nacionales sesionar\u00e1n virtualmente por primera","author":"GB","date":"13\/05\/2020","format":false,"excerpt":"La C\u00e1mara Alta, presidida por Cristina Fern\u00e1ndez de Kirchner, debatir\u00e1 desde las 14 y la Baja, conducida por Sergio Massa, lo har\u00e1 a las 18. Tanto la C\u00e1mara de Senadores como la de Diputados nacionales llevar\u00e1n a cabo sus primeras sesiones a distancia a trav\u00e9s de una plataforma digital. De\u2026","rel":"","context":"En \u00abPol\u00edtica\u00bb","block_context":{"text":"Pol\u00edtica","link":"http:\/\/www.24baires.com\/?cat=51"},"img":{"alt_text":"","src":"https:\/\/i0.wp.com\/www.24baires.com\/wp-content\/uploads\/2020\/05\/diputados-virtual.jpg?resize=350%2C200","width":350,"height":200,"srcset":"https:\/\/i0.wp.com\/www.24baires.com\/wp-content\/uploads\/2020\/05\/diputados-virtual.jpg?resize=350%2C200 1x, https:\/\/i0.wp.com\/www.24baires.com\/wp-content\/uploads\/2020\/05\/diputados-virtual.jpg?resize=525%2C300 1.5x"},"classes":[]},{"id":113713,"url":"http:\/\/www.24baires.com\/?p=113713","url_meta":{"origin":75930,"position":4},"title":"La Legislatura sesiona por la Ley Impositiva","author":"GB","date":"08\/01\/2020","format":false,"excerpt":"En Cambiemos contestaron los reproches de Bianco y, a horas de bajar al recinto, las conversaciones para llegar a acuerdos continuaban. A horas de que termine el martes, el jefe de Gabinete Carlos Bianco le recrimin\u00f3 a Juntos por el Cambio la falta de un interlocutor v\u00e1lido y el legislador\u2026","rel":"","context":"En \u00abLocales\u00bb","block_context":{"text":"Locales","link":"http:\/\/www.24baires.com\/?cat=38"},"img":{"alt_text":"","src":"https:\/\/i0.wp.com\/www.24baires.com\/wp-content\/uploads\/2019\/12\/diputados-bonaerenses.jpg?resize=350%2C200","width":350,"height":200,"srcset":"https:\/\/i0.wp.com\/www.24baires.com\/wp-content\/uploads\/2019\/12\/diputados-bonaerenses.jpg?resize=350%2C200 1x, https:\/\/i0.wp.com\/www.24baires.com\/wp-content\/uploads\/2019\/12\/diputados-bonaerenses.jpg?resize=525%2C300 1.5x"},"classes":[]},{"id":115010,"url":"http:\/\/www.24baires.com\/?p=115010","url_meta":{"origin":75930,"position":5},"title":"Virtualmente, el Senado aprob\u00f3 los 20 DNU dictados durante la pandemia","author":"AF","date":"13\/05\/2020","format":false,"excerpt":"M\u00e1s temprano, la C\u00e1mara alta hab\u00eda aprobado por unanimidad la modalidad de sesi\u00f3n remota mientras se prolongue la emergencia sanitaria. En el recinto estuvieron la vicepresidenta Cristina Kirchner y las autoridades del cuerpo. Luego de que el Registro Nacional de las personas concluyera con la identificaci\u00f3n de los senadores, la\u2026","rel":"","context":"En \u00abLocales\u00bb","block_context":{"text":"Locales","link":"http:\/\/www.24baires.com\/?cat=38"},"img":{"alt_text":"","src":"https:\/\/i0.wp.com\/www.24baires.com\/wp-content\/uploads\/2020\/05\/senado-online.jpeg?resize=350%2C200","width":350,"height":200,"srcset":"https:\/\/i0.wp.com\/www.24baires.com\/wp-content\/uploads\/2020\/05\/senado-online.jpeg?resize=350%2C200 1x, https:\/\/i0.wp.com\/www.24baires.com\/wp-content\/uploads\/2020\/05\/senado-online.jpeg?resize=525%2C300 1.5x"},"classes":[]}],"jetpack_sharing_enabled":true,"jetpack_likes_enabled":true,"jetpack_featured_media_url":"","_links":{"self":[{"href":"http:\/\/www.24baires.com\/index.php?rest_route=\/wp\/v2\/posts\/75930","targetHints":{"allow":["GET"]}}],"collection":[{"href":"http:\/\/www.24baires.com\/index.php?rest_route=\/wp\/v2\/posts"}],"about":[{"href":"http:\/\/www.24baires.com\/index.php?rest_route=\/wp\/v2\/types\/post"}],"author":[{"embeddable":true,"href":"http:\/\/www.24baires.com\/index.php?rest_route=\/wp\/v2\/users\/4"}],"replies":[{"embeddable":true,"href":"http:\/\/www.24baires.com\/index.php?rest_route=%2Fwp%2Fv2%2Fcomments&post=75930"}],"version-history":[{"count":1,"href":"http:\/\/www.24baires.com\/index.php?rest_route=\/wp\/v2\/posts\/75930\/revisions"}],"predecessor-version":[{"id":75931,"href":"http:\/\/www.24baires.com\/index.php?rest_route=\/wp\/v2\/posts\/75930\/revisions\/75931"}],"wp:attachment":[{"href":"http:\/\/www.24baires.com\/index.php?rest_route=%2Fwp%2Fv2%2Fmedia&parent=75930"}],"wp:term":[{"taxonomy":"category","embeddable":true,"href":"http:\/\/www.24baires.com\/index.php?rest_route=%2Fwp%2Fv2%2Fcategories&post=75930"},{"taxonomy":"post_tag","embeddable":true,"href":"http:\/\/www.24baires.com\/index.php?rest_route=%2Fwp%2Fv2%2Ftags&post=75930"}],"curies":[{"name":"wp","href":"https:\/\/api.w.org\/{rel}","templated":true}]}}