{"id":75928,"date":"2015-12-03T12:00:18","date_gmt":"2015-12-03T15:00:18","guid":{"rendered":"http:\/\/www.24baires.com\/?p=75928"},"modified":"2015-12-03T09:58:22","modified_gmt":"2015-12-03T12:58:22","slug":"confirman-que-la-ceremonia-de-traspaso-sera-en-el-congreso","status":"publish","type":"post","link":"http:\/\/www.24baires.com\/?p=75928","title":{"rendered":"Confirman que la ceremonia de traspaso ser\u00e1 en el Congreso"},"content":{"rendered":"<p>El jefe de Gabinete, An\u00edbal Fern\u00e1ndez, confirm\u00f3 este jueves que \u00abya se cursaron las invitaciones\u00bb para el acto de traspaso del mando, que se realizar\u00e1 el pr\u00f3ximo 10 de diciembre al mediod\u00eda en el Congreso y volvi\u00f3 a rechazar que la ceremonia pueda tener lugar en la Casa Rosada.<!--more--><\/p>\n<p>\u00abYa se cursaron las invitaciones y va a ser en el Congreso de la Naci\u00f3n como dice la Constituci\u00f3n\u00bb, enfatiz\u00f3 Fern\u00e1ndez, quien rechaz\u00f3 que exista otro tipo de \u00abprotocolo\u00bb para ese acto.<\/p>\n<p>En declaraciones formuladas en la Casa de Gobierno, el funcionario indic\u00f3: \u00abNo hay ning\u00fan (otro) protocolo y si lo hubiera, no puede ser el protocolo m\u00e1s importante que la Constituci\u00f3n de la Naci\u00f3n; ya se han mandado las invitaciones y estamos trabajando en ese sentido\u00bb.<\/p>\n<p>Fern\u00e1ndez descart\u00f3 as\u00ed una vez m\u00e1s la posibilidad de que la presidenta Cristina Kirchner entregue los atributos de mando al presidente electo, Mauricio Macri, en la Casa Rosada.<\/p>\n<p>Adem\u00e1s, cuestion\u00f3 que desde el macrismo se siga \u00abinsistiendo sobre ese tema de jurar en el Congreso, tener que hablar, venirse hasta ac\u00e1 (la Casa Rosada) para perder dos minutos en entregar los atributos del mando\u00bb e insisti\u00f3 en que \u00abla Constituci\u00f3n\u00bb plantea, seg\u00fan dijo, que \u00abse resuelva todo en el mismo lugar\u00bb.<\/p>\n","protected":false},"excerpt":{"rendered":"<p>El jefe de Gabinete, An\u00edbal Fern\u00e1ndez, confirm\u00f3 este jueves que \u00abya se cursaron las invitaciones\u00bb para el acto de traspaso del mando, que se realizar\u00e1 el pr\u00f3ximo 10 de diciembre al mediod\u00eda en el Congreso y volvi\u00f3 a rechazar que la ceremonia pueda tener lugar en la Casa Rosada.<\/p>\n","protected":false},"author":4,"featured_media":0,"comment_status":"open","ping_status":"open","sticky":false,"template":"","format":"standard","meta":{"_jetpack_newsletter_access":"","_jetpack_dont_email_post_to_subs":false,"_jetpack_newsletter_tier_id":0,"_jetpack_memberships_contains_paywalled_content":false,"_jetpack_memberships_contains_paid_content":false,"footnotes":""},"categories":[51],"tags":[],"class_list":["post-75928","post","type-post","status-publish","format-standard","hentry","category-politica"],"jetpack_shortlink":"https:\/\/wp.me\/p2JWE0-jKE","jetpack-related-posts":[{"id":113318,"url":"http:\/\/www.24baires.com\/?p=113318","url_meta":{"origin":75928,"position":0},"title":"Alberto y Cristina asumen el mando del pa\u00eds con un festival en Plaza de Mayo","author":"GB","date":"10\/12\/2019","format":false,"excerpt":"Ambos prestar\u00e1n juramento en la Asamblea Legislativa en la que el presidente saliente entregar\u00e1 el poder. Este jueves 10 de diciembre quedar\u00e1 en la historia tras el regreso del peronismo al poder luego de cuatro a\u00f1os de gobierno de Mauricio Macri. El presidente electo, Alberto Fern\u00e1ndez, asumir\u00e1 junto a la\u2026","rel":"","context":"En \u00abPol\u00edtica\u00bb","block_context":{"text":"Pol\u00edtica","link":"http:\/\/www.24baires.com\/?cat=51"},"img":{"alt_text":"","src":"https:\/\/i0.wp.com\/www.24baires.com\/wp-content\/uploads\/2019\/11\/cfk-alberto.jpg?resize=350%2C200","width":350,"height":200,"srcset":"https:\/\/i0.wp.com\/www.24baires.com\/wp-content\/uploads\/2019\/11\/cfk-alberto.jpg?resize=350%2C200 1x, https:\/\/i0.wp.com\/www.24baires.com\/wp-content\/uploads\/2019\/11\/cfk-alberto.jpg?resize=525%2C300 1.5x"},"classes":[]},{"id":76116,"url":"http:\/\/www.24baires.com\/?p=76116","url_meta":{"origin":75928,"position":1},"title":"\u00abEl traspaso de mando ser\u00e1 en el Congreso como corresponde\u00bb, dijo Macri","author":"GB","date":"08\/12\/2015","format":false,"excerpt":"As\u00ed lo hab\u00eda asegurado el presidente electo el 24 de noviembre luego de su reuni\u00f3n con la actual mandataria Cristina Kirchner. \"Me alegr\u00f3 que ella haya ratificado que estaba muy bien predispuesta a hacer la ceremonia como corresponde\". Lejos de la pol\u00e9mica de los \u00faltimos d\u00edas sobre el lugar donde\u2026","rel":"","context":"En \u00abPol\u00edtica\u00bb","block_context":{"text":"Pol\u00edtica","link":"http:\/\/www.24baires.com\/?cat=51"},"img":{"alt_text":"Cristina.Macri","src":"https:\/\/i0.wp.com\/www.24baires.com\/wp-content\/uploads\/2013\/09\/Cristina.Macri_.jpg?resize=350%2C200","width":350,"height":200,"srcset":"https:\/\/i0.wp.com\/www.24baires.com\/wp-content\/uploads\/2013\/09\/Cristina.Macri_.jpg?resize=350%2C200 1x, https:\/\/i0.wp.com\/www.24baires.com\/wp-content\/uploads\/2013\/09\/Cristina.Macri_.jpg?resize=525%2C300 1.5x"},"classes":[]},{"id":75915,"url":"http:\/\/www.24baires.com\/?p=75915","url_meta":{"origin":75928,"position":2},"title":"\u00abLa Constituci\u00f3n establece que el presidente electo debe asumir en el Congreso\u00bb","author":"GB","date":"02\/12\/2015","format":false,"excerpt":"El abogado constitucionalista Eduardo Barcesat asegur\u00f3 que \"la Constituci\u00f3n establece que el juramento del presidente electo debe prestarse en presencia de la Asamblea Legislativa\", que es donde \"est\u00e1n los representes del pueblo\". Adem\u00e1s explic\u00f3 que sea en ese recinto es un \"s\u00edmbolo de que la voluntad del pueblo est\u00e1 representada\u2026","rel":"","context":"En \u00abPol\u00edtica\u00bb","block_context":{"text":"Pol\u00edtica","link":"http:\/\/www.24baires.com\/?cat=51"},"img":{"alt_text":"","src":"","width":0,"height":0},"classes":[]},{"id":118633,"url":"http:\/\/www.24baires.com\/?p=118633","url_meta":{"origin":75928,"position":3},"title":"Para Alberto Fern\u00e1ndez, la llegada de Boric genera \u00abexpectativa para toda Am\u00e9rica Latina\u201d","author":"AF","date":"11\/03\/2022","format":false,"excerpt":"El Presidente particip\u00f3 del traspaso de mando de Sebasti\u00e1n Pi\u00f1era al presidente electo de ese pa\u00eds, Gabriel Boric Font. \u201cTenemos una mirada com\u00fan sobre muchos problemas y pensamos parecido\u201d, se\u00f1al\u00f3 al llegar. El presidente Alberto Fern\u00e1ndez particip\u00f3 en el Congreso Nacional de Chile, en la ciudad de Valpara\u00edso, de la\u2026","rel":"","context":"En \u00abPol\u00edtica\u00bb","block_context":{"text":"Pol\u00edtica","link":"http:\/\/www.24baires.com\/?cat=51"},"img":{"alt_text":"","src":"https:\/\/i0.wp.com\/www.24baires.com\/wp-content\/uploads\/2020\/05\/alberto-despacho.jpg?resize=350%2C200","width":350,"height":200,"srcset":"https:\/\/i0.wp.com\/www.24baires.com\/wp-content\/uploads\/2020\/05\/alberto-despacho.jpg?resize=350%2C200 1x, https:\/\/i0.wp.com\/www.24baires.com\/wp-content\/uploads\/2020\/05\/alberto-despacho.jpg?resize=525%2C300 1.5x"},"classes":[]},{"id":76101,"url":"http:\/\/www.24baires.com\/?p=76101","url_meta":{"origin":75928,"position":4},"title":"Zaffaroni insisti\u00f3 en la necesidad de que Gils Carb\u00f3 se mantenga en su cargo","author":"GB","date":"08\/12\/2015","format":false,"excerpt":"El ex juez de la Corte Suprema dijo que es para \"impedir la suma del poder p\u00fablico\". Adem\u00e1s, evalu\u00f3 que si un grupo minoritario de jueces se \"sesga\" peligra la legitimidad de la Justicia. Ra\u00fal Zaffaroni insisti\u00f3 hoy en la necesidad de que la Procuradora General de la Naci\u00f3n, Alejandra\u2026","rel":"","context":"En \u00abPol\u00edtica\u00bb","block_context":{"text":"Pol\u00edtica","link":"http:\/\/www.24baires.com\/?cat=51"},"img":{"alt_text":"zaffaroni2","src":"https:\/\/i0.wp.com\/www.24baires.com\/wp-content\/uploads\/2012\/11\/zaffaroni21.jpg?resize=350%2C200","width":350,"height":200,"srcset":"https:\/\/i0.wp.com\/www.24baires.com\/wp-content\/uploads\/2012\/11\/zaffaroni21.jpg?resize=350%2C200 1x, https:\/\/i0.wp.com\/www.24baires.com\/wp-content\/uploads\/2012\/11\/zaffaroni21.jpg?resize=525%2C300 1.5x"},"classes":[]},{"id":115122,"url":"http:\/\/www.24baires.com\/?p=115122","url_meta":{"origin":75928,"position":5},"title":"Mar del Plata: tras la aprobaci\u00f3n de provincia, locales minoristas podr\u00edan reabrir esta semana","author":"GB","date":"25\/05\/2020","format":false,"excerpt":"El protocolo ser\u00e1 elevado este lunes a Naci\u00f3n, que tendr\u00e1 la \u00faltima palabra. Mientras tanto, el intendente Guillermo Montenegro habl\u00f3 durante el fin de semana con el presidente Alberto Fern\u00e1ndez El Municipio y la Provincia avanzan con la reapertura de comercios minoristas de bienes no esenciales en Mar del Plata.\u2026","rel":"","context":"En \u00abMunicipios\u00bb","block_context":{"text":"Municipios","link":"http:\/\/www.24baires.com\/?cat=44"},"img":{"alt_text":"","src":"https:\/\/i0.wp.com\/www.24baires.com\/wp-content\/uploads\/2020\/05\/montenegro-comerciantes.jpeg?resize=350%2C200","width":350,"height":200,"srcset":"https:\/\/i0.wp.com\/www.24baires.com\/wp-content\/uploads\/2020\/05\/montenegro-comerciantes.jpeg?resize=350%2C200 1x, https:\/\/i0.wp.com\/www.24baires.com\/wp-content\/uploads\/2020\/05\/montenegro-comerciantes.jpeg?resize=525%2C300 1.5x"},"classes":[]}],"jetpack_sharing_enabled":true,"jetpack_likes_enabled":true,"jetpack_featured_media_url":"","_links":{"self":[{"href":"http:\/\/www.24baires.com\/index.php?rest_route=\/wp\/v2\/posts\/75928","targetHints":{"allow":["GET"]}}],"collection":[{"href":"http:\/\/www.24baires.com\/index.php?rest_route=\/wp\/v2\/posts"}],"about":[{"href":"http:\/\/www.24baires.com\/index.php?rest_route=\/wp\/v2\/types\/post"}],"author":[{"embeddable":true,"href":"http:\/\/www.24baires.com\/index.php?rest_route=\/wp\/v2\/users\/4"}],"replies":[{"embeddable":true,"href":"http:\/\/www.24baires.com\/index.php?rest_route=%2Fwp%2Fv2%2Fcomments&post=75928"}],"version-history":[{"count":1,"href":"http:\/\/www.24baires.com\/index.php?rest_route=\/wp\/v2\/posts\/75928\/revisions"}],"predecessor-version":[{"id":75929,"href":"http:\/\/www.24baires.com\/index.php?rest_route=\/wp\/v2\/posts\/75928\/revisions\/75929"}],"wp:attachment":[{"href":"http:\/\/www.24baires.com\/index.php?rest_route=%2Fwp%2Fv2%2Fmedia&parent=75928"}],"wp:term":[{"taxonomy":"category","embeddable":true,"href":"http:\/\/www.24baires.com\/index.php?rest_route=%2Fwp%2Fv2%2Fcategories&post=75928"},{"taxonomy":"post_tag","embeddable":true,"href":"http:\/\/www.24baires.com\/index.php?rest_route=%2Fwp%2Fv2%2Ftags&post=75928"}],"curies":[{"name":"wp","href":"https:\/\/api.w.org\/{rel}","templated":true}]}}