{"id":75922,"date":"2015-12-03T10:30:39","date_gmt":"2015-12-03T13:30:39","guid":{"rendered":"http:\/\/www.24baires.com\/?p=75922"},"modified":"2015-12-04T10:40:23","modified_gmt":"2015-12-04T13:40:23","slug":"anibal-asegura-que-cristina-se-retira-por-una-puerta-muy-grande","status":"publish","type":"post","link":"http:\/\/www.24baires.com\/?p=75922","title":{"rendered":"An\u00edbal asegura que Cristina \u00abse retira por una puerta muy grande\u00bb"},"content":{"rendered":"<p><img data-recalc-dims=\"1\" loading=\"lazy\" decoding=\"async\" class=\"aligncenter size-full wp-image-70083\" src=\"https:\/\/i0.wp.com\/www.24baires.com\/wp-content\/uploads\/2015\/08\/an%C3%ADbal-cierre.jpg?resize=560%2C370\" alt=\"an\u00edbal cierre\" width=\"560\" height=\"370\" srcset=\"https:\/\/i0.wp.com\/www.24baires.com\/wp-content\/uploads\/2015\/08\/an%C3%ADbal-cierre.jpg?w=560 560w, https:\/\/i0.wp.com\/www.24baires.com\/wp-content\/uploads\/2015\/08\/an%C3%ADbal-cierre.jpg?resize=300%2C198 300w\" sizes=\"auto, (max-width: 560px) 100vw, 560px\" \/>El jefe de Gabinete sali\u00f3 al cruce del presidente electo por haber dicho que Cristina \u00abno quiere colaborar\u00bb con la transici\u00f3n y \u00aben vez de salir por la puerta grande, sale por la puerta chica\u00bb.<!--more--><\/p>\n<p>As\u00ed lo manifest\u00f3 el funcionario nacional en su habitual contacto matutino con la prensa en la Casa Rosada, al ser consultado sobre las expresiones vertidas ayer por Macri durante la presentaci\u00f3n de los miembros de su gabinete en el Jard\u00edn Bot\u00e1nico del barrio porte\u00f1o de Palermo.<\/p>\n<p>En respuesta a la acusaci\u00f3n del presidente electo, An\u00edbal Fern\u00e1ndez asever\u00f3 que Cristina \u201cse retira por una puerta muy grande por la tarea que se llev\u00f3 a cabo desde el 25 de mayo de 2003, cuando el pa\u00eds estaba prendido fuego y hab\u00eda que tomar decisiones trascendentales\u201d.<\/p>\n<p>En ese marco, el ministro coordinador subray\u00f3 que la jefa de Estado saliente \u201cha estado siempre presente en las decisiones que ha tenido que tomar\u00bb y si bien se\u00f1al\u00f3 que \u00abalgunas satisfacen y otras no\u00bb, las mismas \u00absignificaron un beneficio directo para el hombre com\u00fan y de a pie\u201d.<\/p>\n<p>Fern\u00e1ndez record\u00f3 entre esas medidas \u201cla reducci\u00f3n de la deuda, discutir palmo a palmo cada una de las posiciones, como asegurarse la presencia en el mundo, fortalecer el mercado dom\u00e9stico, subir el 80% el nivel de producci\u00f3n y transporte de energ\u00eda para que nuestras empresas y los hogares puedan contar con ello, el fortalecimiento del mercado dom\u00e9stico\u201d.<\/p>\n<p>Sobre las cr\u00edticas de Macri por la decisi\u00f3n del actual gobierno de acatar el fallo de la Corte Suprema y reintegrarle el 15% que reten\u00eda de los fondos cooparticipables a todas las provincias y no solo a tres, subray\u00f3 que \u201clas decisiones (del tribunal) pueden gustar o no, pero se acatan\u201d.<\/p>\n","protected":false},"excerpt":{"rendered":"<p>El jefe de Gabinete sali\u00f3 al cruce del presidente electo por haber dicho que Cristina \u00abno quiere colaborar\u00bb con la transici\u00f3n y \u00aben vez de salir por la puerta grande, sale por la puerta chica\u00bb.<\/p>\n","protected":false},"author":4,"featured_media":0,"comment_status":"open","ping_status":"open","sticky":false,"template":"","format":"standard","meta":{"_jetpack_newsletter_access":"","_jetpack_dont_email_post_to_subs":false,"_jetpack_newsletter_tier_id":0,"_jetpack_memberships_contains_paywalled_content":false,"_jetpack_memberships_contains_paid_content":false,"footnotes":""},"categories":[51],"tags":[],"class_list":["post-75922","post","type-post","status-publish","format-standard","hentry","category-politica"],"jetpack_shortlink":"https:\/\/wp.me\/p2JWE0-jKy","jetpack-related-posts":[{"id":118006,"url":"http:\/\/www.24baires.com\/?p=118006","url_meta":{"origin":75922,"position":0},"title":"Recambio de ministros: Manzur, Jefe de Gabinete y An\u00edbal Fern\u00e1ndez a Seguridad","author":"GB","date":"18\/09\/2021","format":false,"excerpt":"Wado De Pedro seguir\u00e1 en su lugar, pero se ir\u00e1n Felipe Sol\u00e1, Roberto Salvarezza y Sabina Frederic. Juan Manzur reemplaza a Cafiero que ser\u00e1 Canciller El gobierno nacional confirm\u00f3 los cambios en el gabinete de ministros y prepara un relanzamiento de la gesti\u00f3n a partir del pr\u00f3ximo lunes, con el\u2026","rel":"","context":"En \u00abPol\u00edtica\u00bb","block_context":{"text":"Pol\u00edtica","link":"http:\/\/www.24baires.com\/?cat=51"},"img":{"alt_text":"","src":"https:\/\/i0.wp.com\/www.24baires.com\/wp-content\/uploads\/2021\/09\/Zxa4bz6uJ_1256x620__1-1024x505.jpg?resize=350%2C200","width":350,"height":200,"srcset":"https:\/\/i0.wp.com\/www.24baires.com\/wp-content\/uploads\/2021\/09\/Zxa4bz6uJ_1256x620__1-1024x505.jpg?resize=350%2C200 1x, https:\/\/i0.wp.com\/www.24baires.com\/wp-content\/uploads\/2021\/09\/Zxa4bz6uJ_1256x620__1-1024x505.jpg?resize=525%2C300 1.5x"},"classes":[]},{"id":75698,"url":"http:\/\/www.24baires.com\/?p=75698","url_meta":{"origin":75922,"position":1},"title":"An\u00edbal Fern\u00e1ndez y Marcos Pe\u00f1a tuvieron un primer encuentro \u201cmuy positivo\u201d","author":"GB","date":"27\/11\/2015","format":false,"excerpt":"El jefe de Gabinete de Mauricio Macri se reuni\u00f3 esta ma\u00f1ana con su antecesor en Casa de Gobierno de cara al 10 de diciembre. \u201cFue una muy buena charla para trabajar en la transici\u00f3n que viene\u201d, asegur\u00f3. Los jefes de Gabinete saliente y entrante, An\u00edbal Fern\u00e1ndez y Marcos Pe\u00f1a, respectivamente,\u2026","rel":"","context":"En \u00abPol\u00edtica\u00bb","block_context":{"text":"Pol\u00edtica","link":"http:\/\/www.24baires.com\/?cat=51"},"img":{"alt_text":"pe\u00f1a","src":"https:\/\/i0.wp.com\/www.24baires.com\/wp-content\/uploads\/2015\/11\/pe%C3%B1a.jpg?resize=350%2C200","width":350,"height":200,"srcset":"https:\/\/i0.wp.com\/www.24baires.com\/wp-content\/uploads\/2015\/11\/pe%C3%B1a.jpg?resize=350%2C200 1x, https:\/\/i0.wp.com\/www.24baires.com\/wp-content\/uploads\/2015\/11\/pe%C3%B1a.jpg?resize=525%2C300 1.5x"},"classes":[]},{"id":119294,"url":"http:\/\/www.24baires.com\/?p=119294","url_meta":{"origin":75922,"position":2},"title":"El gobierno discute el esquema de seguridad de los ministros","author":"AF","date":"05\/09\/2022","format":false,"excerpt":"El titular de la AFI hizo el planteo en la reuni\u00f3n del gabinete del viernes pasado, horas despu\u00e9s del atentado. Casa Militar -que tiene a cargo la seguridad del Presidente- sali\u00f3 a bajarle el tono a las alarmas: \"Nadie est\u00e1 pensando variaciones del protocolo m\u00e1s all\u00e1 de lo obvio\", dijeron.\u2026","rel":"","context":"En \u00abPol\u00edtica\u00bb","block_context":{"text":"Pol\u00edtica","link":"http:\/\/www.24baires.com\/?cat=51"},"img":{"alt_text":"","src":"https:\/\/i0.wp.com\/www.24baires.com\/wp-content\/uploads\/2022\/09\/fernandez-ministros.jpg?resize=350%2C200","width":350,"height":200,"srcset":"https:\/\/i0.wp.com\/www.24baires.com\/wp-content\/uploads\/2022\/09\/fernandez-ministros.jpg?resize=350%2C200 1x, https:\/\/i0.wp.com\/www.24baires.com\/wp-content\/uploads\/2022\/09\/fernandez-ministros.jpg?resize=525%2C300 1.5x, https:\/\/i0.wp.com\/www.24baires.com\/wp-content\/uploads\/2022\/09\/fernandez-ministros.jpg?resize=700%2C400 2x"},"classes":[]},{"id":75580,"url":"http:\/\/www.24baires.com\/?p=75580","url_meta":{"origin":75922,"position":3},"title":"An\u00edbal Fern\u00e1ndez dijo que Macri hizo un \u201cshowcete televisivo\u201d","author":"AF","date":"25\/11\/2015","format":false,"excerpt":"El jefe de Gabinete, An\u00edbal Fern\u00e1ndez, sostuvo hoy que el presidente electo no tuvo \"discreci\u00f3n, ni vocaci\u00f3n\" de lograr una transici\u00f3n ordenada al reunirse ayer en la quinta de Olivos con la mandataria Cristina Fern\u00e1ndez de Kirchner. \"Este se\u00f1or no conoce nada de la cosa publica nacional y la Presidenta\u2026","rel":"","context":"En \u00abPol\u00edtica\u00bb","block_context":{"text":"Pol\u00edtica","link":"http:\/\/www.24baires.com\/?cat=51"},"img":{"alt_text":"an\u00edbal fern\u00e1ndezz","src":"https:\/\/i0.wp.com\/www.24baires.com\/wp-content\/uploads\/2015\/11\/an%C3%ADbal-fern%C3%A1ndezz.jpg?resize=350%2C200","width":350,"height":200,"srcset":"https:\/\/i0.wp.com\/www.24baires.com\/wp-content\/uploads\/2015\/11\/an%C3%ADbal-fern%C3%A1ndezz.jpg?resize=350%2C200 1x, https:\/\/i0.wp.com\/www.24baires.com\/wp-content\/uploads\/2015\/11\/an%C3%ADbal-fern%C3%A1ndezz.jpg?resize=525%2C300 1.5x"},"classes":[]},{"id":75469,"url":"http:\/\/www.24baires.com\/?p=75469","url_meta":{"origin":75922,"position":4},"title":"\u00abSer\u00e1 la primera vez que un gobierno entrega a otro un pa\u00eds sin conflictos\u201d","author":"AF","date":"23\/11\/2015","format":false,"excerpt":"El jefe de Gabinete subray\u00f3 que este gobierno entrega un pa\u00eds distinto\". A su vez, minimiz\u00f3 la diferencia que obtuvo el presidente electo, Mauricio Macri, sobre Daniel Scioli, en el balotaje celebrado ayer. \u201cSiempre vamos a estar al pie del ca\u00f1\u00f3n, defendiendo los derechos de los otros y prepar\u00e1ndonos para\u2026","rel":"","context":"En \u00abPol\u00edtica\u00bb","block_context":{"text":"Pol\u00edtica","link":"http:\/\/www.24baires.com\/?cat=51"},"img":{"alt_text":"","src":"https:\/\/i0.wp.com\/www.24baires.com\/wp-content\/uploads\/2015\/11\/an%C3%ADbal-fern%C3%A1ndezz.jpg?resize=350%2C200","width":350,"height":200,"srcset":"https:\/\/i0.wp.com\/www.24baires.com\/wp-content\/uploads\/2015\/11\/an%C3%ADbal-fern%C3%A1ndezz.jpg?resize=350%2C200 1x, https:\/\/i0.wp.com\/www.24baires.com\/wp-content\/uploads\/2015\/11\/an%C3%ADbal-fern%C3%A1ndezz.jpg?resize=525%2C300 1.5x"},"classes":[]},{"id":113184,"url":"http:\/\/www.24baires.com\/?p=113184","url_meta":{"origin":75922,"position":5},"title":"Kicillof ya defini\u00f3 parte de su gabinete","author":"AF","date":"28\/11\/2019","format":false,"excerpt":"Mientras define a sus colaboradores, el gobernador electo analiza postergar su asunci\u00f3n para el 11 de diciembre, para que no se superponga con el traspaso del mando presidencial. El gobernador electo de la provincia de Buenos Aires, Axel Kicillof, le da los \u00faltimos toques a su plan de gobierno y\u2026","rel":"","context":"En \u00abPol\u00edtica\u00bb","block_context":{"text":"Pol\u00edtica","link":"http:\/\/www.24baires.com\/?cat=51"},"img":{"alt_text":"","src":"https:\/\/i0.wp.com\/www.24baires.com\/wp-content\/uploads\/2019\/11\/kicillof.jpg?resize=350%2C200","width":350,"height":200,"srcset":"https:\/\/i0.wp.com\/www.24baires.com\/wp-content\/uploads\/2019\/11\/kicillof.jpg?resize=350%2C200 1x, https:\/\/i0.wp.com\/www.24baires.com\/wp-content\/uploads\/2019\/11\/kicillof.jpg?resize=525%2C300 1.5x"},"classes":[]}],"jetpack_sharing_enabled":true,"jetpack_likes_enabled":true,"jetpack_featured_media_url":"","_links":{"self":[{"href":"http:\/\/www.24baires.com\/index.php?rest_route=\/wp\/v2\/posts\/75922","targetHints":{"allow":["GET"]}}],"collection":[{"href":"http:\/\/www.24baires.com\/index.php?rest_route=\/wp\/v2\/posts"}],"about":[{"href":"http:\/\/www.24baires.com\/index.php?rest_route=\/wp\/v2\/types\/post"}],"author":[{"embeddable":true,"href":"http:\/\/www.24baires.com\/index.php?rest_route=\/wp\/v2\/users\/4"}],"replies":[{"embeddable":true,"href":"http:\/\/www.24baires.com\/index.php?rest_route=%2Fwp%2Fv2%2Fcomments&post=75922"}],"version-history":[{"count":1,"href":"http:\/\/www.24baires.com\/index.php?rest_route=\/wp\/v2\/posts\/75922\/revisions"}],"predecessor-version":[{"id":75923,"href":"http:\/\/www.24baires.com\/index.php?rest_route=\/wp\/v2\/posts\/75922\/revisions\/75923"}],"wp:attachment":[{"href":"http:\/\/www.24baires.com\/index.php?rest_route=%2Fwp%2Fv2%2Fmedia&parent=75922"}],"wp:term":[{"taxonomy":"category","embeddable":true,"href":"http:\/\/www.24baires.com\/index.php?rest_route=%2Fwp%2Fv2%2Fcategories&post=75922"},{"taxonomy":"post_tag","embeddable":true,"href":"http:\/\/www.24baires.com\/index.php?rest_route=%2Fwp%2Fv2%2Ftags&post=75922"}],"curies":[{"name":"wp","href":"https:\/\/api.w.org\/{rel}","templated":true}]}}