{"id":75915,"date":"2015-12-02T20:45:27","date_gmt":"2015-12-02T23:45:27","guid":{"rendered":"http:\/\/www.24baires.com\/?p=75915"},"modified":"2015-12-02T20:45:27","modified_gmt":"2015-12-02T23:45:27","slug":"la-constitucion-establece-que-el-presidente-electo-debe-asumir-en-el-congreso","status":"publish","type":"post","link":"http:\/\/www.24baires.com\/?p=75915","title":{"rendered":"\u00abLa Constituci\u00f3n establece que el presidente electo debe asumir en el Congreso\u00bb"},"content":{"rendered":"<p>El abogado constitucionalista Eduardo Barcesat asegur\u00f3 que \u00abla Constituci\u00f3n establece que el juramento del presidente electo debe prestarse en presencia de la Asamblea Legislativa\u00bb, que es donde \u00abest\u00e1n los representes del pueblo\u00bb.<!--more--><\/p>\n<p>Adem\u00e1s explic\u00f3 que sea en ese recinto es un \u00abs\u00edmbolo de que la voluntad del pueblo est\u00e1 representada en su Congreso\u00bb. \u00abEsto tiene su significaci\u00f3n y su val\u00eda constitucional, el resto son las sospechas y temores\u00bb, sentenci\u00f3.<\/p>\n<p>En di\u00e1logo con Radio Nacional narr\u00f3 los pasos de la ceremonia: \u00abHay que constituir la Asamblea Legislativa con sus nuevos integrantes que deben prestar juramento, luego le toca hacerlo al presidente de la Naci\u00f3n, a continuaci\u00f3n el presidente saliente hace entrega de la banda. Luego el presidente electo se traslada a la Casa de Gobierno donde deben prestar juramento los ministros\u00bb.<\/p>\n<p>El letrado explic\u00f3 que el hecho de que el traspaso de mando y el juramento sea ante la Asamblea Legislativa tiene un \u00absignificado\u00bb, en tanto est\u00e1 se\u00f1alando que \u00abel presidente de la Naci\u00f3n debe rendir cuenta de su gesti\u00f3n ante la Asamblea Legislativa y esto es institucionalmente importante\u00bb.<\/p>\n<p>Asimismo, sostuvo que no es casual \u00abla forma en la que est\u00e1n regulados y se nombran los tres poderes de gobierno; que primero sea el Legislativo, luego el Ejecutivo y por \u00faltimo el Judicial\u00bb.<\/p>\n<p>Por otro lado, consider\u00f3 que el PRO \u00abquiz\u00e1s tiene temor de que haya alguna exaltaci\u00f3n hacia la figura de Cristina y alguna silbatina, pero eso no lo dice la Constituci\u00f3n\u00bb, advirti\u00f3.<\/p>\n<p>\u00abEstos temores lo \u00fanico que indican es la propia conciencia de baja estima de quien va a asumir, de que no va a tener el calor y la receptividad que han tenido otros presidentes populares\u00bb, sostuvo.<\/p>\n<p>Por \u00faltimo, explic\u00f3 que pueden tomarse ciertos recaudos que no contradigan la Constituci\u00f3n como \u00abdecidir si la ceremonia se hace en el Congreso a puertas cerradas, aunque en general propician que sea con la presencia del p\u00fablico\u00bb.<\/p>\n","protected":false},"excerpt":{"rendered":"<p>El abogado constitucionalista Eduardo Barcesat asegur\u00f3 que \u00abla Constituci\u00f3n establece que el juramento del presidente electo debe prestarse en presencia de la Asamblea Legislativa\u00bb, que es donde \u00abest\u00e1n los representes del pueblo\u00bb.<\/p>\n","protected":false},"author":8,"featured_media":0,"comment_status":"open","ping_status":"open","sticky":false,"template":"","format":"standard","meta":{"_jetpack_newsletter_access":"","_jetpack_dont_email_post_to_subs":false,"_jetpack_newsletter_tier_id":0,"_jetpack_memberships_contains_paywalled_content":false,"_jetpack_memberships_contains_paid_content":false,"footnotes":""},"categories":[51],"tags":[],"class_list":["post-75915","post","type-post","status-publish","format-standard","hentry","category-politica"],"jetpack_shortlink":"https:\/\/wp.me\/p2JWE0-jKr","jetpack-related-posts":[{"id":113318,"url":"http:\/\/www.24baires.com\/?p=113318","url_meta":{"origin":75915,"position":0},"title":"Alberto y Cristina asumen el mando del pa\u00eds con un festival en Plaza de Mayo","author":"GB","date":"10\/12\/2019","format":false,"excerpt":"Ambos prestar\u00e1n juramento en la Asamblea Legislativa en la que el presidente saliente entregar\u00e1 el poder. Este jueves 10 de diciembre quedar\u00e1 en la historia tras el regreso del peronismo al poder luego de cuatro a\u00f1os de gobierno de Mauricio Macri. El presidente electo, Alberto Fern\u00e1ndez, asumir\u00e1 junto a la\u2026","rel":"","context":"En \u00abPol\u00edtica\u00bb","block_context":{"text":"Pol\u00edtica","link":"http:\/\/www.24baires.com\/?cat=51"},"img":{"alt_text":"","src":"https:\/\/i0.wp.com\/www.24baires.com\/wp-content\/uploads\/2019\/11\/cfk-alberto.jpg?resize=350%2C200","width":350,"height":200,"srcset":"https:\/\/i0.wp.com\/www.24baires.com\/wp-content\/uploads\/2019\/11\/cfk-alberto.jpg?resize=350%2C200 1x, https:\/\/i0.wp.com\/www.24baires.com\/wp-content\/uploads\/2019\/11\/cfk-alberto.jpg?resize=525%2C300 1.5x"},"classes":[]},{"id":119635,"url":"http:\/\/www.24baires.com\/?p=119635","url_meta":{"origin":75915,"position":1},"title":"La Corte orden\u00f3 que se le tome juramento a los diputados designados para Magistratura","author":"AF","date":"15\/12\/2022","format":false,"excerpt":"Los diputados a los que se orden\u00f3 tomar juramento son Rodolfo Tailhade y Vanesa Siley, del Frente de Todos; Alvaro Gonz\u00e1lez, del PRO, y Roxana Reyes, de la UCR. La Corte Suprema de Justicia de la Naci\u00f3n orden\u00f3 hoy que se tome juramento a los cuatro diputados nacionales designados para\u2026","rel":"","context":"En \u00abJUDICIALES\u00bb","block_context":{"text":"JUDICIALES","link":"http:\/\/www.24baires.com\/?cat=68"},"img":{"alt_text":"","src":"https:\/\/i0.wp.com\/www.24baires.com\/wp-content\/uploads\/2022\/12\/xxx.jpeg?resize=350%2C200","width":350,"height":200,"srcset":"https:\/\/i0.wp.com\/www.24baires.com\/wp-content\/uploads\/2022\/12\/xxx.jpeg?resize=350%2C200 1x, https:\/\/i0.wp.com\/www.24baires.com\/wp-content\/uploads\/2022\/12\/xxx.jpeg?resize=525%2C300 1.5x, https:\/\/i0.wp.com\/www.24baires.com\/wp-content\/uploads\/2022\/12\/xxx.jpeg?resize=700%2C400 2x"},"classes":[]},{"id":76075,"url":"http:\/\/www.24baires.com\/?p=76075","url_meta":{"origin":75915,"position":2},"title":"El mandato de Cristina \u00abtermina a las 24 del 10 de diciembre\u00bb","author":"GB","date":"07\/12\/2015","format":false,"excerpt":"El escribano general de Gobierno emiti\u00f3 un dictamen en el que aclara que el mandato de la Presidenta termina \"a las 24 del 10 de diciembre\", y que Macri, \"asume su cargo al prestar juramento ante el Congreso reunido en asamblea\". \"El mandato de la actual presidenta de la Naci\u00f3n,\u2026","rel":"","context":"En \u00abPol\u00edtica\u00bb","block_context":{"text":"Pol\u00edtica","link":"http:\/\/www.24baires.com\/?cat=51"},"img":{"alt_text":"cristina cadena","src":"https:\/\/i0.wp.com\/www.24baires.com\/wp-content\/uploads\/2015\/08\/cristina-cadena.jpg?resize=350%2C200","width":350,"height":200,"srcset":"https:\/\/i0.wp.com\/www.24baires.com\/wp-content\/uploads\/2015\/08\/cristina-cadena.jpg?resize=350%2C200 1x, https:\/\/i0.wp.com\/www.24baires.com\/wp-content\/uploads\/2015\/08\/cristina-cadena.jpg?resize=525%2C300 1.5x"},"classes":[]},{"id":120726,"url":"http:\/\/www.24baires.com\/?p=120726","url_meta":{"origin":75915,"position":3},"title":"Cristina se despidi\u00f3 de los trabajadores del Senado","author":"AF","date":"05\/12\/2023","format":false,"excerpt":"El encuentro de la Vicepresidenta con trabajadores del Senado de la Naci\u00f3n se realiz\u00f3 este martes en el edificio anexo de la C\u00e1mara alta. Este jueves Cristina Kirchner tomar\u00e1 juramento a los senadores electos y el pr\u00f3ximo domingo abrir\u00e1 la Asamblea Legislativa para la asunci\u00f3n del nuevo gobierno. La vicepresidenta\u2026","rel":"","context":"En \u00abPol\u00edtica\u00bb","block_context":{"text":"Pol\u00edtica","link":"http:\/\/www.24baires.com\/?cat=51"},"img":{"alt_text":"","src":"https:\/\/i0.wp.com\/www.24baires.com\/wp-content\/uploads\/2023\/12\/cfk.jpg?resize=350%2C200","width":350,"height":200,"srcset":"https:\/\/i0.wp.com\/www.24baires.com\/wp-content\/uploads\/2023\/12\/cfk.jpg?resize=350%2C200 1x, https:\/\/i0.wp.com\/www.24baires.com\/wp-content\/uploads\/2023\/12\/cfk.jpg?resize=525%2C300 1.5x, https:\/\/i0.wp.com\/www.24baires.com\/wp-content\/uploads\/2023\/12\/cfk.jpg?resize=700%2C400 2x, https:\/\/i0.wp.com\/www.24baires.com\/wp-content\/uploads\/2023\/12\/cfk.jpg?resize=1050%2C600 3x"},"classes":[]},{"id":116642,"url":"http:\/\/www.24baires.com\/?p=116642","url_meta":{"origin":75915,"position":4},"title":"Alberto Fern\u00e1ndez particip\u00f3 de la asunci\u00f3n de Luis Arce como presidente de Bolivia","author":"GB","date":"09\/11\/2020","format":false,"excerpt":"El mandatario argentino resalt\u00f3 que el pa\u00eds vecinos \"recupera la democracia que nunca debi\u00f3 perder\". Luis Arce Catacora asumi\u00f3 este domingo al mediod\u00eda como presidente constitucional de Bolivia al prestar juramento ante la Asamblea Legislativa Plurinacional con un discurso de tono conciliador y sin aludir a su mentor pol\u00edtico, el\u2026","rel":"","context":"En \u00abPol\u00edtica\u00bb","block_context":{"text":"Pol\u00edtica","link":"http:\/\/www.24baires.com\/?cat=51"},"img":{"alt_text":"","src":"https:\/\/i0.wp.com\/www.24baires.com\/wp-content\/uploads\/2020\/11\/20201109062815_5fa8543e5f480-1004x565.jpg?resize=350%2C200","width":350,"height":200,"srcset":"https:\/\/i0.wp.com\/www.24baires.com\/wp-content\/uploads\/2020\/11\/20201109062815_5fa8543e5f480-1004x565.jpg?resize=350%2C200 1x, https:\/\/i0.wp.com\/www.24baires.com\/wp-content\/uploads\/2020\/11\/20201109062815_5fa8543e5f480-1004x565.jpg?resize=525%2C300 1.5x"},"classes":[]},{"id":113264,"url":"http:\/\/www.24baires.com\/?p=113264","url_meta":{"origin":75915,"position":5},"title":"Juraron los 35 diputados de la provincia que ingresan al Congreso","author":"GB","date":"05\/12\/2019","format":false,"excerpt":"Los legisladores que representar\u00e1n a los bonaerenses asumieron formalmente en sus bancas y se reagruparon en bloques Los 130 diputados que resultaron electos en todo el pa\u00eds tomaron juramento y los 35 que corresponden a la provincia de Buenos Aires hicieron dedicatorias especiales a la hora de asumir su banca.\u2026","rel":"","context":"En \u00abProvincia\u00bb","block_context":{"text":"Provincia","link":"http:\/\/www.24baires.com\/?cat=40"},"img":{"alt_text":"","src":"https:\/\/i0.wp.com\/www.24baires.com\/wp-content\/uploads\/2019\/12\/diputados-asumiento.jpg?resize=350%2C200","width":350,"height":200,"srcset":"https:\/\/i0.wp.com\/www.24baires.com\/wp-content\/uploads\/2019\/12\/diputados-asumiento.jpg?resize=350%2C200 1x, https:\/\/i0.wp.com\/www.24baires.com\/wp-content\/uploads\/2019\/12\/diputados-asumiento.jpg?resize=525%2C300 1.5x"},"classes":[]}],"jetpack_sharing_enabled":true,"jetpack_likes_enabled":true,"jetpack_featured_media_url":"","_links":{"self":[{"href":"http:\/\/www.24baires.com\/index.php?rest_route=\/wp\/v2\/posts\/75915","targetHints":{"allow":["GET"]}}],"collection":[{"href":"http:\/\/www.24baires.com\/index.php?rest_route=\/wp\/v2\/posts"}],"about":[{"href":"http:\/\/www.24baires.com\/index.php?rest_route=\/wp\/v2\/types\/post"}],"author":[{"embeddable":true,"href":"http:\/\/www.24baires.com\/index.php?rest_route=\/wp\/v2\/users\/8"}],"replies":[{"embeddable":true,"href":"http:\/\/www.24baires.com\/index.php?rest_route=%2Fwp%2Fv2%2Fcomments&post=75915"}],"version-history":[{"count":1,"href":"http:\/\/www.24baires.com\/index.php?rest_route=\/wp\/v2\/posts\/75915\/revisions"}],"predecessor-version":[{"id":75916,"href":"http:\/\/www.24baires.com\/index.php?rest_route=\/wp\/v2\/posts\/75915\/revisions\/75916"}],"wp:attachment":[{"href":"http:\/\/www.24baires.com\/index.php?rest_route=%2Fwp%2Fv2%2Fmedia&parent=75915"}],"wp:term":[{"taxonomy":"category","embeddable":true,"href":"http:\/\/www.24baires.com\/index.php?rest_route=%2Fwp%2Fv2%2Fcategories&post=75915"},{"taxonomy":"post_tag","embeddable":true,"href":"http:\/\/www.24baires.com\/index.php?rest_route=%2Fwp%2Fv2%2Ftags&post=75915"}],"curies":[{"name":"wp","href":"https:\/\/api.w.org\/{rel}","templated":true}]}}