{"id":75911,"date":"2015-12-02T20:04:24","date_gmt":"2015-12-02T23:04:24","guid":{"rendered":"http:\/\/www.24baires.com\/?p=75911"},"modified":"2015-12-03T09:48:37","modified_gmt":"2015-12-03T12:48:37","slug":"decidimos-transformar-dolor-en-alegria","status":"publish","type":"post","link":"http:\/\/www.24baires.com\/?p=75911","title":{"rendered":"\u00abDecidimos transformar dolor en alegr\u00eda\u00bb"},"content":{"rendered":"<p><img data-recalc-dims=\"1\" loading=\"lazy\" decoding=\"async\" class=\"aligncenter wp-image-75912\" src=\"https:\/\/i0.wp.com\/www.24baires.com\/wp-content\/uploads\/2015\/12\/cristina-esma-estella.jpg?resize=560%2C373\" alt=\"cristina esma estella\" width=\"560\" height=\"373\" srcset=\"https:\/\/i0.wp.com\/www.24baires.com\/wp-content\/uploads\/2015\/12\/cristina-esma-estella.jpg?w=380 380w, https:\/\/i0.wp.com\/www.24baires.com\/wp-content\/uploads\/2015\/12\/cristina-esma-estella.jpg?resize=300%2C200 300w\" sizes=\"auto, (max-width: 560px) 100vw, 560px\" \/>La presidenta habl\u00f3 en el acto que dio cierre a la inauguraci\u00f3n de las obras de preservaci\u00f3n, puesta en valor y refuncionalizaci\u00f3n de seis edificios del Espacio Memoria y Derechos Humanos, donde funcionar\u00e1n diversas instituciones de defensa de los derechos humanos.<!--more--><\/p>\n<p>La presidenta Cristina Fern\u00e1ndez de Kirchner afirm\u00f3 que \u201clos argentinos avanzamos al futuro porque decidimos transformar el dolor en alegr\u00eda\u201d, al inaugurar obras en seis edificios en el Espacio de la Memoria que funciona en el predio de la ex Esma.<\/p>\n<p>\u201cHace 11 a\u00f1os llegamos a este lugar y decidimos transformarlo. Cambiamos el dolor por alegr\u00eda y por eso, hoy los argentinos avanzamos hacia futuro y no nos quedemos detenidos\u201d, se\u00f1al\u00f3.<\/p>\n<p>Cristina destac\u00f3 que \u00aben 2003 (cuando N\u00e9stor Kirchner asumi\u00f3 la presidencia de la Naci\u00f3n) los derechos humanos nos estaban en la agenda\u00bb, al brindar un discurso en el Espacio para la Memoria que funciona en el predio de la Ex Esma.<\/p>\n<p>\u00abLos derechos humanos no estaban en agenda, no surg\u00edan de ning\u00fan focus group. Pero nosotros tenemos una lectura de la realidad y convicciones para transfrorala\u00bb, enfatiz\u00f3 la mandataria.<\/p>\n<p>Asegur\u00f3 que la restituci\u00f3n de la identidad a los 119 nietos recuperados es \u00abla exacta demostraci\u00f3n de que la memoria no es solamente hacer justicia con el pasado, sino mirar hacia el futuro para recuperar todo lo que nos arrebataron\u00bb.<\/p>\n<p>\u00abLa memoria est\u00e1 en cada Abuela de Plaza de Mayo, en cada madre, en cada familiar e hijo y en cada uno de los 119 nietos recuperados\u00bb, destac\u00f3.<\/p>\n<p>La Presidenta afirm\u00f3 que \u00abdentro de poco tiempo muchos argentinos se van a dar cuenta de que a ellos tambi\u00e9n el Estado les pagaba subsidios\u00bb y responsabiliz\u00f3 a ese \u00abformidable plan de comunicaci\u00f3n que no es solo en Argentina, es regional\u00bb por ocultar los aportes estatales indirectos v\u00eda subsidios a la poblaci\u00f3n, al inaugurar obras de preservaci\u00f3n en la ex Esma.<\/p>\n<p>Por otro lado, la mandataria valor\u00f3 el trabajo de los cooperativistas del programa Argentina Trabaja, a los que \u00abdespectivamente llaman planeros o choripaneros\u00bb al tiempo que resalt\u00f3 la labor de las mujeres, que hoy forman parte del programa que lleva adelante el Ministerio de Desarrollo Social, y que antes \u00abno ten\u00edan ocupaci\u00f3n, porque tampoco ten\u00edan capacitaci\u00f3n\u00bb.<\/p>\n<p>Antes. Cristina recorrri\u00f3 el espacio de memoria acompa\u00f1ada por el secretario de Derechos Humanos, Mart\u00edn Fresneda, y nietos recuperados, a la vez que convers\u00f3 con el m\u00fasico Miguel Angel Estrella.<\/p>\n<p>Se trata de los edificios Compa\u00f1eros Presentes de Familiares de Desaparecidos y Detenidos por Razones Pol\u00edticas (ex Pabell\u00f3n Bravo); la Casa Nuestros Hijos, la Vida y la Esperanza, de Madres de Plaza de Mayo &#8211; L\u00ednea Fundadora (ex Pabell\u00f3n Alfa); la sede del Consejo Federal de Derechos Humanos (ex dep\u00f3sito de equipos); la sede del Instituto de Pol\u00edticas P\u00fablicas de Derechos Humanos del Mercosur \u2013IPPDH- (ex Casa de Suboficiales); el Polo Productivo (ex Taller de Automotores), y la sede de la Secretar\u00eda de Derechos Humanos de la Naci\u00f3n (ex Pabell\u00f3n de Alimentaci\u00f3n y Casino de Oficiales).<\/p>\n<p>Los cinco primeros fueron puestos en valor a trav\u00e9s del Programa Ingreso Social con Trabajo en los Espacios de Memoria, a trav\u00e9s de un convenio firmado entre el ministerio de Desarrollo Social de la Naci\u00f3n, la secretar\u00eda de Derechos Humanos y la facultad de Arquitectura, Dise\u00f1o y Urbanismo de la UBA, en el que mil cooperativistas recibieron capacitaci\u00f3n y trabajaron en las obras de recuperaci\u00f3n, puesta en valor y refuncionalizaci\u00f3n de 32 edificios, entre los que se encuentran a\u00fan en obra la Casa de la Militancia de H.I.J.O.S. (ex pabell\u00f3n Delta) y los edificios donde funcionaran la Pileta, el Lavadero, la Guardia y el Casino de Aspirantes.<\/p>\n<p>Luego del recorrido, el directorio de Organismos representantes de Derechos Humanos del Espacio para la Memoria que funciona en el predio de la Ex ESMA entreg\u00f3 el premio \u00abHacedores de Memoria\u00bb a la presidenta Cristina Fern\u00e1ndez de Kirchner.<\/p>\n","protected":false},"excerpt":{"rendered":"<p>La presidenta habl\u00f3 en el acto que dio cierre a la inauguraci\u00f3n de las obras de preservaci\u00f3n, puesta en valor y refuncionalizaci\u00f3n de seis edificios del Espacio Memoria y Derechos Humanos, donde funcionar\u00e1n diversas instituciones de defensa de los derechos humanos.<\/p>\n","protected":false},"author":8,"featured_media":0,"comment_status":"open","ping_status":"open","sticky":false,"template":"","format":"standard","meta":{"_jetpack_newsletter_access":"","_jetpack_dont_email_post_to_subs":false,"_jetpack_newsletter_tier_id":0,"_jetpack_memberships_contains_paywalled_content":false,"_jetpack_memberships_contains_paid_content":false,"footnotes":""},"categories":[51],"tags":[],"class_list":["post-75911","post","type-post","status-publish","format-standard","hentry","category-politica"],"jetpack_shortlink":"https:\/\/wp.me\/p2JWE0-jKn","jetpack-related-posts":[{"id":123140,"url":"http:\/\/www.24baires.com\/?p=123140","url_meta":{"origin":75911,"position":0},"title":"Dirigentes de diferentes espacios despidieron a Taty Almeida","author":"GB","date":"16\/06\/2026","format":false,"excerpt":"Las manifestaciones de dolor, reconocimiento de su lucha y acompa\u00f1amiento a la familia fueron transversales casi todo el arco pol\u00edtico La muerte de Taty Almeida, hist\u00f3rica referente de Madres de Plaza de Mayo L\u00ednea Fundadora, gener\u00f3 este domingo una ola de mensajes de despedida que atraves\u00f3 distintos espacios pol\u00edticos y\u2026","rel":"","context":"En \u00abMemoria\u00bb","block_context":{"text":"Memoria","link":"http:\/\/www.24baires.com\/?cat=50"},"img":{"alt_text":"","src":"https:\/\/i0.wp.com\/www.24baires.com\/wp-content\/uploads\/2026\/06\/taty-kici.webp?resize=350%2C200","width":350,"height":200,"srcset":"https:\/\/i0.wp.com\/www.24baires.com\/wp-content\/uploads\/2026\/06\/taty-kici.webp?resize=350%2C200 1x, https:\/\/i0.wp.com\/www.24baires.com\/wp-content\/uploads\/2026\/06\/taty-kici.webp?resize=525%2C300 1.5x, https:\/\/i0.wp.com\/www.24baires.com\/wp-content\/uploads\/2026\/06\/taty-kici.webp?resize=700%2C400 2x"},"classes":[]},{"id":75869,"url":"http:\/\/www.24baires.com\/?p=75869","url_meta":{"origin":75911,"position":1},"title":"Cristina encabeza la inauguraci\u00f3n de obras de preservaci\u00f3n en la ex ESMA","author":"AF","date":"02\/12\/2015","format":false,"excerpt":"Cristina Fern\u00e1ndez de Kirchner encabezar\u00e1 esta tarde el acto de inauguraci\u00f3n de las obras de preservaci\u00f3n, puesta en valor y refuncionalizaci\u00f3n de seis edificios del Espacio Memoria y Derechos Humanos, donde funcionar\u00e1n diversas instituciones de defensa de los derechos humanos, entre ellas la sede de la secretar\u00eda de Derechos Humanos\u2026","rel":"","context":"En \u00abGeneral\u00bb","block_context":{"text":"General","link":"http:\/\/www.24baires.com\/?cat=67"},"img":{"alt_text":"cfk caleta","src":"https:\/\/i0.wp.com\/www.24baires.com\/wp-content\/uploads\/2015\/10\/cfk-caleta.jpg?resize=350%2C200","width":350,"height":200,"srcset":"https:\/\/i0.wp.com\/www.24baires.com\/wp-content\/uploads\/2015\/10\/cfk-caleta.jpg?resize=350%2C200 1x, https:\/\/i0.wp.com\/www.24baires.com\/wp-content\/uploads\/2015\/10\/cfk-caleta.jpg?resize=525%2C300 1.5x"},"classes":[]},{"id":36971,"url":"http:\/\/www.24baires.com\/?p=36971","url_meta":{"origin":75911,"position":2},"title":"La Plata: se\u00f1alizaron una comisar\u00eda que serv\u00eda de centro clandestino de detenci\u00f3n","author":"GB","date":"16\/12\/2013","format":false,"excerpt":"Las secretar\u00edas de Derechos Humanos de la Naci\u00f3n y de la Provincia, a trav\u00e9s de la Red Federal de Sitios de Memoria, se\u00f1alizaron la comisar\u00eda 5ta de La Plata por su funcionamiento como centro clandestino de detenci\u00f3n durante la \u00faltima dictadura c\u00edvico-militar. Del acto, que se desarroll\u00f3 en la comisar\u00eda\u2026","rel":"","context":"En \u00abMemoria\u00bb","block_context":{"text":"Memoria","link":"http:\/\/www.24baires.com\/?cat=50"},"img":{"alt_text":"","src":"","width":0,"height":0},"classes":[]},{"id":42702,"url":"http:\/\/www.24baires.com\/?p=42702","url_meta":{"origin":75911,"position":3},"title":"\u00abLa democracia debe ser defendida con u\u00f1as y dientes\u00bb","author":"GB","date":"24\/03\/2014","format":false,"excerpt":"La presidenta de la Asociaci\u00f3n Abuelas de Plaza de Mayo, Estela de Carlotto, consider\u00f3 que \u201cla democracia debe ser defendida con u\u00f1as y dientes\u201d, durante la ceremonia en la que se inaugur\u00f3 la Casa de la Identidad que gestionar\u00e1 ese organismo de derechos humanos y que funcionar\u00e1 en el predio\u2026","rel":"","context":"En \u00abMemoria\u00bb","block_context":{"text":"Memoria","link":"http:\/\/www.24baires.com\/?cat=50"},"img":{"alt_text":"carloto y alak","src":"https:\/\/i0.wp.com\/www.24baires.com\/wp-content\/uploads\/2014\/03\/carloto-y-alak-300x199.jpg?resize=350%2C200","width":350,"height":200},"classes":[]},{"id":66115,"url":"http:\/\/www.24baires.com\/?p=66115","url_meta":{"origin":75911,"position":4},"title":"Cristina inaugurar\u00e1 el Sitio de Memoria en la ex ESMA","author":"AF","date":"18\/05\/2015","format":false,"excerpt":"La presidenta Cristina Fern\u00e1ndez de Kirchner encabezar\u00e1 ma\u00f1ana al mediod\u00eda el acto de inauguraci\u00f3n del Sitio de Memoria emplazado en el edificio del ex Casino de Oficiales que funciona dentro del Espacio de la Memoria en las instalaciones del ex centro clandestino de detenci\u00f3n de la Escuela de Mec\u00e1nica de\u2026","rel":"","context":"En \u00abMemoria\u00bb","block_context":{"text":"Memoria","link":"http:\/\/www.24baires.com\/?cat=50"},"img":{"alt_text":"","src":"","width":0,"height":0},"classes":[]},{"id":31204,"url":"http:\/\/www.24baires.com\/?p=31204","url_meta":{"origin":75911,"position":5},"title":"Se se\u00f1alizaron en Tandil comisar\u00edas que funcionaron como centros clandestinos de detenci\u00f3n","author":"GB","date":"02\/09\/2013","format":false,"excerpt":"La Secretar\u00eda de Derechos Humanos de la Naci\u00f3n, a trav\u00e9s de la Red Federal de Sitios de Memoria, se\u00f1aliz\u00f3 los ex centros de detenci\u00f3n ilegal que funcionaron en las Comisar\u00edas 1era y 2da de Tandil, antes y durante la \u00faltima dictadura c\u00edvico militar. El acto fue organizado junto a la\u2026","rel":"","context":"En \u00abMemoria\u00bb","block_context":{"text":"Memoria","link":"http:\/\/www.24baires.com\/?cat=50"},"img":{"alt_text":"","src":"","width":0,"height":0},"classes":[]}],"jetpack_sharing_enabled":true,"jetpack_likes_enabled":true,"jetpack_featured_media_url":"","_links":{"self":[{"href":"http:\/\/www.24baires.com\/index.php?rest_route=\/wp\/v2\/posts\/75911","targetHints":{"allow":["GET"]}}],"collection":[{"href":"http:\/\/www.24baires.com\/index.php?rest_route=\/wp\/v2\/posts"}],"about":[{"href":"http:\/\/www.24baires.com\/index.php?rest_route=\/wp\/v2\/types\/post"}],"author":[{"embeddable":true,"href":"http:\/\/www.24baires.com\/index.php?rest_route=\/wp\/v2\/users\/8"}],"replies":[{"embeddable":true,"href":"http:\/\/www.24baires.com\/index.php?rest_route=%2Fwp%2Fv2%2Fcomments&post=75911"}],"version-history":[{"count":1,"href":"http:\/\/www.24baires.com\/index.php?rest_route=\/wp\/v2\/posts\/75911\/revisions"}],"predecessor-version":[{"id":75913,"href":"http:\/\/www.24baires.com\/index.php?rest_route=\/wp\/v2\/posts\/75911\/revisions\/75913"}],"wp:attachment":[{"href":"http:\/\/www.24baires.com\/index.php?rest_route=%2Fwp%2Fv2%2Fmedia&parent=75911"}],"wp:term":[{"taxonomy":"category","embeddable":true,"href":"http:\/\/www.24baires.com\/index.php?rest_route=%2Fwp%2Fv2%2Fcategories&post=75911"},{"taxonomy":"post_tag","embeddable":true,"href":"http:\/\/www.24baires.com\/index.php?rest_route=%2Fwp%2Fv2%2Ftags&post=75911"}],"curies":[{"name":"wp","href":"https:\/\/api.w.org\/{rel}","templated":true}]}}