{"id":75908,"date":"2015-12-02T19:28:54","date_gmt":"2015-12-02T22:28:54","guid":{"rendered":"http:\/\/www.24baires.com\/?p=75908"},"modified":"2015-12-02T19:28:54","modified_gmt":"2015-12-02T22:28:54","slug":"vidal-cerca-de-definir-su-gabinete-para-la-provincia","status":"publish","type":"post","link":"http:\/\/www.24baires.com\/?p=75908","title":{"rendered":"Vidal, cerca de definir su gabinete para la Provincia"},"content":{"rendered":"<p><img data-recalc-dims=\"1\" loading=\"lazy\" decoding=\"async\" src=\"https:\/\/i0.wp.com\/www.24baires.com\/wp-content\/uploads\/2014\/05\/vidal2.jpg?resize=560%2C313\" alt=\"vidal\" width=\"560\" height=\"313\" class=\"aligncenter size-full wp-image-45242\" srcset=\"https:\/\/i0.wp.com\/www.24baires.com\/wp-content\/uploads\/2014\/05\/vidal2.jpg?w=560 560w, https:\/\/i0.wp.com\/www.24baires.com\/wp-content\/uploads\/2014\/05\/vidal2.jpg?resize=300%2C167 300w\" sizes=\"auto, (max-width: 560px) 100vw, 560px\" \/>La gobernadora electa bonaerense debe definir qui\u00e9nes estar\u00e1n a cargo de los ministerios de Salud y de Trabajo, en un equipo en el que el \u00fanico radical ser\u00e1 el designado ministro de Producci\u00f3n, Jorge Elustondo.<!--more--><\/p>\n<p>Seg\u00fan confirmaron a T\u00e9lam altas fuentes del vidalismo, la futura gobernadora se reunir\u00e1 entre hoy y ma\u00f1ana con los elegidos para completar los cargos que a\u00fan le faltan definir: tiene previsto \u00abuna mujer para Salud y un hombre especialista en relaciones laborales del sector privado para Trabajo\u00bb.<\/p>\n<p>Adem\u00e1s, Vidal sumar\u00e1 a su mesa chica a Augusto Rodr\u00edguez Larreta, hermano del jefe de Gobierno electo y ex funcionario porte\u00f1o, quien ocupar\u00e1 la vicepresidencia del Banco Provincia (secundando a Juan Curutchet), y que tendr\u00e1 un rol de asesor\u00eda en el entorno de la gobernadora.<\/p>\n<p>Por ahora, el gabinete de Vidal tendr\u00e1 un solo dirigente radical, el ingeniero agr\u00f3nomo oriundo de Pergamino Jorge Elustondo, que asumir\u00e1 al frente de Producci\u00f3n, Ciencia y Tecnolog\u00eda, y que fue propuesto por el vicegobernador, Daniel Salvador.<\/p>\n<p>Adem\u00e1s, el Secretario General de Gobernaci\u00f3n ser\u00e1 uno de los due\u00f1os de la consultora Poliarqu\u00eda, Fabi\u00e1n Perechodknik, ex militante de la Juventud Radical bonaerense y \u00abde extrema confianza\u00bb de Vidal, seg\u00fan dijeron en su entorno.<\/p>\n<p>Tambi\u00e9n T\u00e9lam confirm\u00f3 que el subsecretario de Transporte bonaerense ser\u00e1 el casarense Lisandro Perotti, ex Director de Seguridad Vial de la Ciudad y que tendr\u00e1 la tarea de llevar adelante las promesas de Cambiemos con respecto a llevar el Metrob\u00fas al conurbano bonaerense y mejorar las rutas provinciales.<\/p>\n<p>Desde el vidalismo, en tanto, se\u00f1alaron que \u00abes probable\u00bb que el pr\u00f3ximo viernes la gobernadora electa presente formalmente ante los medios a todos los ministros que la acompa\u00f1ar\u00e1n.<\/p>\n<p>El gabinete tendr\u00e1 la peculiaridad de que no contar\u00e1 m\u00e1s con un jefe y el cargo que hoy ostenta Alberto P\u00e9rez ser\u00e1 disuelto, y las funciones de coordinaci\u00f3n pasar\u00e1n a estar en manos del ministro de Gobierno e hist\u00f3rico mano derecha de Vidal, Federico Salvai, y el ministro de Coordinaci\u00f3n y Control Presupuestario, Roberto Gigante.<\/p>\n","protected":false},"excerpt":{"rendered":"<p>La gobernadora electa bonaerense debe definir qui\u00e9nes estar\u00e1n a cargo de los ministerios de Salud y de Trabajo, en un equipo en el que el \u00fanico radical ser\u00e1 el designado ministro de Producci\u00f3n, Jorge Elustondo.<\/p>\n","protected":false},"author":8,"featured_media":0,"comment_status":"open","ping_status":"open","sticky":false,"template":"","format":"standard","meta":{"_jetpack_newsletter_access":"","_jetpack_dont_email_post_to_subs":false,"_jetpack_newsletter_tier_id":0,"_jetpack_memberships_contains_paywalled_content":false,"_jetpack_memberships_contains_paid_content":false,"footnotes":""},"categories":[51],"tags":[],"class_list":["post-75908","post","type-post","status-publish","format-standard","hentry","category-politica"],"jetpack_shortlink":"https:\/\/wp.me\/p2JWE0-jKk","jetpack-related-posts":[{"id":113184,"url":"http:\/\/www.24baires.com\/?p=113184","url_meta":{"origin":75908,"position":0},"title":"Kicillof ya defini\u00f3 parte de su gabinete","author":"AF","date":"28\/11\/2019","format":false,"excerpt":"Mientras define a sus colaboradores, el gobernador electo analiza postergar su asunci\u00f3n para el 11 de diciembre, para que no se superponga con el traspaso del mando presidencial. El gobernador electo de la provincia de Buenos Aires, Axel Kicillof, le da los \u00faltimos toques a su plan de gobierno y\u2026","rel":"","context":"En \u00abPol\u00edtica\u00bb","block_context":{"text":"Pol\u00edtica","link":"http:\/\/www.24baires.com\/?cat=51"},"img":{"alt_text":"","src":"https:\/\/i0.wp.com\/www.24baires.com\/wp-content\/uploads\/2019\/11\/kicillof.jpg?resize=350%2C200","width":350,"height":200,"srcset":"https:\/\/i0.wp.com\/www.24baires.com\/wp-content\/uploads\/2019\/11\/kicillof.jpg?resize=350%2C200 1x, https:\/\/i0.wp.com\/www.24baires.com\/wp-content\/uploads\/2019\/11\/kicillof.jpg?resize=525%2C300 1.5x"},"classes":[]},{"id":112874,"url":"http:\/\/www.24baires.com\/?p=112874","url_meta":{"origin":75908,"position":1},"title":"Kicillof propone que Vidal le pida \u201cauxilio\u201d financiero a Macri","author":"GB","date":"06\/11\/2019","format":false,"excerpt":"La propuesta surgi\u00f3 tras el encuentro de Federico Salvai y Carlos Bianco, quienes fueron por el oficialismo y la oposici\u00f3n para coordinar el traspaso en Provincia. En el marco de la primera reuni\u00f3n t\u00e9cnica de transici\u00f3n, Carlos Bianco, el delegado del gobernador electo Axel Kicillof, le sugiri\u00f3 a Federico Salvai,\u2026","rel":"","context":"En \u00abProvincia\u00bb","block_context":{"text":"Provincia","link":"http:\/\/www.24baires.com\/?cat=40"},"img":{"alt_text":"","src":"https:\/\/i0.wp.com\/www.24baires.com\/wp-content\/uploads\/2019\/11\/vidal-y-kicillof.jpg?resize=350%2C200","width":350,"height":200,"srcset":"https:\/\/i0.wp.com\/www.24baires.com\/wp-content\/uploads\/2019\/11\/vidal-y-kicillof.jpg?resize=350%2C200 1x, https:\/\/i0.wp.com\/www.24baires.com\/wp-content\/uploads\/2019\/11\/vidal-y-kicillof.jpg?resize=525%2C300 1.5x"},"classes":[]},{"id":112993,"url":"http:\/\/www.24baires.com\/?p=112993","url_meta":{"origin":75908,"position":2},"title":"Kicillof planea publicar la \u201cherencia\u201d que deja Vidal","author":"GB","date":"14\/11\/2019","format":false,"excerpt":"De cara a la transici\u00f3n, el gobernador electo dejar\u00e1 a la luz el estado en que recibe la Provincia. Los equipos de transici\u00f3n del gobernador electo, Axel Kicillof, estudian cada \u00e1rea del Ejecutivo bonaerense, dado que el flamante mandatario planea publicar, antes de asumir, un pormenorizado \u00abestado de la Provincia\u00bb\u2026","rel":"","context":"En \u00abProvincia\u00bb","block_context":{"text":"Provincia","link":"http:\/\/www.24baires.com\/?cat=40"},"img":{"alt_text":"","src":"https:\/\/i0.wp.com\/www.24baires.com\/wp-content\/uploads\/2019\/11\/kicillof.jpg?resize=350%2C200","width":350,"height":200,"srcset":"https:\/\/i0.wp.com\/www.24baires.com\/wp-content\/uploads\/2019\/11\/kicillof.jpg?resize=350%2C200 1x, https:\/\/i0.wp.com\/www.24baires.com\/wp-content\/uploads\/2019\/11\/kicillof.jpg?resize=525%2C300 1.5x"},"classes":[]},{"id":113229,"url":"http:\/\/www.24baires.com\/?p=113229","url_meta":{"origin":75908,"position":3},"title":"Kicillof asumir\u00e1 el 11 de diciembre, un d\u00eda despu\u00e9s que Alberto","author":"GB","date":"03\/12\/2019","format":false,"excerpt":"El gobernador electo bonaerense pospuso un d\u00eda su asunci\u00f3n para que no se cruce con la de los Fern\u00e1ndez en Naci\u00f3n. Tambi\u00e9n anunciar\u00e1 su Gabinete luego que el presidente electo. Axel Kicillof asumir\u00e1 la Gobernaci\u00f3n bonaerense el 11 de diciembre, un d\u00eda despu\u00e9s que Alberto Fern\u00e1ndez y Cristina Fern\u00e1ndez de\u2026","rel":"","context":"En \u00abProvincia\u00bb","block_context":{"text":"Provincia","link":"http:\/\/www.24baires.com\/?cat=40"},"img":{"alt_text":"","src":"https:\/\/i0.wp.com\/www.24baires.com\/wp-content\/uploads\/2019\/11\/kicillof.jpg?resize=350%2C200","width":350,"height":200,"srcset":"https:\/\/i0.wp.com\/www.24baires.com\/wp-content\/uploads\/2019\/11\/kicillof.jpg?resize=350%2C200 1x, https:\/\/i0.wp.com\/www.24baires.com\/wp-content\/uploads\/2019\/11\/kicillof.jpg?resize=525%2C300 1.5x"},"classes":[]},{"id":113196,"url":"http:\/\/www.24baires.com\/?p=113196","url_meta":{"origin":75908,"position":4},"title":"Vidal reivindic\u00f3 el liderazgo pol\u00edtico de Cristina","author":"AF","date":"29\/11\/2019","format":false,"excerpt":"Ante la Asociaci\u00f3n Cristiana de Dirigentes de Empresas, Vidal cuestion\u00f3 que Cristina no fuera invitada a un seminario sobre \"Liderazgo femenino\". La gobernadora saliente de la provincia de Buenos Aires, Mar\u00eda Eugenia Vidal, reivindic\u00f3 este viernes el liderazgo de la vicepresidenta electa de la Naci\u00f3n, Cristina Kirchner, ante un auditorio\u2026","rel":"","context":"En \u00abPol\u00edtica\u00bb","block_context":{"text":"Pol\u00edtica","link":"http:\/\/www.24baires.com\/?cat=51"},"img":{"alt_text":"","src":"https:\/\/i0.wp.com\/www.24baires.com\/wp-content\/uploads\/2019\/10\/voto-vidal.jpg?resize=350%2C200","width":350,"height":200,"srcset":"https:\/\/i0.wp.com\/www.24baires.com\/wp-content\/uploads\/2019\/10\/voto-vidal.jpg?resize=350%2C200 1x, https:\/\/i0.wp.com\/www.24baires.com\/wp-content\/uploads\/2019\/10\/voto-vidal.jpg?resize=525%2C300 1.5x"},"classes":[]},{"id":112977,"url":"http:\/\/www.24baires.com\/?p=112977","url_meta":{"origin":75908,"position":5},"title":"Vidal se re\u00fane con intendentes y dirigentes \u201csin tierra\u201d","author":"GB","date":"13\/11\/2019","format":false,"excerpt":"La mandataria delinea la estrategia 2020, teniendo como objetivo principal la unidad de Cambiemos. La gobernadora, Mar\u00eda Eugenia Vidal, tendr\u00e1 este mi\u00e9rcoles su \u00faltima reuni\u00f3n de gabinete ampliado con la presencia de unos 300 funcionarios. Y por la tarde, se reunir\u00e1 con los \u201csin tierra\u201d para continuar con su jornada.\u2026","rel":"","context":"En \u00abProvincia\u00bb","block_context":{"text":"Provincia","link":"http:\/\/www.24baires.com\/?cat=40"},"img":{"alt_text":"","src":"https:\/\/i0.wp.com\/www.24baires.com\/wp-content\/uploads\/2019\/11\/vidal-reunion.jpg?resize=350%2C200","width":350,"height":200,"srcset":"https:\/\/i0.wp.com\/www.24baires.com\/wp-content\/uploads\/2019\/11\/vidal-reunion.jpg?resize=350%2C200 1x, https:\/\/i0.wp.com\/www.24baires.com\/wp-content\/uploads\/2019\/11\/vidal-reunion.jpg?resize=525%2C300 1.5x"},"classes":[]}],"jetpack_sharing_enabled":true,"jetpack_likes_enabled":true,"jetpack_featured_media_url":"","_links":{"self":[{"href":"http:\/\/www.24baires.com\/index.php?rest_route=\/wp\/v2\/posts\/75908","targetHints":{"allow":["GET"]}}],"collection":[{"href":"http:\/\/www.24baires.com\/index.php?rest_route=\/wp\/v2\/posts"}],"about":[{"href":"http:\/\/www.24baires.com\/index.php?rest_route=\/wp\/v2\/types\/post"}],"author":[{"embeddable":true,"href":"http:\/\/www.24baires.com\/index.php?rest_route=\/wp\/v2\/users\/8"}],"replies":[{"embeddable":true,"href":"http:\/\/www.24baires.com\/index.php?rest_route=%2Fwp%2Fv2%2Fcomments&post=75908"}],"version-history":[{"count":1,"href":"http:\/\/www.24baires.com\/index.php?rest_route=\/wp\/v2\/posts\/75908\/revisions"}],"predecessor-version":[{"id":75909,"href":"http:\/\/www.24baires.com\/index.php?rest_route=\/wp\/v2\/posts\/75908\/revisions\/75909"}],"wp:attachment":[{"href":"http:\/\/www.24baires.com\/index.php?rest_route=%2Fwp%2Fv2%2Fmedia&parent=75908"}],"wp:term":[{"taxonomy":"category","embeddable":true,"href":"http:\/\/www.24baires.com\/index.php?rest_route=%2Fwp%2Fv2%2Fcategories&post=75908"},{"taxonomy":"post_tag","embeddable":true,"href":"http:\/\/www.24baires.com\/index.php?rest_route=%2Fwp%2Fv2%2Ftags&post=75908"}],"curies":[{"name":"wp","href":"https:\/\/api.w.org\/{rel}","templated":true}]}}