{"id":75904,"date":"2015-12-02T18:50:51","date_gmt":"2015-12-02T21:50:51","guid":{"rendered":"http:\/\/www.24baires.com\/?p=75904"},"modified":"2015-12-02T18:50:51","modified_gmt":"2015-12-02T21:50:51","slug":"randazzo-y-frigerio-recorrieron-la-fabrica-de-dni-y-pasaporte","status":"publish","type":"post","link":"http:\/\/www.24baires.com\/?p=75904","title":{"rendered":"Randazzo y Frigerio recorrieron la f\u00e1brica de DNI y pasaporte"},"content":{"rendered":"<p><img data-recalc-dims=\"1\" loading=\"lazy\" decoding=\"async\" src=\"https:\/\/i0.wp.com\/www.24baires.com\/wp-content\/uploads\/2015\/12\/randazzo-frigerio.jpg?resize=560%2C372\" alt=\"randazzo frigerio\" width=\"560\" height=\"372\" class=\"aligncenter size-full wp-image-75905\" srcset=\"https:\/\/i0.wp.com\/www.24baires.com\/wp-content\/uploads\/2015\/12\/randazzo-frigerio.jpg?w=560 560w, https:\/\/i0.wp.com\/www.24baires.com\/wp-content\/uploads\/2015\/12\/randazzo-frigerio.jpg?resize=300%2C199 300w\" sizes=\"auto, (max-width: 560px) 100vw, 560px\" \/>El ministro del Interior y Transporte y el designado sucesor en Interior recorrieron la f\u00e1brica de Documentos y Pasaportes que est\u00e1 a cargo de esa cartera, ubicada en Parque Patricios, donde mantuvieron adem\u00e1s una reuni\u00f3n de trabajo.<!--more--><\/p>\n<p>A trav\u00e9s de un comunicado, Randazzo destac\u00f3 en declaraciones formuladas luego del encuentro su compromiso con Frigerio de \u201cacompa\u00f1arlo en todo lo que necesite ya que, por encima de las diferencias pol\u00edticas, el \u00fanico inter\u00e9s que mueve a las personas que entendemos la pol\u00edtica como servicio es mejorarle la calidad de vida a la gente\u201d.<\/p>\n<p>Tras se\u00f1alar que pidi\u00f3 a \u201ctodos los que me han acompa\u00f1ado en estos 8 a\u00f1os que trabajen fuerte para que le vaya bien a Frigerio, porque eso quiere decir que nos ir\u00e1 mejor a todos los argentinos\u201d, coment\u00f3 que durante la reuni\u00f3n tambi\u00e9n se convers\u00f3 sobre lo que ser\u00e1 \u00abla segunda etapa de la reforma pol\u00edtica, un desaf\u00edo muy importante que va a encarar la pr\u00f3xima gesti\u00f3n\u201d.<\/p>\n<p>\u201cDeseamos que tengan \u00e9xito en esta segunda parte de la reforma electoral porque ser\u00e1 un logro para todos los argentinos; aportaremos y ayudaremos en todo lo que podamos\u201d, expres\u00f3.<\/p>\n<p>Randazzo destac\u00f3 la visita de Frigerio a la f\u00e1brica del Registro Nacional de las Personas, en cuyo transcurso \u201chemos podido mostrarle con detalle c\u00f3mo fue el proceso de resolver desde el Estado un tema muy importante como el acceso a la identidad que hasta hace unos pocos a\u00f1os era un problema para los argentinos\u201d.<\/p>\n<p>Por su parte, Rogelio Frigerio se\u00f1al\u00f3 que fue \u201cun encuentro muy productivo\u201d y agradeci\u00f3 al ministro saliente \u201cpor su buena predisposici\u00f3n para esta transici\u00f3n, que est\u00e1 siendo muy buena\u201d.<\/p>\n<p>\u201cEntendemos que el Estado est\u00e1 para resolver problemas y para estar al lado de la gente; Mauricio Macri ha sido muy claro; lo que funciona, lo mantenemos y trataremos de mejorarlo\u201d, declar\u00f3 el funcionario que asumir\u00e1 su cartera el 10 de diciembre pr\u00f3ximo.<\/p>\n<p>En este sentido, Frigerio valor\u00f3 que \u201cesta parte de la administraci\u00f3n funciona muy bien, por lo que continuaremos esta modernizaci\u00f3n que tiene que ver con el derecho a la identidad de los argentinos\u201d.<\/p>\n","protected":false},"excerpt":{"rendered":"<p>El ministro del Interior y Transporte y el designado sucesor en Interior recorrieron la f\u00e1brica de Documentos y Pasaportes que est\u00e1 a cargo de esa cartera, ubicada en Parque Patricios, donde mantuvieron adem\u00e1s una reuni\u00f3n de trabajo.<\/p>\n","protected":false},"author":8,"featured_media":0,"comment_status":"open","ping_status":"open","sticky":false,"template":"","format":"standard","meta":{"_jetpack_newsletter_access":"","_jetpack_dont_email_post_to_subs":false,"_jetpack_newsletter_tier_id":0,"_jetpack_memberships_contains_paywalled_content":false,"_jetpack_memberships_contains_paid_content":false,"footnotes":""},"categories":[51],"tags":[],"class_list":["post-75904","post","type-post","status-publish","format-standard","hentry","category-politica"],"jetpack_shortlink":"https:\/\/wp.me\/p2JWE0-jKg","jetpack-related-posts":[{"id":91378,"url":"http:\/\/www.24baires.com\/?p=91378","url_meta":{"origin":75904,"position":0},"title":"\u201cQueremos que Mar del Plata tenga un aeropuerto para exportar\u201d, dijo Frigerio","author":"GB","date":"05\/01\/2017","format":false,"excerpt":"El ministro del Interior, Rogelio Frigerio, confirm\u00f3 que se planea una ampliaci\u00f3n del Astor Piazzolla para un mejor desarrollo de la ciudad El ministro del Interior, Obras P\u00fablicas y Vivienda de la Naci\u00f3n, Rogelio Frigerio, confirm\u00f3 que se planea la ampliaci\u00f3n del aeropuero Astor Piazzolla: \u201cQueremos que Mar del Plata\u2026","rel":"","context":"En \u00abLocales\u00bb","block_context":{"text":"Locales","link":"http:\/\/www.24baires.com\/?cat=38"},"img":{"alt_text":"","src":"https:\/\/i0.wp.com\/www.24baires.com\/wp-content\/uploads\/2017\/01\/aeropuerto-mar-dl-plata.jpg?resize=350%2C200","width":350,"height":200,"srcset":"https:\/\/i0.wp.com\/www.24baires.com\/wp-content\/uploads\/2017\/01\/aeropuerto-mar-dl-plata.jpg?resize=350%2C200 1x, https:\/\/i0.wp.com\/www.24baires.com\/wp-content\/uploads\/2017\/01\/aeropuerto-mar-dl-plata.jpg?resize=525%2C300 1.5x"},"classes":[]},{"id":107620,"url":"http:\/\/www.24baires.com\/?p=107620","url_meta":{"origin":75904,"position":1},"title":"Cambiemos se re\u00fane en Casa Rosada para intentar frenar la inflaci\u00f3n","author":"GB","date":"11\/04\/2019","format":false,"excerpt":"Los gobernadores piden un programa de reactivaci\u00f3n. En el encuentro participar\u00e1n Frigerio, Pe\u00f1a, Vidal, Rodr\u00edguez Larreta y referentes radicales. El jefe de Gabinete, Marcos Pe\u00f1a, y el ministro del Interior, Obras P\u00fablicas y Vivienda, Rogelio Frigerio, se reunir\u00e1n este jueves en la Casa Rosada con los cinco gobernadores de Cambiemos\u2026","rel":"","context":"En \u00abPol\u00edtica\u00bb","block_context":{"text":"Pol\u00edtica","link":"http:\/\/www.24baires.com\/?cat=51"},"img":{"alt_text":"","src":"https:\/\/i0.wp.com\/www.24baires.com\/wp-content\/uploads\/2018\/10\/MACRI-IDEA.jpg?resize=350%2C200","width":350,"height":200,"srcset":"https:\/\/i0.wp.com\/www.24baires.com\/wp-content\/uploads\/2018\/10\/MACRI-IDEA.jpg?resize=350%2C200 1x, https:\/\/i0.wp.com\/www.24baires.com\/wp-content\/uploads\/2018\/10\/MACRI-IDEA.jpg?resize=525%2C300 1.5x"},"classes":[]},{"id":108201,"url":"http:\/\/www.24baires.com\/?p=108201","url_meta":{"origin":75904,"position":2},"title":"Frigerio dej\u00f3 abierta la posibilidad de que Macri vaya a una PASO","author":"GB","date":"16\/05\/2019","format":false,"excerpt":"El ministro del Interior, Rogelio Frigerio, destac\u00f3 la necesidad de que Cambiemos ampl\u00ede su base pol\u00edtica y dej\u00f3 abierta la posibilidad de que Mauricio Macri vaya a una PASO. \"El Presidente (Mauricio Macri) va a hacer lo mejor para la Argentina, y eso incluye cualquier cosa\", dijo. Al referirse al\u2026","rel":"","context":"En \u00abPol\u00edtica\u00bb","block_context":{"text":"Pol\u00edtica","link":"http:\/\/www.24baires.com\/?cat=51"},"img":{"alt_text":"","src":"https:\/\/i0.wp.com\/www.24baires.com\/wp-content\/uploads\/2016\/02\/frigerio.jpg?resize=350%2C200","width":350,"height":200,"srcset":"https:\/\/i0.wp.com\/www.24baires.com\/wp-content\/uploads\/2016\/02\/frigerio.jpg?resize=350%2C200 1x, https:\/\/i0.wp.com\/www.24baires.com\/wp-content\/uploads\/2016\/02\/frigerio.jpg?resize=525%2C300 1.5x"},"classes":[]},{"id":95453,"url":"http:\/\/www.24baires.com\/?p=95453","url_meta":{"origin":75904,"position":3},"title":"\u00abSe confirma el cambio o retrocedemos\u00bb, dijo Frigerio","author":"GB","date":"26\/06\/2017","format":false,"excerpt":"El ministro del Interior sali\u00f3 a polarizar con la candidatura de Cristina Kirchner y admiti\u00f3 que la ex mandataria \"seguramente siga por un tiempo vigente\". El ministro del Interior de la Naci\u00f3n, Rogelio Frigerio, brind\u00f3 declaraciones en la que sali\u00f3 a polarizar la campa\u00f1a electoral con la candidatura a senadora\u2026","rel":"","context":"En \u00abPol\u00edtica\u00bb","block_context":{"text":"Pol\u00edtica","link":"http:\/\/www.24baires.com\/?cat=51"},"img":{"alt_text":"","src":"https:\/\/i0.wp.com\/www.24baires.com\/wp-content\/uploads\/2016\/02\/frigerio.jpg?resize=350%2C200","width":350,"height":200,"srcset":"https:\/\/i0.wp.com\/www.24baires.com\/wp-content\/uploads\/2016\/02\/frigerio.jpg?resize=350%2C200 1x, https:\/\/i0.wp.com\/www.24baires.com\/wp-content\/uploads\/2016\/02\/frigerio.jpg?resize=525%2C300 1.5x"},"classes":[]},{"id":111562,"url":"http:\/\/www.24baires.com\/?p=111562","url_meta":{"origin":75904,"position":4},"title":"Frigerio confirm\u00f3 que vot\u00f3 el 75% del padr\u00f3n y los primeros datos estar\u00e1n a las 21","author":"GB","date":"11\/08\/2019","format":false,"excerpt":"El ministro del Interior y Adri\u00e1n P\u00e9rez, secretario de Asuntos Pol\u00edticos e Institucionales de esa cartera, fueron los primeros en salir a hablar. Van a cumplir con dos \u00f3rdenes de la Justicia. El ministro del Interior, Rogelio Frigerio, fue optimista con respecto a que a partir de las 21:00 se\u2026","rel":"","context":"En \u00abElecciones\u00bb","block_context":{"text":"Elecciones","link":"http:\/\/www.24baires.com\/?cat=316"},"img":{"alt_text":"","src":"https:\/\/i0.wp.com\/www.24baires.com\/wp-content\/uploads\/2017\/08\/frigereio-voto.jpg?resize=350%2C200","width":350,"height":200,"srcset":"https:\/\/i0.wp.com\/www.24baires.com\/wp-content\/uploads\/2017\/08\/frigereio-voto.jpg?resize=350%2C200 1x, https:\/\/i0.wp.com\/www.24baires.com\/wp-content\/uploads\/2017\/08\/frigereio-voto.jpg?resize=525%2C300 1.5x"},"classes":[]},{"id":88330,"url":"http:\/\/www.24baires.com\/?p=88330","url_meta":{"origin":75904,"position":5},"title":"Frigerio adelant\u00f3 que \u00abse est\u00e1n haciendo n\u00fameros\u00bb por el bono de fin de a\u00f1o","author":"AF","date":"05\/10\/2016","format":false,"excerpt":"El ministro del Interior, Rogelio Frigerio dijo que \"est\u00e1 en estudio\" el pago de un bono extra a los que cobran la jubilaci\u00f3n m\u00ednima y beneficiarios de los planes sociales, y tambi\u00e9n se \u201cest\u00e1 trabajando\u201d la posibilidad de eximir del impuesto a las Ganancias el medio aguinaldo de diciembre. Frigerio\u2026","rel":"","context":"En \u00abEconom\u00eda\u00bb","block_context":{"text":"Econom\u00eda","link":"http:\/\/www.24baires.com\/?cat=45"},"img":{"alt_text":"frigerio","src":"https:\/\/i0.wp.com\/www.24baires.com\/wp-content\/uploads\/2016\/02\/frigerio.jpg?resize=350%2C200","width":350,"height":200,"srcset":"https:\/\/i0.wp.com\/www.24baires.com\/wp-content\/uploads\/2016\/02\/frigerio.jpg?resize=350%2C200 1x, https:\/\/i0.wp.com\/www.24baires.com\/wp-content\/uploads\/2016\/02\/frigerio.jpg?resize=525%2C300 1.5x"},"classes":[]}],"jetpack_sharing_enabled":true,"jetpack_likes_enabled":true,"jetpack_featured_media_url":"","_links":{"self":[{"href":"http:\/\/www.24baires.com\/index.php?rest_route=\/wp\/v2\/posts\/75904","targetHints":{"allow":["GET"]}}],"collection":[{"href":"http:\/\/www.24baires.com\/index.php?rest_route=\/wp\/v2\/posts"}],"about":[{"href":"http:\/\/www.24baires.com\/index.php?rest_route=\/wp\/v2\/types\/post"}],"author":[{"embeddable":true,"href":"http:\/\/www.24baires.com\/index.php?rest_route=\/wp\/v2\/users\/8"}],"replies":[{"embeddable":true,"href":"http:\/\/www.24baires.com\/index.php?rest_route=%2Fwp%2Fv2%2Fcomments&post=75904"}],"version-history":[{"count":1,"href":"http:\/\/www.24baires.com\/index.php?rest_route=\/wp\/v2\/posts\/75904\/revisions"}],"predecessor-version":[{"id":75906,"href":"http:\/\/www.24baires.com\/index.php?rest_route=\/wp\/v2\/posts\/75904\/revisions\/75906"}],"wp:attachment":[{"href":"http:\/\/www.24baires.com\/index.php?rest_route=%2Fwp%2Fv2%2Fmedia&parent=75904"}],"wp:term":[{"taxonomy":"category","embeddable":true,"href":"http:\/\/www.24baires.com\/index.php?rest_route=%2Fwp%2Fv2%2Fcategories&post=75904"},{"taxonomy":"post_tag","embeddable":true,"href":"http:\/\/www.24baires.com\/index.php?rest_route=%2Fwp%2Fv2%2Ftags&post=75904"}],"curies":[{"name":"wp","href":"https:\/\/api.w.org\/{rel}","templated":true}]}}