{"id":75888,"date":"2015-12-02T16:03:15","date_gmt":"2015-12-02T19:03:15","guid":{"rendered":"http:\/\/www.24baires.com\/?p=75888"},"modified":"2015-12-02T16:03:15","modified_gmt":"2015-12-02T19:03:15","slug":"lousteau-sera-el-nuevo-embajador-en-los-estados-unidos","status":"publish","type":"post","link":"http:\/\/www.24baires.com\/?p=75888","title":{"rendered":"Lousteau ser\u00e1 el nuevo embajador en los Estados Unidos"},"content":{"rendered":"<p><img data-recalc-dims=\"1\" loading=\"lazy\" decoding=\"async\" src=\"https:\/\/i0.wp.com\/www.24baires.com\/wp-content\/uploads\/2014\/03\/lousteau.jpg?resize=560%2C343\" alt=\"lousteau\" width=\"560\" height=\"343\" class=\"aligncenter size-full wp-image-42960\" srcset=\"https:\/\/i0.wp.com\/www.24baires.com\/wp-content\/uploads\/2014\/03\/lousteau.jpg?w=560 560w, https:\/\/i0.wp.com\/www.24baires.com\/wp-content\/uploads\/2014\/03\/lousteau.jpg?resize=300%2C183 300w\" sizes=\"auto, (max-width: 560px) 100vw, 560px\" \/>El presidente electo, Mauricio Macri, quien hoy present\u00f3 a su gabinete, lo design\u00f3 luego de una reuni\u00f3n que mantuvo con el futuro jefe de Gabinete, Marcos Pe\u00f1a, y la futura canciller, Susana Malcorra.<!--more--><\/p>\n<p>Lousteau, que cumplir\u00e1 45 a\u00f1os el martes pr\u00f3ximo, es diputado nacional y anteriormente se desempe\u00f1\u00f3 como ministro de la Producci\u00f3n de la Provincia de Buenos Aires, presidente del Banco Provincia, asesor en el Banco Central y ministro de Econom\u00eda de la Naci\u00f3n entre 2007 y 2008.<\/p>\n<p>El ex candidato a jefe de gobierno porte\u00f1o por ECO es licenciado en Econom\u00eda (Suma Cum Laude de la Universidad de San Andr\u00e9s) y Master de Ciencia de la Econom\u00eda (London School of Economics and Politicals Sciences).<\/p>\n<p>En 2008 el Foro Econ\u00f3mico Mundial lo eligi\u00f3 Joven L\u00edder Global, y en 2012 fue seleccionado como World Fellow por la Universidad de Yale.<\/p>\n","protected":false},"excerpt":{"rendered":"<p>El presidente electo, Mauricio Macri, quien hoy present\u00f3 a su gabinete, lo design\u00f3 luego de una reuni\u00f3n que mantuvo con el futuro jefe de Gabinete, Marcos Pe\u00f1a, y la futura canciller, Susana Malcorra.<\/p>\n","protected":false},"author":8,"featured_media":0,"comment_status":"open","ping_status":"open","sticky":false,"template":"","format":"standard","meta":{"_jetpack_newsletter_access":"","_jetpack_dont_email_post_to_subs":false,"_jetpack_newsletter_tier_id":0,"_jetpack_memberships_contains_paywalled_content":false,"_jetpack_memberships_contains_paid_content":false,"footnotes":""},"categories":[51],"tags":[],"class_list":["post-75888","post","type-post","status-publish","format-standard","hentry","category-politica"],"jetpack_shortlink":"https:\/\/wp.me\/p2JWE0-jK0","jetpack-related-posts":[{"id":81763,"url":"http:\/\/www.24baires.com\/?p=81763","url_meta":{"origin":75888,"position":0},"title":"Lousteau y un director del Banco Central tambi\u00e9n compraron d\u00f3lar futuro","author":"GB","date":"21\/04\/2016","format":false,"excerpt":"El embajador argentino en EE.UU y Pablo Curat se suman a los nombres de la mesa chica del presidente Mauricio Macri y el CEO de YPF, Miguel Galluccio. El director del Banco Central de la Rep\u00fablica Argentina (BCRA) Pablo Curat, el embajador argentino en los Estados Unidos, Mart\u00edn Lousteau, y\u2026","rel":"","context":"En \u00abEconom\u00eda\u00bb","block_context":{"text":"Econom\u00eda","link":"http:\/\/www.24baires.com\/?cat=45"},"img":{"alt_text":"","src":"","width":0,"height":0},"classes":[]},{"id":111693,"url":"http:\/\/www.24baires.com\/?p=111693","url_meta":{"origin":75888,"position":1},"title":"Lacunza asumir\u00e1 este martes oficialmente como ministro de Hacienda","author":"AF","date":"19\/08\/2019","format":false,"excerpt":"Del acto de asunci\u00f3n participar\u00e1n adem\u00e1s el jefe de Gabinete, Marcos Pe\u00f1a, los ministros, y legisladores del oficialismo. El designado ministro de Hacienda, Hern\u00e1n Lacunza, asumir\u00e1 el martes por la ma\u00f1ana formalmente su cargo cuando preste juramento ante el presidente Mauricio Macri a las 8.30 en el Sal\u00f3n Blanco de\u2026","rel":"","context":"En \u00abPol\u00edtica\u00bb","block_context":{"text":"Pol\u00edtica","link":"http:\/\/www.24baires.com\/?cat=51"},"img":{"alt_text":"","src":"https:\/\/i0.wp.com\/www.24baires.com\/wp-content\/uploads\/2019\/08\/Lacunza.jpg?resize=350%2C200","width":350,"height":200,"srcset":"https:\/\/i0.wp.com\/www.24baires.com\/wp-content\/uploads\/2019\/08\/Lacunza.jpg?resize=350%2C200 1x, https:\/\/i0.wp.com\/www.24baires.com\/wp-content\/uploads\/2019\/08\/Lacunza.jpg?resize=525%2C300 1.5x"},"classes":[]},{"id":78265,"url":"http:\/\/www.24baires.com\/?p=78265","url_meta":{"origin":75888,"position":2},"title":"Lousteau se re\u00fane con Obama en la Casa Blanca","author":"GB","date":"28\/01\/2016","format":false,"excerpt":"El embajador Argentino en Estados Unidos inform\u00f3 este viernes a trav\u00e9s de su cuenta de Twitter que se encontraba viajando hacia la Casa Blanca, para tener un encuentro protocolar con el presidente estadounidense. El embajador Argentino en Estados Unidos, Mart\u00edn Lousteau, public\u00f3 en su cuenta de Twitter una foto en\u2026","rel":"","context":"En \u00abPol\u00edtica\u00bb","block_context":{"text":"Pol\u00edtica","link":"http:\/\/www.24baires.com\/?cat=51"},"img":{"alt_text":"lousteau","src":"https:\/\/i0.wp.com\/www.24baires.com\/wp-content\/uploads\/2014\/03\/lousteau.jpg?resize=350%2C200","width":350,"height":200,"srcset":"https:\/\/i0.wp.com\/www.24baires.com\/wp-content\/uploads\/2014\/03\/lousteau.jpg?resize=350%2C200 1x, https:\/\/i0.wp.com\/www.24baires.com\/wp-content\/uploads\/2014\/03\/lousteau.jpg?resize=525%2C300 1.5x"},"classes":[]},{"id":101918,"url":"http:\/\/www.24baires.com\/?p=101918","url_meta":{"origin":75888,"position":3},"title":"La oposici\u00f3n logr\u00f3 conseguir dictamen para frenar los tarifazos","author":"AF","date":"02\/05\/2018","format":false,"excerpt":"A pesar de que el jefe de Gabinete, Marcos Pe\u00f1a, confirm\u00f3 que el Ejecutivo Nacional vetar\u00eda cualquier proyecto que suspendiera el aumento de los servicios p\u00fablicos, la oposici\u00f3n obtuvo en la Comisi\u00f3n de Presupuesto y Hacienda de la C\u00e1mara de Diputados el dictamen de mayor\u00eda necesario para que el proyecto\u2026","rel":"","context":"En \u00abPol\u00edtica\u00bb","block_context":{"text":"Pol\u00edtica","link":"http:\/\/www.24baires.com\/?cat=51"},"img":{"alt_text":"","src":"https:\/\/i0.wp.com\/www.24baires.com\/wp-content\/uploads\/2016\/08\/contra-tarifazo.jpg?resize=350%2C200","width":350,"height":200,"srcset":"https:\/\/i0.wp.com\/www.24baires.com\/wp-content\/uploads\/2016\/08\/contra-tarifazo.jpg?resize=350%2C200 1x, https:\/\/i0.wp.com\/www.24baires.com\/wp-content\/uploads\/2016\/08\/contra-tarifazo.jpg?resize=525%2C300 1.5x"},"classes":[]},{"id":97204,"url":"http:\/\/www.24baires.com\/?p=97204","url_meta":{"origin":75888,"position":4},"title":"Mart\u00edn Lousteau dar\u00e1 una charla en la Universidad Nacional de Mar del Plata","author":"AF","date":"05\/09\/2017","format":false,"excerpt":"En el marco del ciclo de charlas sobre Econom\u00eda en la Universidad Nacional de Mar del Plata y organizado por la Franja Morada, el Licenciado en Ciencias Economicas y ex ministro de Econom\u00eda, Mart\u00edn Lousteau, brindar\u00e1 este jueves una charla abierta y gratuita en el Aula Magna \u201cMaggi\u201d de la\u2026","rel":"","context":"En \u00abSociedad\u00bb","block_context":{"text":"Sociedad","link":"http:\/\/www.24baires.com\/?cat=1"},"img":{"alt_text":"","src":"https:\/\/i0.wp.com\/www.24baires.com\/wp-content\/uploads\/2014\/03\/lousteau.jpg?resize=350%2C200","width":350,"height":200,"srcset":"https:\/\/i0.wp.com\/www.24baires.com\/wp-content\/uploads\/2014\/03\/lousteau.jpg?resize=350%2C200 1x, https:\/\/i0.wp.com\/www.24baires.com\/wp-content\/uploads\/2014\/03\/lousteau.jpg?resize=525%2C300 1.5x"},"classes":[]},{"id":113316,"url":"http:\/\/www.24baires.com\/?p=113316","url_meta":{"origin":75888,"position":5},"title":"\u00abHay una situaci\u00f3n de emergencia en la provincia\u00bb","author":"AF","date":"09\/12\/2019","format":false,"excerpt":"El gobernador bonaerense electo, Axel Kicillof, confirm\u00f3 esta tarde su Gabinete, con Pablo L\u00f3pez como ministro de Hacienda y Sergio Berni al frente de la cartera de Seguridad. En tanto, Augusto Costa ser\u00e1 ministro de Producci\u00f3n, Ciencia e Innovaci\u00f3n Tecnol\u00f3gica; Julio Alak encabezar\u00e1 la cartera de Justicia y Derechos Humanos,\u2026","rel":"","context":"En \u00abProvincia\u00bb","block_context":{"text":"Provincia","link":"http:\/\/www.24baires.com\/?cat=40"},"img":{"alt_text":"","src":"https:\/\/i0.wp.com\/www.24baires.com\/wp-content\/uploads\/2014\/01\/axelkicillof.jpg?resize=350%2C200","width":350,"height":200,"srcset":"https:\/\/i0.wp.com\/www.24baires.com\/wp-content\/uploads\/2014\/01\/axelkicillof.jpg?resize=350%2C200 1x, https:\/\/i0.wp.com\/www.24baires.com\/wp-content\/uploads\/2014\/01\/axelkicillof.jpg?resize=525%2C300 1.5x"},"classes":[]}],"jetpack_sharing_enabled":true,"jetpack_likes_enabled":true,"jetpack_featured_media_url":"","_links":{"self":[{"href":"http:\/\/www.24baires.com\/index.php?rest_route=\/wp\/v2\/posts\/75888","targetHints":{"allow":["GET"]}}],"collection":[{"href":"http:\/\/www.24baires.com\/index.php?rest_route=\/wp\/v2\/posts"}],"about":[{"href":"http:\/\/www.24baires.com\/index.php?rest_route=\/wp\/v2\/types\/post"}],"author":[{"embeddable":true,"href":"http:\/\/www.24baires.com\/index.php?rest_route=\/wp\/v2\/users\/8"}],"replies":[{"embeddable":true,"href":"http:\/\/www.24baires.com\/index.php?rest_route=%2Fwp%2Fv2%2Fcomments&post=75888"}],"version-history":[{"count":1,"href":"http:\/\/www.24baires.com\/index.php?rest_route=\/wp\/v2\/posts\/75888\/revisions"}],"predecessor-version":[{"id":75889,"href":"http:\/\/www.24baires.com\/index.php?rest_route=\/wp\/v2\/posts\/75888\/revisions\/75889"}],"wp:attachment":[{"href":"http:\/\/www.24baires.com\/index.php?rest_route=%2Fwp%2Fv2%2Fmedia&parent=75888"}],"wp:term":[{"taxonomy":"category","embeddable":true,"href":"http:\/\/www.24baires.com\/index.php?rest_route=%2Fwp%2Fv2%2Fcategories&post=75888"},{"taxonomy":"post_tag","embeddable":true,"href":"http:\/\/www.24baires.com\/index.php?rest_route=%2Fwp%2Fv2%2Ftags&post=75888"}],"curies":[{"name":"wp","href":"https:\/\/api.w.org\/{rel}","templated":true}]}}