{"id":75864,"date":"2015-12-02T11:00:05","date_gmt":"2015-12-02T14:00:05","guid":{"rendered":"http:\/\/www.24baires.com\/?p=75864"},"modified":"2015-12-03T09:48:35","modified_gmt":"2015-12-03T12:48:35","slug":"macri-presento-formalmente-a-su-gabinete","status":"publish","type":"post","link":"http:\/\/www.24baires.com\/?p=75864","title":{"rendered":"Macri present\u00f3 formalmente a su gabinete"},"content":{"rendered":"<p><img data-recalc-dims=\"1\" loading=\"lazy\" decoding=\"async\" class=\"aligncenter size-full wp-image-75866\" src=\"https:\/\/i0.wp.com\/www.24baires.com\/wp-content\/uploads\/2015\/12\/gabinete-macri2.jpg?resize=560%2C372\" alt=\"gabinete macri2\" width=\"560\" height=\"372\" srcset=\"https:\/\/i0.wp.com\/www.24baires.com\/wp-content\/uploads\/2015\/12\/gabinete-macri2.jpg?w=560 560w, https:\/\/i0.wp.com\/www.24baires.com\/wp-content\/uploads\/2015\/12\/gabinete-macri2.jpg?resize=300%2C199 300w\" sizes=\"auto, (max-width: 560px) 100vw, 560px\" \/>El presidente electo present\u00f3 este mi\u00e9rcoles formalmente en las instalaciones del Jard\u00edn Bot\u00e1nico a los integrantes de su futuro gabinete, que entrar\u00e1n en funciones a partir del 10 de diciembre.<!--more--><\/p>\n<p>Macri sostuvo que entre las cuatro directrices que les pidi\u00f3 est\u00e1 la \u00abhonestidad\u00bb porque ser\u00e1 \u00abexigente\u00bb y no tendr\u00e1 \u00abning\u00fan tipo de tolerancia\u00bb con actos de corrupci\u00f3n.<\/p>\n<p>Durante un acto realizado en el Jard\u00edn Bot\u00e1nico de Buenos Aires, Macri dijo que le pidi\u00f3 a los ministros \u00abdedicaci\u00f3n, coordinaci\u00f3n y trabajo en equipo\u00bb, pero especialmente \u00abinformar bien\u00bb y \u00abhonestidad\u00bb.<br \/>\nEl mandatario electo afirm\u00f3 que \u00abla primer meta que tenemos es reducir la inflaci\u00f3n hacia un d\u00edgito\u00bb al ser consultado sobre los aumentos de precios experimentados desde el balotaje.<\/p>\n<p>En tanto, sobre el decreto de coparticipaci\u00f3n, acus\u00f3 a la Presidenta de \u00abno querer colaborar\u00bb y agreg\u00f3: \u00abDa la sensaci\u00f3n de seguir abonando a cu\u00e1ntos problemas nuevos les puedo crear al pr\u00f3ximo gobierno y en vez de salir por la puerta grande sigue marcando que quiere salir por la puerta chica\u00bb.<\/p>\n<p>Est\u00e1n presentes Marcos Pe\u00f1a (jefe de Gabinete), Rogelio Frigerio (Interior), Patricia Bullrich (Seguridad), Jorge Lemus (Salud), Julio Mart\u00ednez (Defensa), Germ\u00e1n Garavano (Justicia), Carolina Stanley (Desarrollo Social), Sergio Bergman (Medio Ambiente), Ricardo Buryaile (Agricultura), Pablo Avelluto (Cultura), Esteban Bullrich (Educaci\u00f3n), Francisco Cabrera (Desarrollo Productivo), Lino Bara\u00f1ao (Ciencia y Tecnolog\u00eda), Susana Malcorra (Canciller\u00eda), Oscar Aguad (Telecomunicaciones), Jorge Triaca (Trabajo), Andr\u00e9s Ibarra (Modernizaci\u00f3n), Juan Aranguren (Energ\u00eda) y Alfonso Prat-Gay (Hacienda).<\/p>\n<p>Por la tarde, a las 18, Macri asistir\u00e1 al club Boca Juniors para participar de un homenaje que el presidente de esa instituci\u00f3n, Daniel Angelici, le realizar\u00e1 en el marco de la campa\u00f1a por su reelecci\u00f3n (los comicios en la instituci\u00f3n ser\u00e1n el pr\u00f3ximo domingo).<\/p>\n","protected":false},"excerpt":{"rendered":"<p>El presidente electo present\u00f3 este mi\u00e9rcoles formalmente en las instalaciones del Jard\u00edn Bot\u00e1nico a los integrantes de su futuro gabinete, que entrar\u00e1n en funciones a partir del 10 de diciembre.<\/p>\n","protected":false},"author":4,"featured_media":0,"comment_status":"open","ping_status":"open","sticky":false,"template":"","format":"standard","meta":{"_jetpack_newsletter_access":"","_jetpack_dont_email_post_to_subs":false,"_jetpack_newsletter_tier_id":0,"_jetpack_memberships_contains_paywalled_content":false,"_jetpack_memberships_contains_paid_content":false,"footnotes":""},"categories":[51],"tags":[],"class_list":["post-75864","post","type-post","status-publish","format-standard","hentry","category-politica"],"jetpack_shortlink":"https:\/\/wp.me\/p2JWE0-jJC","jetpack-related-posts":[{"id":112752,"url":"http:\/\/www.24baires.com\/?p=112752","url_meta":{"origin":75864,"position":0},"title":"Alberto Fern\u00e1ndez design\u00f3 el equipo que coordinar\u00e1 la transici\u00f3n","author":"AF","date":"28\/10\/2019","format":false,"excerpt":"El presidente electo Alberto Fern\u00e1ndez dispuso que Santiago Cafiero, Eduardo \"Wado\" De Pedro, Vilma Ibarra y Gustavo B\u00e9liz lideren la transici\u00f3n hasta su asunci\u00f3n. El presidente saliente Mauricio Macri recibi\u00f3 este lunes en Casa Rosada al presidente electo Alberto Fern\u00e1ndez para dar inicio al a transici\u00f3n que culminar\u00e1 el pr\u00f3ximo\u2026","rel":"","context":"En \u00abPol\u00edtica\u00bb","block_context":{"text":"Pol\u00edtica","link":"http:\/\/www.24baires.com\/?cat=51"},"img":{"alt_text":"","src":"https:\/\/i0.wp.com\/www.24baires.com\/wp-content\/uploads\/2019\/10\/equipo.jpg?resize=350%2C200","width":350,"height":200,"srcset":"https:\/\/i0.wp.com\/www.24baires.com\/wp-content\/uploads\/2019\/10\/equipo.jpg?resize=350%2C200 1x, https:\/\/i0.wp.com\/www.24baires.com\/wp-content\/uploads\/2019\/10\/equipo.jpg?resize=525%2C300 1.5x"},"classes":[]},{"id":75922,"url":"http:\/\/www.24baires.com\/?p=75922","url_meta":{"origin":75864,"position":1},"title":"An\u00edbal asegura que Cristina \u00abse retira por una puerta muy grande\u00bb","author":"AF","date":"03\/12\/2015","format":false,"excerpt":"El jefe de Gabinete sali\u00f3 al cruce del presidente electo por haber dicho que Cristina \"no quiere colaborar\" con la transici\u00f3n y \"en vez de salir por la puerta grande, sale por la puerta chica\". As\u00ed lo manifest\u00f3 el funcionario nacional en su habitual contacto matutino con la prensa en\u2026","rel":"","context":"En \u00abPol\u00edtica\u00bb","block_context":{"text":"Pol\u00edtica","link":"http:\/\/www.24baires.com\/?cat=51"},"img":{"alt_text":"an\u00edbal cierre","src":"https:\/\/i0.wp.com\/www.24baires.com\/wp-content\/uploads\/2015\/08\/an%C3%ADbal-cierre.jpg?resize=350%2C200","width":350,"height":200,"srcset":"https:\/\/i0.wp.com\/www.24baires.com\/wp-content\/uploads\/2015\/08\/an%C3%ADbal-cierre.jpg?resize=350%2C200 1x, https:\/\/i0.wp.com\/www.24baires.com\/wp-content\/uploads\/2015\/08\/an%C3%ADbal-cierre.jpg?resize=525%2C300 1.5x"},"classes":[]},{"id":113296,"url":"http:\/\/www.24baires.com\/?p=113296","url_meta":{"origin":75864,"position":2},"title":"\u00abEl presidente electo encontrar\u00e1 a una oposici\u00f3n constructiva\u00bb, dijo Macri en su despedida","author":"GB","date":"08\/12\/2019","format":false,"excerpt":"Mauricio Macri dio sus \u00faltimas palabras como presidente en un multitudinario acto en Plaza de Mayo. \"Le quiero decir al presidente electo que \u00e9l puede confiar que despu\u00e9s de mucho tiempo va poder encontrar una oposici\u00f3n constructiva y no destructiva\", dijo. El pr\u00f3ximo martes 10, se realizar\u00e1 el traspaso formal\u2026","rel":"","context":"En \u00abPol\u00edtica\u00bb","block_context":{"text":"Pol\u00edtica","link":"http:\/\/www.24baires.com\/?cat=51"},"img":{"alt_text":"","src":"https:\/\/i0.wp.com\/www.24baires.com\/wp-content\/uploads\/2019\/12\/macri-despedida.jpg?resize=350%2C200","width":350,"height":200,"srcset":"https:\/\/i0.wp.com\/www.24baires.com\/wp-content\/uploads\/2019\/12\/macri-despedida.jpg?resize=350%2C200 1x, https:\/\/i0.wp.com\/www.24baires.com\/wp-content\/uploads\/2019\/12\/macri-despedida.jpg?resize=525%2C300 1.5x"},"classes":[]},{"id":113309,"url":"http:\/\/www.24baires.com\/?p=113309","url_meta":{"origin":75864,"position":3},"title":"Confirmado: Teresa Garc\u00eda ser\u00e1 ministra de Gobierno de Kicillof","author":"GB","date":"09\/12\/2019","format":false,"excerpt":"A horas de que el gobernador electo, Axel Kicillof presente la conformaci\u00f3n de su Gabinete, se conoci\u00f3 que la espada legislativa del economista ocupar\u00e1 un lugar clave. De cara a la asunci\u00f3n formal, trascendi\u00f3 que la presidenta del bloque de senadores provinciales de Unidad Ciudadana, Teresa Garc\u00eda, ser\u00e1 la ministra\u2026","rel":"","context":"En \u00abPol\u00edtica\u00bb","block_context":{"text":"Pol\u00edtica","link":"http:\/\/www.24baires.com\/?cat=51"},"img":{"alt_text":"","src":"","width":0,"height":0},"classes":[]},{"id":112866,"url":"http:\/\/www.24baires.com\/?p=112866","url_meta":{"origin":75864,"position":4},"title":"Alberto advirti\u00f3 sobre \u00abla situaci\u00f3n cr\u00edtica que deja el macrismo\u00bb","author":"AF","date":"05\/11\/2019","format":false,"excerpt":"El presidente electo habl\u00f3 sobre la herencia econ\u00f3mica que recibir\u00e1 y rechaz\u00f3 el informe que elabor\u00f3 el gobierno de Macri, \"La crisis de deuda que hoy tenemos hace cuatro a\u00f1os no exist\u00eda y es producto de la gran inoperancia del gobierno\", replic\u00f3 Fern\u00e1ndez. El presidente electo, Alberto Fern\u00e1ndez, subray\u00f3 que\u2026","rel":"","context":"En \u00abPol\u00edtica\u00bb","block_context":{"text":"Pol\u00edtica","link":"http:\/\/www.24baires.com\/?cat=51"},"img":{"alt_text":"","src":"https:\/\/i0.wp.com\/www.24baires.com\/wp-content\/uploads\/2019\/10\/alberto1.jpeg?resize=350%2C200","width":350,"height":200,"srcset":"https:\/\/i0.wp.com\/www.24baires.com\/wp-content\/uploads\/2019\/10\/alberto1.jpeg?resize=350%2C200 1x, https:\/\/i0.wp.com\/www.24baires.com\/wp-content\/uploads\/2019\/10\/alberto1.jpeg?resize=525%2C300 1.5x"},"classes":[]},{"id":107156,"url":"http:\/\/www.24baires.com\/?p=107156","url_meta":{"origin":75864,"position":5},"title":"\u201cCuiden a Vidal\u201d, el mensaje de Mauricio Macri al Gabinete bonaerense","author":"GB","date":"11\/03\/2019","format":false,"excerpt":"El Presidente particip\u00f3 de la reuni\u00f3n de Gabinete de Mar\u00eda Eugenia Vidal en la Gobernaci\u00f3n. Traz\u00f3 un panorama optimista para la econom\u00eda y lament\u00f3 no haber podido \u201cayudar m\u00e1s\u201d a la Provincia. El presidente Mauricio Macri desembarc\u00f3 esta ma\u00f1ana en La Plata para participar de la reuni\u00f3n del Gabinete de\u2026","rel":"","context":"En \u00abProvincia\u00bb","block_context":{"text":"Provincia","link":"http:\/\/www.24baires.com\/?cat=40"},"img":{"alt_text":"","src":"https:\/\/i0.wp.com\/www.24baires.com\/wp-content\/uploads\/2019\/03\/vidal-y-macri.jpg?resize=350%2C200","width":350,"height":200,"srcset":"https:\/\/i0.wp.com\/www.24baires.com\/wp-content\/uploads\/2019\/03\/vidal-y-macri.jpg?resize=350%2C200 1x, https:\/\/i0.wp.com\/www.24baires.com\/wp-content\/uploads\/2019\/03\/vidal-y-macri.jpg?resize=525%2C300 1.5x"},"classes":[]}],"jetpack_sharing_enabled":true,"jetpack_likes_enabled":true,"jetpack_featured_media_url":"","_links":{"self":[{"href":"http:\/\/www.24baires.com\/index.php?rest_route=\/wp\/v2\/posts\/75864","targetHints":{"allow":["GET"]}}],"collection":[{"href":"http:\/\/www.24baires.com\/index.php?rest_route=\/wp\/v2\/posts"}],"about":[{"href":"http:\/\/www.24baires.com\/index.php?rest_route=\/wp\/v2\/types\/post"}],"author":[{"embeddable":true,"href":"http:\/\/www.24baires.com\/index.php?rest_route=\/wp\/v2\/users\/4"}],"replies":[{"embeddable":true,"href":"http:\/\/www.24baires.com\/index.php?rest_route=%2Fwp%2Fv2%2Fcomments&post=75864"}],"version-history":[{"count":1,"href":"http:\/\/www.24baires.com\/index.php?rest_route=\/wp\/v2\/posts\/75864\/revisions"}],"predecessor-version":[{"id":75867,"href":"http:\/\/www.24baires.com\/index.php?rest_route=\/wp\/v2\/posts\/75864\/revisions\/75867"}],"wp:attachment":[{"href":"http:\/\/www.24baires.com\/index.php?rest_route=%2Fwp%2Fv2%2Fmedia&parent=75864"}],"wp:term":[{"taxonomy":"category","embeddable":true,"href":"http:\/\/www.24baires.com\/index.php?rest_route=%2Fwp%2Fv2%2Fcategories&post=75864"},{"taxonomy":"post_tag","embeddable":true,"href":"http:\/\/www.24baires.com\/index.php?rest_route=%2Fwp%2Fv2%2Ftags&post=75864"}],"curies":[{"name":"wp","href":"https:\/\/api.w.org\/{rel}","templated":true}]}}