{"id":75857,"date":"2015-12-01T20:45:15","date_gmt":"2015-12-01T23:45:15","guid":{"rendered":"http:\/\/www.24baires.com\/?p=75857"},"modified":"2015-12-01T20:45:15","modified_gmt":"2015-12-01T23:45:15","slug":"vanoli-denuncio-amenazas-contra-el-y-su-familia","status":"publish","type":"post","link":"http:\/\/www.24baires.com\/?p=75857","title":{"rendered":"Vanoli denunci\u00f3 amenazas contra \u00e9l y su familia"},"content":{"rendered":"<p>El presidente del Banco Central, Alejandro Vanoli, denunci\u00f3 que \u00e9l y miembros de su familia recibieron reiteradas amenazas telef\u00f3nicas en los \u00faltimos d\u00edas.<!--more--><\/p>\n<p>El funcionario resolvi\u00f3 radicar una denuncia por amenazas ante la Fiscal\u00eda Criminal y Correccional Federal 5 de turno a cargo de Franco Piccardi, inform\u00f3 en un comunicado oficial. <\/p>\n<p>Las amenazas en cuesti\u00f3n fueron recibidas en diferentes l\u00edneas telef\u00f3nicas de integrantes de la familia de Vanoli, explic\u00f3.<\/p>\n<p>\u00abLos episodios denunciados por Vanoli tienen lugar en momentos en que se verifica una fuerte ofensiva, con reflejo en los medios y en el \u00e1mbito judicial, orientada a desconocer la estabilidad de los mandatos de los integrantes del directorio del BCRA\u00bb, se\u00f1al\u00f3 en el comunicado.<\/p>\n","protected":false},"excerpt":{"rendered":"<p>El presidente del Banco Central, Alejandro Vanoli, denunci\u00f3 que \u00e9l y miembros de su familia recibieron reiteradas amenazas telef\u00f3nicas en los \u00faltimos d\u00edas.<\/p>\n","protected":false},"author":8,"featured_media":0,"comment_status":"open","ping_status":"open","sticky":false,"template":"","format":"standard","meta":{"_jetpack_newsletter_access":"","_jetpack_dont_email_post_to_subs":false,"_jetpack_newsletter_tier_id":0,"_jetpack_memberships_contains_paywalled_content":false,"_jetpack_memberships_contains_paid_content":false,"footnotes":""},"categories":[51],"tags":[],"class_list":["post-75857","post","type-post","status-publish","format-standard","hentry","category-politica"],"jetpack_shortlink":"https:\/\/wp.me\/p2JWE0-jJv","jetpack-related-posts":[{"id":114877,"url":"http:\/\/www.24baires.com\/?p=114877","url_meta":{"origin":75857,"position":0},"title":"El gobierno le pidi\u00f3 la renuncia a Vanoli y buscar\u00e1 darle mayor agilidad a la ANSES","author":"GB","date":"30\/04\/2020","format":false,"excerpt":"La salida del ahora ex funcionario se debe a los m\u00faltiples problemas que gener\u00f3 el cronograma de pagos de la IFE, con informaci\u00f3n confusa y falta de respuesta a los beneficiarios. El ahora ex titular de ANSES, Alejandro Vanoli, hab\u00eda quedado en el ojo de la tormenta en aquel viernes\u2026","rel":"","context":"En \u00abPol\u00edtica\u00bb","block_context":{"text":"Pol\u00edtica","link":"http:\/\/www.24baires.com\/?cat=51"},"img":{"alt_text":"","src":"https:\/\/i0.wp.com\/www.24baires.com\/wp-content\/uploads\/2020\/04\/vanoli.jpg?resize=350%2C200","width":350,"height":200,"srcset":"https:\/\/i0.wp.com\/www.24baires.com\/wp-content\/uploads\/2020\/04\/vanoli.jpg?resize=350%2C200 1x, https:\/\/i0.wp.com\/www.24baires.com\/wp-content\/uploads\/2020\/04\/vanoli.jpg?resize=525%2C300 1.5x"},"classes":[]},{"id":51202,"url":"http:\/\/www.24baires.com\/?p=51202","url_meta":{"origin":75857,"position":1},"title":"Fondos Buitre: confirmaron la denuncia ante la Comisi\u00f3n de Valores de Estados Unidos","author":"GB","date":"05\/08\/2014","format":false,"excerpt":"El presidente de la Comisi\u00f3n Nacional de Valores (CNV), Alejandro Vanoli, confirm\u00f3 que present\u00f3 el pedido de informaci\u00f3n para detectar posibles maniobras especulativas de fondos buitre con los bonos de la deuda argentina. El presidente de la Comisi\u00f3n Nacional de Valores (CNV), Alejandro Vanoli, confirm\u00f3 que anoche a \u00faltima hora\u2026","rel":"","context":"En \u00abEconom\u00eda\u00bb","block_context":{"text":"Econom\u00eda","link":"http:\/\/www.24baires.com\/?cat=45"},"img":{"alt_text":"vanoli grande","src":"https:\/\/i0.wp.com\/www.24baires.com\/wp-content\/uploads\/2014\/08\/vanoli-grande-300x199.jpg?resize=350%2C200","width":350,"height":200},"classes":[]},{"id":70499,"url":"http:\/\/www.24baires.com\/?p=70499","url_meta":{"origin":75857,"position":2},"title":"Denunciar\u00e1n a funcionarios de la Ciudad por habilitar \u00abcuevas\u00bb","author":"GB","date":"12\/08\/2015","format":false,"excerpt":"El presidente del Banco Central, Alejandro Vanoli, anunci\u00f3 este mi\u00e9rcoles que iniciar\u00e1 un juicio penal contra las autoridades del Gobierno de la Ciudad de Buenos Aires, por otorgar habilitaciones a \"comercios para que actuaran como casas de cambio\" conocidas como \"cuevas\". Vanoli fundament\u00f3 la denuncia en que ese poder de\u2026","rel":"","context":"En \u00abEconom\u00eda\u00bb","block_context":{"text":"Econom\u00eda","link":"http:\/\/www.24baires.com\/?cat=45"},"img":{"alt_text":"vanoli 1","src":"https:\/\/i0.wp.com\/www.24baires.com\/wp-content\/uploads\/2014\/10\/vanoli-1.jpg?resize=350%2C200","width":350,"height":200,"srcset":"https:\/\/i0.wp.com\/www.24baires.com\/wp-content\/uploads\/2014\/10\/vanoli-1.jpg?resize=350%2C200 1x, https:\/\/i0.wp.com\/www.24baires.com\/wp-content\/uploads\/2014\/10\/vanoli-1.jpg?resize=525%2C300 1.5x"},"classes":[]},{"id":114883,"url":"http:\/\/www.24baires.com\/?p=114883","url_meta":{"origin":75857,"position":3},"title":"Fernanda Raverta quedar\u00e1 a cargo de ANSES","author":"GB","date":"30\/04\/2020","format":false,"excerpt":"Tras la renuncia de Alejandro Vanoli, la ministra de Desarrollo de la Comunidad de la Provincia queda al mando del organismo previsional. Es licenciada en Trabajo Social y cuenta con una amplia trayectoria en el \u00e1rea. Tras la salida de Alejandro Vanoli como presidente de ANSES, el presidente de la\u2026","rel":"","context":"En \u00abPol\u00edtica\u00bb","block_context":{"text":"Pol\u00edtica","link":"http:\/\/www.24baires.com\/?cat=51"},"img":{"alt_text":"","src":"https:\/\/i0.wp.com\/www.24baires.com\/wp-content\/uploads\/2020\/04\/alberto-raberta.jpg?resize=350%2C200","width":350,"height":200,"srcset":"https:\/\/i0.wp.com\/www.24baires.com\/wp-content\/uploads\/2020\/04\/alberto-raberta.jpg?resize=350%2C200 1x, https:\/\/i0.wp.com\/www.24baires.com\/wp-content\/uploads\/2020\/04\/alberto-raberta.jpg?resize=525%2C300 1.5x"},"classes":[]},{"id":113548,"url":"http:\/\/www.24baires.com\/?p=113548","url_meta":{"origin":75857,"position":4},"title":"Anses baja la tasa de los cr\u00e9ditos a los jubilados","author":"GB","date":"23\/12\/2019","format":false,"excerpt":"La medida la anunci\u00f3 este lunes en conferencia de prensa el director del organismo previsional, Alejandro Vanoli. El director de la Administraci\u00f3n Nacional de la Seguridad Social (Anses), Alejandro Vanoli, anunci\u00f3 este lunes que el organismo previsional bajar\u00e1 hasta un 12% la tasa de los cr\u00e9ditos a los jubilados y\u2026","rel":"","context":"En \u00abPol\u00edtica\u00bb","block_context":{"text":"Pol\u00edtica","link":"http:\/\/www.24baires.com\/?cat=51"},"img":{"alt_text":"","src":"https:\/\/i0.wp.com\/www.24baires.com\/wp-content\/uploads\/2019\/12\/vanoli.jpg?resize=350%2C200","width":350,"height":200,"srcset":"https:\/\/i0.wp.com\/www.24baires.com\/wp-content\/uploads\/2019\/12\/vanoli.jpg?resize=350%2C200 1x, https:\/\/i0.wp.com\/www.24baires.com\/wp-content\/uploads\/2019\/12\/vanoli.jpg?resize=525%2C300 1.5x"},"classes":[]},{"id":52031,"url":"http:\/\/www.24baires.com\/?p=52031","url_meta":{"origin":75857,"position":5},"title":"Desde la Comisi\u00f3n Nacional de Valores denunciar\u00e1n a Donnelley en Estados Unidos","author":"Grupo Sierra","date":"18\/08\/2014","format":false,"excerpt":"Alejandro Vanoli consider\u00f3 que en el transcurso de la semana la entidad har\u00e1 la presentaci\u00f3n ante la Securities and Exchange Commission (SEC), por el supuesto accionar fraudulento de la imprenta. Vanoli dijo que la CNV est\u00e1 \"aguardando la informaci\u00f3n disponible de la AFIP para hacer la presentaci\u00f3n completa ante el\u2026","rel":"","context":"En \u00abEconom\u00eda\u00bb","block_context":{"text":"Econom\u00eda","link":"http:\/\/www.24baires.com\/?cat=45"},"img":{"alt_text":"alejandro vanoli","src":"https:\/\/i0.wp.com\/www.24baires.com\/wp-content\/uploads\/2014\/08\/alejandro-vanoli.jpg?resize=350%2C200","width":350,"height":200,"srcset":"https:\/\/i0.wp.com\/www.24baires.com\/wp-content\/uploads\/2014\/08\/alejandro-vanoli.jpg?resize=350%2C200 1x, https:\/\/i0.wp.com\/www.24baires.com\/wp-content\/uploads\/2014\/08\/alejandro-vanoli.jpg?resize=525%2C300 1.5x"},"classes":[]}],"jetpack_sharing_enabled":true,"jetpack_likes_enabled":true,"jetpack_featured_media_url":"","_links":{"self":[{"href":"http:\/\/www.24baires.com\/index.php?rest_route=\/wp\/v2\/posts\/75857","targetHints":{"allow":["GET"]}}],"collection":[{"href":"http:\/\/www.24baires.com\/index.php?rest_route=\/wp\/v2\/posts"}],"about":[{"href":"http:\/\/www.24baires.com\/index.php?rest_route=\/wp\/v2\/types\/post"}],"author":[{"embeddable":true,"href":"http:\/\/www.24baires.com\/index.php?rest_route=\/wp\/v2\/users\/8"}],"replies":[{"embeddable":true,"href":"http:\/\/www.24baires.com\/index.php?rest_route=%2Fwp%2Fv2%2Fcomments&post=75857"}],"version-history":[{"count":1,"href":"http:\/\/www.24baires.com\/index.php?rest_route=\/wp\/v2\/posts\/75857\/revisions"}],"predecessor-version":[{"id":75858,"href":"http:\/\/www.24baires.com\/index.php?rest_route=\/wp\/v2\/posts\/75857\/revisions\/75858"}],"wp:attachment":[{"href":"http:\/\/www.24baires.com\/index.php?rest_route=%2Fwp%2Fv2%2Fmedia&parent=75857"}],"wp:term":[{"taxonomy":"category","embeddable":true,"href":"http:\/\/www.24baires.com\/index.php?rest_route=%2Fwp%2Fv2%2Fcategories&post=75857"},{"taxonomy":"post_tag","embeddable":true,"href":"http:\/\/www.24baires.com\/index.php?rest_route=%2Fwp%2Fv2%2Ftags&post=75857"}],"curies":[{"name":"wp","href":"https:\/\/api.w.org\/{rel}","templated":true}]}}