{"id":75848,"date":"2015-12-01T19:32:23","date_gmt":"2015-12-01T22:32:23","guid":{"rendered":"http:\/\/www.24baires.com\/?p=75848"},"modified":"2015-12-01T19:32:23","modified_gmt":"2015-12-01T22:32:23","slug":"hollande-envio-una-carta-a-cristina-y-la-saludo-por-el-fin-de-su-mandato","status":"publish","type":"post","link":"http:\/\/www.24baires.com\/?p=75848","title":{"rendered":"Hollande envi\u00f3 una carta a Cristina y la salud\u00f3 por el fin de su mandato"},"content":{"rendered":"<p><img data-recalc-dims=\"1\" loading=\"lazy\" decoding=\"async\" src=\"https:\/\/i0.wp.com\/www.24baires.com\/wp-content\/uploads\/2015\/12\/cristina-francia.jpg?resize=560%2C368\" alt=\"cristina francia\" width=\"560\" height=\"368\" class=\"aligncenter size-full wp-image-75849\" srcset=\"https:\/\/i0.wp.com\/www.24baires.com\/wp-content\/uploads\/2015\/12\/cristina-francia.jpg?w=560 560w, https:\/\/i0.wp.com\/www.24baires.com\/wp-content\/uploads\/2015\/12\/cristina-francia.jpg?resize=300%2C197 300w\" sizes=\"auto, (max-width: 560px) 100vw, 560px\" \/>El presidente de Francia envi\u00f3 una misiva a Cristina para saludarla por el fin de su mandato, destacar el estrechamiento de las relaciones entre ambos pa\u00edses durante su gobierno y felicitarla por las pol\u00edticas que permitieron a la Argentina superar la crisis de 2001.<!--more--><\/p>\n<p>El presidente de Francia, Fran\u00e7ois Hollande, envi\u00f3 este martes una carta a Cristina Kirchner para saludarla por el pr\u00f3ximo fin de su mandato y felicitarla por las pol\u00edticas implementadas durante su gobierno que \u00abhan permitido a la Argentina levantarse luego de la grave crisis que atraves\u00f3 a principios de siglo\u00bb.<\/p>\n<p>El mandatario galo se\u00f1al\u00f3 en su carta que \u00aben el momento en que se termina su mandato, quisiera enviarle mi m\u00e1s c\u00e1lido agradecimiento por su acci\u00f3n a favor de las relaciones entre Francia y la Argentina. El refuerzo de nuestros lazos bilaterales, que se manifest\u00f3 a trav\u00e9s del \u00e9xito de su visita en Francia en marzo de 2014 en ocasi\u00f3n del Sal\u00f3n del Libro, debe mucho a su compromiso\u00bb.<\/p>\n<p>Y sigue: \u00abDurante su mandato, nuestra cooperaci\u00f3n se reforz\u00f3 de manera excepcional en todos los \u00e1mbitos, econ\u00f3mico, cient\u00edfico, cultural y tambi\u00e9n pol\u00edtico, como testimonia el papel que su papel en nuestra adopci\u00f3n de la Convenci\u00f3n Internacional para la protecci\u00f3n de las personas contra las desapariciones forzadas\u00bb.<\/p>\n","protected":false},"excerpt":{"rendered":"<p>El presidente de Francia envi\u00f3 una misiva a Cristina para saludarla por el fin de su mandato, destacar el estrechamiento de las relaciones entre ambos pa\u00edses durante su gobierno y felicitarla por las pol\u00edticas que permitieron a la Argentina superar la crisis de 2001.<\/p>\n","protected":false},"author":8,"featured_media":0,"comment_status":"open","ping_status":"open","sticky":false,"template":"","format":"standard","meta":{"_jetpack_newsletter_access":"","_jetpack_dont_email_post_to_subs":false,"_jetpack_newsletter_tier_id":0,"_jetpack_memberships_contains_paywalled_content":false,"_jetpack_memberships_contains_paid_content":false,"footnotes":""},"categories":[51],"tags":[],"class_list":["post-75848","post","type-post","status-publish","format-standard","hentry","category-politica"],"jetpack_shortlink":"https:\/\/wp.me\/p2JWE0-jJm","jetpack-related-posts":[{"id":42411,"url":"http:\/\/www.24baires.com\/?p=42411","url_meta":{"origin":75848,"position":0},"title":"Cristina se re\u00fane con Hollande en el El\u00edseo","author":"Grupo Sierra","date":"19\/03\/2014","format":false,"excerpt":"Cristina Fern\u00e1ndez de Kirchner mantiene una reuni\u00f3n en privado con el presidente socialista franc\u00e9s. Luego compartir\u00e1n un almuerzo. Por la tarde, la jefa de Estado mantendr\u00e1 un encuentro con directivos de Total. Los jefes de Estado brindan una declaraci\u00f3n com\u00fan ante la prensa (sin preguntas) en las escalinatas del Eliseo,\u2026","rel":"","context":"En \u00abPol\u00edtica\u00bb","block_context":{"text":"Pol\u00edtica","link":"http:\/\/www.24baires.com\/?cat=51"},"img":{"alt_text":"","src":"https:\/\/i0.wp.com\/www.24baires.com\/wp-content\/uploads\/2014\/03\/hollande-cristina.jpg?resize=350%2C200","width":350,"height":200,"srcset":"https:\/\/i0.wp.com\/www.24baires.com\/wp-content\/uploads\/2014\/03\/hollande-cristina.jpg?resize=350%2C200 1x, https:\/\/i0.wp.com\/www.24baires.com\/wp-content\/uploads\/2014\/03\/hollande-cristina.jpg?resize=525%2C300 1.5x"},"classes":[]},{"id":28390,"url":"http:\/\/www.24baires.com\/?p=28390","url_meta":{"origin":75848,"position":1},"title":"Emotivo mensaje de Abuelas a Cristina por el nacimiento de N\u00e9stor Iv\u00e1n","author":"AF","date":"16\/07\/2013","format":false,"excerpt":"La organizaci\u00f3n de derechos humanos le escribi\u00f3 un texto a la Presidenta de la Naci\u00f3n, en la que la felicitan por el nacimiento de su primer nieto, N\u00e9stor Iv\u00e1n Kirchner. La Asociaci\u00f3n Abuelas de Plaza de Mayo envi\u00f3 una carta p\u00fablica a la presidenta Cristina Fern\u00e1ndez de Kirchner, para felicitarla\u2026","rel":"","context":"En \u00abSociedad\u00bb","block_context":{"text":"Sociedad","link":"http:\/\/www.24baires.com\/?cat=1"},"img":{"alt_text":"","src":"https:\/\/i0.wp.com\/www.24baires.com\/wp-content\/uploads\/2013\/07\/cristina-n%C3%A9stor-iv%C3%A1n.jpg?resize=350%2C200","width":350,"height":200,"srcset":"https:\/\/i0.wp.com\/www.24baires.com\/wp-content\/uploads\/2013\/07\/cristina-n%C3%A9stor-iv%C3%A1n.jpg?resize=350%2C200 1x, https:\/\/i0.wp.com\/www.24baires.com\/wp-content\/uploads\/2013\/07\/cristina-n%C3%A9stor-iv%C3%A1n.jpg?resize=525%2C300 1.5x"},"classes":[]},{"id":41579,"url":"http:\/\/www.24baires.com\/?p=41579","url_meta":{"origin":75848,"position":2},"title":"Cristina viaja a Francia para un encuentro oficial con Hollande","author":"Grupo Sierra","date":"05\/03\/2014","format":false,"excerpt":"Particpar\u00e1 de un encuentro y posterior almuerzo oficial en el Palacio del Eliseo. Se tratar\u00e1n temas de agenda internacional entre ambos pa\u00edses. La presidenta Cristina Fern\u00e1ndez de Kirchner fue invitada por su par de Francia, Francois Hollande, a un encuentro y posterior almuerzo oficial en el Palacio del Eliseo, sede\u2026","rel":"","context":"En \u00abPol\u00edtica\u00bb","block_context":{"text":"Pol\u00edtica","link":"http:\/\/www.24baires.com\/?cat=51"},"img":{"alt_text":"cristina cordoba","src":"https:\/\/i0.wp.com\/www.24baires.com\/wp-content\/uploads\/2013\/05\/cristina-cordoba.jpg?resize=350%2C200","width":350,"height":200,"srcset":"https:\/\/i0.wp.com\/www.24baires.com\/wp-content\/uploads\/2013\/05\/cristina-cordoba.jpg?resize=350%2C200 1x, https:\/\/i0.wp.com\/www.24baires.com\/wp-content\/uploads\/2013\/05\/cristina-cordoba.jpg?resize=525%2C300 1.5x"},"classes":[]},{"id":117298,"url":"http:\/\/www.24baires.com\/?p=117298","url_meta":{"origin":75848,"position":3},"title":"Alberto a Lula: \u00abTe abrazo y espero poder hacerlo pronto en persona\u00bb","author":"AF","date":"11\/03\/2021","format":false,"excerpt":"El Presidente le envi\u00f3 un saludo al exmandatario brasilero, tras la anulaci\u00f3n de las causas en su contra por parte de la Justicia de su pa\u00eds. El presidente Alberto Fern\u00e1ndez envi\u00f3 un mensaje afectuoso este jueves al ex mandatario brasile\u00f1o Luis Inacio Lula Da Silva, despu\u00e9s de que recuperara sus\u2026","rel":"","context":"En \u00abPol\u00edtica\u00bb","block_context":{"text":"Pol\u00edtica","link":"http:\/\/www.24baires.com\/?cat=51"},"img":{"alt_text":"","src":"https:\/\/i0.wp.com\/www.24baires.com\/wp-content\/uploads\/2018\/04\/lula-da-silva.jpg?resize=350%2C200","width":350,"height":200,"srcset":"https:\/\/i0.wp.com\/www.24baires.com\/wp-content\/uploads\/2018\/04\/lula-da-silva.jpg?resize=350%2C200 1x, https:\/\/i0.wp.com\/www.24baires.com\/wp-content\/uploads\/2018\/04\/lula-da-silva.jpg?resize=525%2C300 1.5x"},"classes":[]},{"id":66396,"url":"http:\/\/www.24baires.com\/?p=66396","url_meta":{"origin":75848,"position":4},"title":"Putin envi\u00f3 una carta a Cristina destacando los \u00ablogros\u00bb de Argentina","author":"GB","date":"22\/05\/2015","format":false,"excerpt":"El presidente de la Federaci\u00f3n Rusa, Vladimir Putin, felicit\u00f3 a la presidenta Cristina Fern\u00e1ndez de Kirchner por el aniversario de la Revoluci\u00f3n de Mayo, que se cumple el lunes pr\u00f3ximo, y destac\u00f3 que \"los logros de la Argentina en los campos econ\u00f3mico-social y cient\u00edfico-t\u00e9cnico, son generalmente reconocidos\". Adem\u00e1s, Putin resalt\u00f3\u2026","rel":"","context":"En \u00abPol\u00edtica\u00bb","block_context":{"text":"Pol\u00edtica","link":"http:\/\/www.24baires.com\/?cat=51"},"img":{"alt_text":"putin cristina","src":"https:\/\/i0.wp.com\/www.24baires.com\/wp-content\/uploads\/2014\/07\/putin-cristina.jpg?resize=350%2C200","width":350,"height":200,"srcset":"https:\/\/i0.wp.com\/www.24baires.com\/wp-content\/uploads\/2014\/07\/putin-cristina.jpg?resize=350%2C200 1x, https:\/\/i0.wp.com\/www.24baires.com\/wp-content\/uploads\/2014\/07\/putin-cristina.jpg?resize=525%2C300 1.5x"},"classes":[]},{"id":107983,"url":"http:\/\/www.24baires.com\/?p=107983","url_meta":{"origin":75848,"position":5},"title":"Moreau tild\u00f3 de \u201cfantochada marketinera\u201d la convocatoria del Gobierno a Cristina","author":"GB","date":"06\/05\/2019","format":false,"excerpt":"El diputado nacional de Unidad Ciudadana sostuvo que la ex presidenta \u201cdialoga con la sociedad y eso es m\u00e1s que suficiente\u201d. De esta manera, dejo entrever sus inquietudes respecto de la iniciativa del oficialismo. \u201cEl Gobierno est\u00e1 finalizando su mandato y ahora quiere que la oposici\u00f3n le firme una auto-amnist\u00eda\u201d,\u2026","rel":"","context":"En \u00abPol\u00edtica\u00bb","block_context":{"text":"Pol\u00edtica","link":"http:\/\/www.24baires.com\/?cat=51"},"img":{"alt_text":"","src":"https:\/\/i0.wp.com\/www.24baires.com\/wp-content\/uploads\/2015\/10\/Moreau.jpg?resize=350%2C200","width":350,"height":200,"srcset":"https:\/\/i0.wp.com\/www.24baires.com\/wp-content\/uploads\/2015\/10\/Moreau.jpg?resize=350%2C200 1x, https:\/\/i0.wp.com\/www.24baires.com\/wp-content\/uploads\/2015\/10\/Moreau.jpg?resize=525%2C300 1.5x"},"classes":[]}],"jetpack_sharing_enabled":true,"jetpack_likes_enabled":true,"jetpack_featured_media_url":"","_links":{"self":[{"href":"http:\/\/www.24baires.com\/index.php?rest_route=\/wp\/v2\/posts\/75848","targetHints":{"allow":["GET"]}}],"collection":[{"href":"http:\/\/www.24baires.com\/index.php?rest_route=\/wp\/v2\/posts"}],"about":[{"href":"http:\/\/www.24baires.com\/index.php?rest_route=\/wp\/v2\/types\/post"}],"author":[{"embeddable":true,"href":"http:\/\/www.24baires.com\/index.php?rest_route=\/wp\/v2\/users\/8"}],"replies":[{"embeddable":true,"href":"http:\/\/www.24baires.com\/index.php?rest_route=%2Fwp%2Fv2%2Fcomments&post=75848"}],"version-history":[{"count":1,"href":"http:\/\/www.24baires.com\/index.php?rest_route=\/wp\/v2\/posts\/75848\/revisions"}],"predecessor-version":[{"id":75850,"href":"http:\/\/www.24baires.com\/index.php?rest_route=\/wp\/v2\/posts\/75848\/revisions\/75850"}],"wp:attachment":[{"href":"http:\/\/www.24baires.com\/index.php?rest_route=%2Fwp%2Fv2%2Fmedia&parent=75848"}],"wp:term":[{"taxonomy":"category","embeddable":true,"href":"http:\/\/www.24baires.com\/index.php?rest_route=%2Fwp%2Fv2%2Fcategories&post=75848"},{"taxonomy":"post_tag","embeddable":true,"href":"http:\/\/www.24baires.com\/index.php?rest_route=%2Fwp%2Fv2%2Ftags&post=75848"}],"curies":[{"name":"wp","href":"https:\/\/api.w.org\/{rel}","templated":true}]}}