{"id":75830,"date":"2015-12-01T16:17:51","date_gmt":"2015-12-01T19:17:51","guid":{"rendered":"http:\/\/www.24baires.com\/?p=75830"},"modified":"2015-12-01T16:17:51","modified_gmt":"2015-12-01T19:17:51","slug":"es-muy-sano-para-la-democracia-que-haya-gente-que-quiera-despedir-a-la-presidenta","status":"publish","type":"post","link":"http:\/\/www.24baires.com\/?p=75830","title":{"rendered":"\u00abEs muy sano para la democracia que haya gente que quiera despedir a la Presidenta\u00bb"},"content":{"rendered":"<p><img data-recalc-dims=\"1\" loading=\"lazy\" decoding=\"async\" src=\"https:\/\/i0.wp.com\/www.24baires.com\/wp-content\/uploads\/2015\/07\/m%C3%A1ximo-kirchner.jpg?resize=560%2C314\" alt=\"m\u00e1ximo kirchner\" width=\"560\" height=\"314\" class=\"aligncenter size-full wp-image-69855\" srcset=\"https:\/\/i0.wp.com\/www.24baires.com\/wp-content\/uploads\/2015\/07\/m%C3%A1ximo-kirchner.jpg?w=560 560w, https:\/\/i0.wp.com\/www.24baires.com\/wp-content\/uploads\/2015\/07\/m%C3%A1ximo-kirchner.jpg?resize=300%2C168 300w\" sizes=\"auto, (max-width: 560px) 100vw, 560px\" \/>As\u00ed lo asegur\u00f3 el diputado electo del FpV por Santa Cruz, M\u00e1ximo Kirchner, quien consider\u00f3 que el escenario \u00abes positivo para todos los argentinos e incluso para el presidente que asume, que realmente est\u00e1 recibiendo una situaci\u00f3n muy diferente a la que recibi\u00f3 N\u00e9stor\u00bb.<!--more--><\/p>\n<p>El diputado nacional electo del Frente para la Victoria (FpV) por Santa Cruz, M\u00e1ximo Kirchner sostuvo que \u00abes muy sano para la democracia que despu\u00e9s de mucho tiempo haya gente que quiera despedir a la Presidenta y no que se tenga que ir en helic\u00f3ptero o escondido\u00bb, como fue el caso del ex presidente Fernando de la R\u00faa (Alianza) en 2001.<\/p>\n<p>El l\u00edder de la organizaci\u00f3n La C\u00e1mpora e hijo de la presidenta Cristina Fern\u00e1ndez de Kirchner remarc\u00f3 que el deseo de un sector de la sociedad de acompa\u00f1ar la salida del gobierno de la jefa de Estado \u00abes positivo para todos los argentinos e incluso para el presidente que asume, que realmente est\u00e1 recibiendo una situaci\u00f3n muy diferente a la que recibi\u00f3 N\u00e9stor (Kirchner)\u201d.<\/p>\n<p>M\u00e1ximo Kirchner hizo estas declaraciones al dialogar con distintos medios en el auditorio de la Universidad Nacional de la Patagonia Austral, donde la gobernadora electa de Santa Cruz, Alicia Kirchner, present\u00f3 a los integrantes del gabinete provincial que la acompa\u00f1ar\u00e1n en su gesti\u00f3n a partir del 11 de diciembre.<\/p>\n<p>Consultado por los nombres que compondr\u00e1n el nuevo gabinete nacional de Mauricio Macri, el diputado nacional electo por el pueblo de Santa Cruz sostuvo que \u201chay que ver qu\u00e9 es lo que van hacer\u00bb y agreg\u00f3: \u00abUno no quiere caer en preconceptos ni en prejuicios, pero esos nombres tienen ideas, as\u00ed que veremos si eso sirve a la realidad del conjunto de los argentinos\u201d.<\/p>\n<p>\u201cEs muy dif\u00edcil aventurarse con estos cambios porque un d\u00eda pueden decirte que van a privatizar Aerol\u00edneas Argentinas y otro d\u00eda que no\u201d se\u00f1al\u00f3, y luego grafic\u00f3: \u201c(Mariano) Recalde fue criticado cuando se lo nombr\u00f3 (en la aerol\u00ednea de bandera) porque no sab\u00eda de aviones, pero era alguien que ten\u00eda gran experiencia en el manejo de gremios, tema que se necesitaba solucionar porque en Aerol\u00edneas conviven m\u00e1s de siete gremios, y ahora pusieron una persona (Isela Constantini) que es capaz, calculo, pero que tambi\u00e9n no viene del rubro de la aviaci\u00f3n\u201d.<\/p>\n<p>\u201cEstando, aparte, en el gabinete (Gustavo) Lopetegui que es de LAN, yo espero que cuiden Aerol\u00edneas Argentinas porque es de todos los argentinos, porque nos da conectividad social y tambi\u00e9n porque mantiene econom\u00edas regionales\u201d, remarc\u00f3.<\/p>\n","protected":false},"excerpt":{"rendered":"<p>As\u00ed lo asegur\u00f3 el diputado electo del FpV por Santa Cruz, M\u00e1ximo Kirchner, quien consider\u00f3 que el escenario \u00abes positivo para todos los argentinos e incluso para el presidente que asume, que realmente est\u00e1 recibiendo una situaci\u00f3n muy diferente a la que recibi\u00f3 N\u00e9stor\u00bb.<\/p>\n","protected":false},"author":8,"featured_media":0,"comment_status":"open","ping_status":"open","sticky":false,"template":"","format":"standard","meta":{"_jetpack_newsletter_access":"","_jetpack_dont_email_post_to_subs":false,"_jetpack_newsletter_tier_id":0,"_jetpack_memberships_contains_paywalled_content":false,"_jetpack_memberships_contains_paid_content":false,"footnotes":""},"categories":[51],"tags":[],"class_list":["post-75830","post","type-post","status-publish","format-standard","hentry","category-politica"],"jetpack_shortlink":"https:\/\/wp.me\/p2JWE0-jJ4","jetpack-related-posts":[{"id":103525,"url":"http:\/\/www.24baires.com\/?p=103525","url_meta":{"origin":75830,"position":0},"title":"Presentan proyecto para derogar el decreto de Macri de intervenci\u00f3n de las Fuerzas Armadas","author":"AF","date":"25\/07\/2018","format":false,"excerpt":"Los fundamentos de la iniciativa que encabeza el presidente del bloque FPV-PJ, Agust\u00edn Rossi, sostienen que el presidente \u201ca trav\u00e9s de un simple decreto reglamentario intenta cambiar las bases sobre las que est\u00e1 estructurado nuestro sistema de Defensa Nacional, construido desde la recuperaci\u00f3n democr\u00e1tica\u201d. Diputados y diputadas del bloque FPV-PJ\u2026","rel":"","context":"En \u00abLocales\u00bb","block_context":{"text":"Locales","link":"http:\/\/www.24baires.com\/?cat=38"},"img":{"alt_text":"","src":"https:\/\/i0.wp.com\/www.24baires.com\/wp-content\/uploads\/2018\/07\/macri-fuerzas.jpg?resize=350%2C200","width":350,"height":200,"srcset":"https:\/\/i0.wp.com\/www.24baires.com\/wp-content\/uploads\/2018\/07\/macri-fuerzas.jpg?resize=350%2C200 1x, https:\/\/i0.wp.com\/www.24baires.com\/wp-content\/uploads\/2018\/07\/macri-fuerzas.jpg?resize=525%2C300 1.5x"},"classes":[]},{"id":113318,"url":"http:\/\/www.24baires.com\/?p=113318","url_meta":{"origin":75830,"position":1},"title":"Alberto y Cristina asumen el mando del pa\u00eds con un festival en Plaza de Mayo","author":"GB","date":"10\/12\/2019","format":false,"excerpt":"Ambos prestar\u00e1n juramento en la Asamblea Legislativa en la que el presidente saliente entregar\u00e1 el poder. Este jueves 10 de diciembre quedar\u00e1 en la historia tras el regreso del peronismo al poder luego de cuatro a\u00f1os de gobierno de Mauricio Macri. El presidente electo, Alberto Fern\u00e1ndez, asumir\u00e1 junto a la\u2026","rel":"","context":"En \u00abPol\u00edtica\u00bb","block_context":{"text":"Pol\u00edtica","link":"http:\/\/www.24baires.com\/?cat=51"},"img":{"alt_text":"","src":"https:\/\/i0.wp.com\/www.24baires.com\/wp-content\/uploads\/2019\/11\/cfk-alberto.jpg?resize=350%2C200","width":350,"height":200,"srcset":"https:\/\/i0.wp.com\/www.24baires.com\/wp-content\/uploads\/2019\/11\/cfk-alberto.jpg?resize=350%2C200 1x, https:\/\/i0.wp.com\/www.24baires.com\/wp-content\/uploads\/2019\/11\/cfk-alberto.jpg?resize=525%2C300 1.5x"},"classes":[]},{"id":107069,"url":"http:\/\/www.24baires.com\/?p=107069","url_meta":{"origin":75830,"position":2},"title":"\u00abMacri volvi\u00f3 a faltarles el respeto a los 40 millones de argentinos\u00bb","author":"GB","date":"04\/03\/2019","format":false,"excerpt":"As\u00ed lo indic\u00f3 el diputado peronista Fernando Espinoza, luego del discurso del Presidente en la apertura de sesiones ordinarias. \"Decepcion\u00f3 a muchas personas que permanec\u00eda indecisas\", dijo El diputado nacional por la provincia de Buenos Aires Fernando Espinoza (FPV-PJ) se refiri\u00f3 al discurso pronunciado por el presidente de la Naci\u00f3n\u2026","rel":"","context":"En \u00abPol\u00edtica\u00bb","block_context":{"text":"Pol\u00edtica","link":"http:\/\/www.24baires.com\/?cat=51"},"img":{"alt_text":"","src":"https:\/\/i0.wp.com\/www.24baires.com\/wp-content\/uploads\/2019\/03\/espinoza.jpg?resize=350%2C200","width":350,"height":200,"srcset":"https:\/\/i0.wp.com\/www.24baires.com\/wp-content\/uploads\/2019\/03\/espinoza.jpg?resize=350%2C200 1x, https:\/\/i0.wp.com\/www.24baires.com\/wp-content\/uploads\/2019\/03\/espinoza.jpg?resize=525%2C300 1.5x"},"classes":[]},{"id":77979,"url":"http:\/\/www.24baires.com\/?p=77979","url_meta":{"origin":75830,"position":3},"title":"M\u00e1ximo habl\u00f3 sobre la usurpaci\u00f3n de su despacho en el Congreso","author":"AF","date":"22\/01\/2016","format":false,"excerpt":"El diputado por Santa Cruz, M\u00e1ximo Kirchner, habl\u00f3 sobre la usurpaci\u00f3n de su despacho en el Congreso Nacional. \"Si me hubiesen avisado que necesitaban ingresar lo hubi\u00e9semos dialogado\". As\u00ed respondi\u00f3 el diputado por la provincia de Santa Cruz, M\u00e1ximo Kirchner, a la \"usurpaci\u00f3n\" que se realiz\u00f3 en la oficina que\u2026","rel":"","context":"En \u00abPol\u00edtica\u00bb","block_context":{"text":"Pol\u00edtica","link":"http:\/\/www.24baires.com\/?cat=51"},"img":{"alt_text":"m\u00e1ximo kirchner","src":"https:\/\/i0.wp.com\/www.24baires.com\/wp-content\/uploads\/2015\/07\/m%C3%A1ximo-kirchner.jpg?resize=350%2C200","width":350,"height":200,"srcset":"https:\/\/i0.wp.com\/www.24baires.com\/wp-content\/uploads\/2015\/07\/m%C3%A1ximo-kirchner.jpg?resize=350%2C200 1x, https:\/\/i0.wp.com\/www.24baires.com\/wp-content\/uploads\/2015\/07\/m%C3%A1ximo-kirchner.jpg?resize=525%2C300 1.5x"},"classes":[]},{"id":118521,"url":"http:\/\/www.24baires.com\/?p=118521","url_meta":{"origin":75830,"position":4},"title":"M\u00e1ximo Kirchner renunci\u00f3 a la presidencia del bloque de Diputados por el acuerdo con el FMI","author":"AF","date":"31\/01\/2022","format":false,"excerpt":"El diputado present\u00f3 una carta para anunciar su renuncia por \"no compartir la estrategia y los resultados de la negociaci\u00f3n con el FMI\". El dirigente M\u00e1ximo Kirchner renunci\u00f3 hoy a la presidencia del bloque de diputados nacionales del Frente de Todos en discrepancia con \"la estrategia utilizada\" por el Gobierno\u2026","rel":"","context":"En \u00abPol\u00edtica\u00bb","block_context":{"text":"Pol\u00edtica","link":"http:\/\/www.24baires.com\/?cat=51"},"img":{"alt_text":"","src":"https:\/\/i0.wp.com\/www.24baires.com\/wp-content\/uploads\/2022\/01\/maximo-kirchner-2jpeg.jpeg?resize=350%2C200","width":350,"height":200,"srcset":"https:\/\/i0.wp.com\/www.24baires.com\/wp-content\/uploads\/2022\/01\/maximo-kirchner-2jpeg.jpeg?resize=350%2C200 1x, https:\/\/i0.wp.com\/www.24baires.com\/wp-content\/uploads\/2022\/01\/maximo-kirchner-2jpeg.jpeg?resize=525%2C300 1.5x"},"classes":[]},{"id":77472,"url":"http:\/\/www.24baires.com\/?p=77472","url_meta":{"origin":75830,"position":5},"title":"\u00abEste gobierno siempre tiene una excusa a mano para callar voces\u00bb","author":"GB","date":"11\/01\/2016","format":false,"excerpt":"El diputado nacional por Santa Cruz opin\u00f3 sobre los despidos de la nueva gesti\u00f3n, tanto la del periodista Victor Hugo Morales de Radio Continental como la ola de empleados p\u00fablicos. \"Si el Estado despide trabajadores el resto se sentir\u00e1 habilitado para seguir haci\u00e9ndolo\u201d, afirm\u00f3. M\u00e1ximo Kirchner, diputado nacional por Santa\u2026","rel":"","context":"En \u00abPol\u00edtica\u00bb","block_context":{"text":"Pol\u00edtica","link":"http:\/\/www.24baires.com\/?cat=51"},"img":{"alt_text":"m\u00e1ximo kirchner","src":"https:\/\/i0.wp.com\/www.24baires.com\/wp-content\/uploads\/2015\/07\/m%C3%A1ximo-kirchner.jpg?resize=350%2C200","width":350,"height":200,"srcset":"https:\/\/i0.wp.com\/www.24baires.com\/wp-content\/uploads\/2015\/07\/m%C3%A1ximo-kirchner.jpg?resize=350%2C200 1x, https:\/\/i0.wp.com\/www.24baires.com\/wp-content\/uploads\/2015\/07\/m%C3%A1ximo-kirchner.jpg?resize=525%2C300 1.5x"},"classes":[]}],"jetpack_sharing_enabled":true,"jetpack_likes_enabled":true,"jetpack_featured_media_url":"","_links":{"self":[{"href":"http:\/\/www.24baires.com\/index.php?rest_route=\/wp\/v2\/posts\/75830","targetHints":{"allow":["GET"]}}],"collection":[{"href":"http:\/\/www.24baires.com\/index.php?rest_route=\/wp\/v2\/posts"}],"about":[{"href":"http:\/\/www.24baires.com\/index.php?rest_route=\/wp\/v2\/types\/post"}],"author":[{"embeddable":true,"href":"http:\/\/www.24baires.com\/index.php?rest_route=\/wp\/v2\/users\/8"}],"replies":[{"embeddable":true,"href":"http:\/\/www.24baires.com\/index.php?rest_route=%2Fwp%2Fv2%2Fcomments&post=75830"}],"version-history":[{"count":1,"href":"http:\/\/www.24baires.com\/index.php?rest_route=\/wp\/v2\/posts\/75830\/revisions"}],"predecessor-version":[{"id":75831,"href":"http:\/\/www.24baires.com\/index.php?rest_route=\/wp\/v2\/posts\/75830\/revisions\/75831"}],"wp:attachment":[{"href":"http:\/\/www.24baires.com\/index.php?rest_route=%2Fwp%2Fv2%2Fmedia&parent=75830"}],"wp:term":[{"taxonomy":"category","embeddable":true,"href":"http:\/\/www.24baires.com\/index.php?rest_route=%2Fwp%2Fv2%2Fcategories&post=75830"},{"taxonomy":"post_tag","embeddable":true,"href":"http:\/\/www.24baires.com\/index.php?rest_route=%2Fwp%2Fv2%2Ftags&post=75830"}],"curies":[{"name":"wp","href":"https:\/\/api.w.org\/{rel}","templated":true}]}}