{"id":75822,"date":"2015-12-01T15:00:03","date_gmt":"2015-12-01T18:00:03","guid":{"rendered":"http:\/\/www.24baires.com\/?p=75822"},"modified":"2015-12-01T12:50:15","modified_gmt":"2015-12-01T15:50:15","slug":"el-productor-de-fantino-sera-secretario-de-politicas-universitarias","status":"publish","type":"post","link":"http:\/\/www.24baires.com\/?p=75822","title":{"rendered":"El productor de Fantino ser\u00e1 Secretario de Pol\u00edticas Universitarias"},"content":{"rendered":"<p><img data-recalc-dims=\"1\" loading=\"lazy\" decoding=\"async\" class=\"aligncenter size-full wp-image-75823\" src=\"https:\/\/i0.wp.com\/www.24baires.com\/wp-content\/uploads\/2015\/12\/juan-cruz-%C3%A1vila.jpg?resize=560%2C314\" alt=\"juan cruz \u00e1vila\" width=\"560\" height=\"314\" srcset=\"https:\/\/i0.wp.com\/www.24baires.com\/wp-content\/uploads\/2015\/12\/juan-cruz-%C3%A1vila.jpg?w=560 560w, https:\/\/i0.wp.com\/www.24baires.com\/wp-content\/uploads\/2015\/12\/juan-cruz-%C3%A1vila.jpg?resize=300%2C168 300w\" sizes=\"auto, (max-width: 560px) 100vw, 560px\" \/>Juan Cruz \u00c1vila ser\u00e1 secretario de Pol\u00edticas Universitarias de la cartera que conducir\u00e1 Esteban Bullrich desde el 10 de diciembre. \u00abEs una figura neutral para la grieta\u00bb, argument\u00f3 el futuro ministro.<!--more--><\/p>\n<p>El productor del programa de Alejandro Fantino, Juan Cruz \u00c1vila, ser\u00e1 el secretario de Pol\u00edticas Universitarias del Ministerio de Educaci\u00f3n a partir del 10 de diciembre. As\u00ed lo confirm\u00f3 el futuro ministro de esa cartera, Esteban Bullrich, que destac\u00f3 que el hijo de Carlos \u00c1vil es \u00abuna figura neutral para la grieta\u00bb.<\/p>\n<p>\u00abConf\u00edo en \u00e9l, va a ser muy transparente. Viene trabajando en Medicina y el Hospital de Cl\u00ednicas. Es una figura neutral para la grieta\u00bb, argument\u00f3 Bullrich al ser consultado por La Naci\u00f3n sobre la designaci\u00f3n del productor de Animales Sueltos en el cargo. \u00abNuestra idea es que todos los fondos de los distintos ministerios que tienen que ver con la universidad pasen a manejarse desde Educaci\u00f3n. El objetivo es ordenamiento y transparencia. Y el foco principal ser\u00e1 la calidad del sistema universitario. Y es una figura vista como neutra por los dos lados. Lo consult\u00e9 con los rectores radicales\u00bb, afirm\u00f3, aunque no precis\u00f3 con qui\u00e9nes.<\/p>\n<p>\u00abProductor de TV, Jotax Producciones. Licenciado en Psicolog\u00eda, Hospital de Clinicas\u00bb. As\u00ed se define \u00c1vila en su cuenta de Twitter. Hace cuatro a\u00f1os, en 2011, se recibi\u00f3 de licenciado en psicolog\u00eda por la Universidad de Belgrano, y desde 2013 es jefe de Hospital de D\u00eda del servicio de Salud Mental del Hospital de Cl\u00ednicas, cargo que gan\u00f3 por concurso.<\/p>\n<p>Su perfil, m\u00e1s vinculado a la gesti\u00f3n privada, contrasta con el que actualmente est\u00e1 al frente de esa secretar\u00eda Aldo Caballero, de perfil bien acad\u00e9mico, ingeniero electricista y doctor en Ciencias T\u00e9cnicas por la Universidad Nacional de Misiones y La Plata, la \u00c9cole Politechnique F\u00e9d\u00e9ral de Lausanne, el Engineering College of Iverdon (ambos de Suiza) y el Instituto Superior Polit\u00e9cnico Jos\u00e9 Antonio Echeverr\u00eda (de La Habana, Cuba).<\/p>\n<p>La subsecretaria de Pol\u00edticas Universitarias que acompa\u00f1ar\u00e1 a Avila ser\u00e1 Danya Tavela, vicerrectora de la Universidad Nacional del Noroeste de la Provincia de Buenos Aires (UNNOBA) y referente educativa del frente Progresistas de Margarita Stolbizer.<\/p>\n<p>&nbsp;<\/p>\n<p>&nbsp;<\/p>\n<p>&nbsp;<\/p>\n<p>&nbsp;<\/p>\n<p>&nbsp;<\/p>\n<p>&nbsp;<\/p>\n<p>&nbsp;<\/p>\n<p>&nbsp;<\/p>\n<p>&nbsp;<\/p>\n<p>&nbsp;<\/p>\n<p>&nbsp;<\/p>\n<p>&nbsp;<\/p>\n<p>&nbsp;<\/p>\n<p>&nbsp;<\/p>\n<p>&nbsp;<\/p>\n<p>&nbsp;<\/p>\n<p>&nbsp;<\/p>\n","protected":false},"excerpt":{"rendered":"<p>Juan Cruz \u00c1vila ser\u00e1 secretario de Pol\u00edticas Universitarias de la cartera que conducir\u00e1 Esteban Bullrich desde el 10 de diciembre. \u00abEs una figura neutral para la grieta\u00bb, argument\u00f3 el futuro ministro.<\/p>\n","protected":false},"author":4,"featured_media":0,"comment_status":"open","ping_status":"open","sticky":false,"template":"","format":"standard","meta":{"_jetpack_newsletter_access":"","_jetpack_dont_email_post_to_subs":false,"_jetpack_newsletter_tier_id":0,"_jetpack_memberships_contains_paywalled_content":false,"_jetpack_memberships_contains_paid_content":false,"footnotes":""},"categories":[51],"tags":[],"class_list":["post-75822","post","type-post","status-publish","format-standard","hentry","category-politica"],"jetpack_shortlink":"https:\/\/wp.me\/p2JWE0-jIW","jetpack-related-posts":[{"id":105152,"url":"http:\/\/www.24baires.com\/?p=105152","url_meta":{"origin":75822,"position":0},"title":"Arranca el debate por el Presupuesto en el Senado de la Naci\u00f3n","author":"GB","date":"29\/10\/2018","format":false,"excerpt":"El proyecto que ya cuenta con la media sanci\u00f3n de Diputados en medio de represi\u00f3n a manifestantes, ser\u00e1 abordado en la C\u00e1mara Alta. El mismo comenzar\u00e1 a tratarse en la comisi\u00f3n que preside, el macrista Esteban Bullrich. El ministro de Hacienda, Nicol\u00e1s Dujovne, visitar\u00e1 este lunes a las 15 el\u2026","rel":"","context":"En \u00abPol\u00edtica\u00bb","block_context":{"text":"Pol\u00edtica","link":"http:\/\/www.24baires.com\/?cat=51"},"img":{"alt_text":"","src":"https:\/\/i0.wp.com\/www.24baires.com\/wp-content\/uploads\/2018\/08\/senado.jpg?resize=350%2C200","width":350,"height":200,"srcset":"https:\/\/i0.wp.com\/www.24baires.com\/wp-content\/uploads\/2018\/08\/senado.jpg?resize=350%2C200 1x, https:\/\/i0.wp.com\/www.24baires.com\/wp-content\/uploads\/2018\/08\/senado.jpg?resize=525%2C300 1.5x"},"classes":[]},{"id":91162,"url":"http:\/\/www.24baires.com\/?p=91162","url_meta":{"origin":75822,"position":1},"title":"El Ministerio de Educaci\u00f3n echar\u00e1 a 400 trabajadores","author":"GB","date":"28\/12\/2016","format":false,"excerpt":"Mientras el ministro Esteban Bullrich est\u00e1 de vacaciones, dos de sus funcionarios encabezan las cesant\u00edas en distintas \u00e1reas de la cartera. El ministro de Educaci\u00f3n y Deportes, Esteban Bullrich, orden\u00f3 a dos de sus funcionarios a echar a 400 trabajadores de distintas \u00e1reas y niveles de contrataci\u00f3n. El jefe de\u2026","rel":"","context":"En \u00abSociedad\u00bb","block_context":{"text":"Sociedad","link":"http:\/\/www.24baires.com\/?cat=1"},"img":{"alt_text":"","src":"https:\/\/i0.wp.com\/www.24baires.com\/wp-content\/uploads\/2015\/12\/esteban-bullrich.jpg?resize=350%2C200","width":350,"height":200,"srcset":"https:\/\/i0.wp.com\/www.24baires.com\/wp-content\/uploads\/2015\/12\/esteban-bullrich.jpg?resize=350%2C200 1x, https:\/\/i0.wp.com\/www.24baires.com\/wp-content\/uploads\/2015\/12\/esteban-bullrich.jpg?resize=525%2C300 1.5x"},"classes":[]},{"id":82913,"url":"http:\/\/www.24baires.com\/?p=82913","url_meta":{"origin":75822,"position":2},"title":"Bullrich cerr\u00f3 la paritaria universitaria con un aumento del 35%","author":"GB","date":"19\/05\/2016","format":false,"excerpt":"En la octava mesa de negociaci\u00f3n paritaria, el Ministro de Educaci\u00f3n y Deportes, Esteban Bullrich realiz\u00f3 una nueva oferta salarial y firm\u00f3 este mediod\u00eda el acta paritaria con cinco de las seis federaciones que representan a los docentes universitarios. En tanto que la CONADU Hist\u00f3rica, que no firm\u00f3, considero la\u2026","rel":"","context":"En \u00abPol\u00edtica\u00bb","block_context":{"text":"Pol\u00edtica","link":"http:\/\/www.24baires.com\/?cat=51"},"img":{"alt_text":"esteban bullrich","src":"https:\/\/i0.wp.com\/www.24baires.com\/wp-content\/uploads\/2015\/12\/esteban-bullrich1.jpg?resize=350%2C200","width":350,"height":200,"srcset":"https:\/\/i0.wp.com\/www.24baires.com\/wp-content\/uploads\/2015\/12\/esteban-bullrich1.jpg?resize=350%2C200 1x, https:\/\/i0.wp.com\/www.24baires.com\/wp-content\/uploads\/2015\/12\/esteban-bullrich1.jpg?resize=525%2C300 1.5x"},"classes":[]},{"id":105122,"url":"http:\/\/www.24baires.com\/?p=105122","url_meta":{"origin":75822,"position":3},"title":"Cambiemos espera aprobar el presupuesto el 14 de noviembre","author":"GB","date":"26\/10\/2018","format":false,"excerpt":"Luego del debate en la C\u00e1mara Baja, el gobierno nacional posa las miradas sobre el Senado que comenzar\u00e1 a discutir el proyecto este lunes. Luego de que la C\u00e1mara de Diputados diera media sanci\u00f3n al Presupuesto 2019, que cosech\u00f3 138 votos a favor, 103 en contra y ocho abstenciones, se\u2026","rel":"","context":"En \u00abPol\u00edtica\u00bb","block_context":{"text":"Pol\u00edtica","link":"http:\/\/www.24baires.com\/?cat=51"},"img":{"alt_text":"","src":"https:\/\/i0.wp.com\/www.24baires.com\/wp-content\/uploads\/2018\/10\/dipiutades.jpg?resize=350%2C200","width":350,"height":200,"srcset":"https:\/\/i0.wp.com\/www.24baires.com\/wp-content\/uploads\/2018\/10\/dipiutades.jpg?resize=350%2C200 1x, https:\/\/i0.wp.com\/www.24baires.com\/wp-content\/uploads\/2018\/10\/dipiutades.jpg?resize=525%2C300 1.5x"},"classes":[]},{"id":120690,"url":"http:\/\/www.24baires.com\/?p=120690","url_meta":{"origin":75822,"position":4},"title":"Bullrich vuelve a Seguridad y crece la influencia de Macri","author":"AF","date":"24\/11\/2023","format":false,"excerpt":"La excandidata a presidente de Juntos por el Cambio volver\u00e1 a estar al frente de la cartera que ejerci\u00f3 entre 2015 y 2019. Tambi\u00e9n, este jueves se inform\u00f3 que Carolina P\u00edparo no estar\u00e1 al frente de la ANSES, tal como se hab\u00eda anunciado. El presidente electo Javier Milei continu\u00f3 en\u2026","rel":"","context":"En \u00abPol\u00edtica\u00bb","block_context":{"text":"Pol\u00edtica","link":"http:\/\/www.24baires.com\/?cat=51"},"img":{"alt_text":"","src":"https:\/\/i0.wp.com\/www.24baires.com\/wp-content\/uploads\/2023\/11\/bullrich.jpg?resize=350%2C200","width":350,"height":200,"srcset":"https:\/\/i0.wp.com\/www.24baires.com\/wp-content\/uploads\/2023\/11\/bullrich.jpg?resize=350%2C200 1x, https:\/\/i0.wp.com\/www.24baires.com\/wp-content\/uploads\/2023\/11\/bullrich.jpg?resize=525%2C300 1.5x, https:\/\/i0.wp.com\/www.24baires.com\/wp-content\/uploads\/2023\/11\/bullrich.jpg?resize=700%2C400 2x, https:\/\/i0.wp.com\/www.24baires.com\/wp-content\/uploads\/2023\/11\/bullrich.jpg?resize=1050%2C600 3x"},"classes":[]},{"id":120723,"url":"http:\/\/www.24baires.com\/?p=120723","url_meta":{"origin":75822,"position":5},"title":"A d\u00edas de asumir, Milei a\u00fan no logra completar su gabinete","author":"AF","date":"05\/12\/2023","format":false,"excerpt":"Desde la AFI a Salud, varias de las \u00e1reas de gesti\u00f3n contin\u00faan vacantes. Apurado por la cercan\u00eda del 10 de diciembre, Milei atiende posibles candidatos en un hotel de Retiro y apura definiciones. Reuniones, una tras otra. Tel\u00e9fonos sonando a toda hora y definiciones a contrarreloj. As\u00ed fue la jornada\u2026","rel":"","context":"En \u00abPol\u00edtica\u00bb","block_context":{"text":"Pol\u00edtica","link":"http:\/\/www.24baires.com\/?cat=51"},"img":{"alt_text":"","src":"https:\/\/i0.wp.com\/www.24baires.com\/wp-content\/uploads\/2023\/12\/milei.jpg?resize=350%2C200","width":350,"height":200,"srcset":"https:\/\/i0.wp.com\/www.24baires.com\/wp-content\/uploads\/2023\/12\/milei.jpg?resize=350%2C200 1x, https:\/\/i0.wp.com\/www.24baires.com\/wp-content\/uploads\/2023\/12\/milei.jpg?resize=525%2C300 1.5x, https:\/\/i0.wp.com\/www.24baires.com\/wp-content\/uploads\/2023\/12\/milei.jpg?resize=700%2C400 2x"},"classes":[]}],"jetpack_sharing_enabled":true,"jetpack_likes_enabled":true,"jetpack_featured_media_url":"","_links":{"self":[{"href":"http:\/\/www.24baires.com\/index.php?rest_route=\/wp\/v2\/posts\/75822","targetHints":{"allow":["GET"]}}],"collection":[{"href":"http:\/\/www.24baires.com\/index.php?rest_route=\/wp\/v2\/posts"}],"about":[{"href":"http:\/\/www.24baires.com\/index.php?rest_route=\/wp\/v2\/types\/post"}],"author":[{"embeddable":true,"href":"http:\/\/www.24baires.com\/index.php?rest_route=\/wp\/v2\/users\/4"}],"replies":[{"embeddable":true,"href":"http:\/\/www.24baires.com\/index.php?rest_route=%2Fwp%2Fv2%2Fcomments&post=75822"}],"version-history":[{"count":1,"href":"http:\/\/www.24baires.com\/index.php?rest_route=\/wp\/v2\/posts\/75822\/revisions"}],"predecessor-version":[{"id":75824,"href":"http:\/\/www.24baires.com\/index.php?rest_route=\/wp\/v2\/posts\/75822\/revisions\/75824"}],"wp:attachment":[{"href":"http:\/\/www.24baires.com\/index.php?rest_route=%2Fwp%2Fv2%2Fmedia&parent=75822"}],"wp:term":[{"taxonomy":"category","embeddable":true,"href":"http:\/\/www.24baires.com\/index.php?rest_route=%2Fwp%2Fv2%2Fcategories&post=75822"},{"taxonomy":"post_tag","embeddable":true,"href":"http:\/\/www.24baires.com\/index.php?rest_route=%2Fwp%2Fv2%2Ftags&post=75822"}],"curies":[{"name":"wp","href":"https:\/\/api.w.org\/{rel}","templated":true}]}}