{"id":75820,"date":"2015-12-01T14:00:55","date_gmt":"2015-12-01T17:00:55","guid":{"rendered":"http:\/\/www.24baires.com\/?p=75820"},"modified":"2015-12-02T10:55:28","modified_gmt":"2015-12-02T13:55:28","slug":"cristina-se-reune-con-los-gobernadores-electos-y-salientes-del-fpv","status":"publish","type":"post","link":"http:\/\/www.24baires.com\/?p=75820","title":{"rendered":"Cristina se re\u00fane con los gobernadores electos y salientes del FpV"},"content":{"rendered":"<p><img data-recalc-dims=\"1\" loading=\"lazy\" decoding=\"async\" class=\"aligncenter size-full wp-image-70904\" src=\"https:\/\/i0.wp.com\/www.24baires.com\/wp-content\/uploads\/2015\/08\/cristina-cadena.jpg?resize=560%2C313\" alt=\"cristina cadena\" width=\"560\" height=\"313\" srcset=\"https:\/\/i0.wp.com\/www.24baires.com\/wp-content\/uploads\/2015\/08\/cristina-cadena.jpg?w=560 560w, https:\/\/i0.wp.com\/www.24baires.com\/wp-content\/uploads\/2015\/08\/cristina-cadena.jpg?resize=300%2C168 300w\" sizes=\"auto, (max-width: 560px) 100vw, 560px\" \/>Cristina Fern\u00e1ndez de Kirchner los convoc\u00f3 en el marco de un almuerzo para agradecer el apoyo brindado y analizar el futuro de la fuerza a partir del 10 de diciembre.<!--more--><\/p>\n<p>Seg\u00fan confirmaron fuentes oficiales, la reuni\u00f3n se lleva a cabo al mediod\u00eda en la Casa Rosada, donde est\u00e1n presentes los gobernadores electos en los distintos comicios desarrollados este a\u00f1o en el pa\u00eds y tambi\u00e9n los salientes.<\/p>\n<p>Entre otros temas a tratar, se indic\u00f3, la Presidenta y los gobernadores analizar\u00e1n el futuro institucional del Frente para la Victoria de cara al futuro, mientras que la mandataria agradecer\u00e1 el apoyo brindado en cada una de las provincias.<\/p>\n<p>Esta convocatoria se suma a la realizada por la mandataria la semana pasada, cuando recibi\u00f3 en la quinta de Olivos a poco m\u00e1s de 90 de los 130 legisladores nacionales del FpV, a quienes le manifest\u00f3 su agradecimiento por la tarea realizada en los \u00faltimos a\u00f1os, al tiempo que los alent\u00f3 a trabajar \u00abconstructivamente\u00bb desde el nuevo rol opositor del espacio.<\/p>\n","protected":false},"excerpt":{"rendered":"<p>Cristina Fern\u00e1ndez de Kirchner los convoc\u00f3 en el marco de un almuerzo para agradecer el apoyo brindado y analizar el futuro de la fuerza a partir del 10 de diciembre.<\/p>\n","protected":false},"author":4,"featured_media":0,"comment_status":"open","ping_status":"open","sticky":false,"template":"","format":"standard","meta":{"_jetpack_newsletter_access":"","_jetpack_dont_email_post_to_subs":false,"_jetpack_newsletter_tier_id":0,"_jetpack_memberships_contains_paywalled_content":false,"_jetpack_memberships_contains_paid_content":false,"footnotes":""},"categories":[51],"tags":[],"class_list":["post-75820","post","type-post","status-publish","format-standard","hentry","category-politica"],"jetpack_shortlink":"https:\/\/wp.me\/p2JWE0-jIU","jetpack-related-posts":[{"id":120702,"url":"http:\/\/www.24baires.com\/?p=120702","url_meta":{"origin":75820,"position":0},"title":"Massa garantiz\u00f3 los fondos a las provincias para el pago de sueldos y aguinaldos","author":"AF","date":"29\/11\/2023","format":false,"excerpt":"La cita fue la continuidad de la convocatoria que el funcionario hiciera el martes con mandatarios de Uni\u00f3n por la Patria. El ministro se comprometi\u00f3 con la asistencia de las arcas nacionales para hacer frente a esos compromisos. El ministro de Econom\u00eda, Sergio Massa, afirm\u00f3 que est\u00e1n garantizados los fondos\u2026","rel":"","context":"En \u00abPol\u00edtica\u00bb","block_context":{"text":"Pol\u00edtica","link":"http:\/\/www.24baires.com\/?cat=51"},"img":{"alt_text":"","src":"https:\/\/i0.wp.com\/www.24baires.com\/wp-content\/uploads\/2023\/11\/a.jpg?resize=350%2C200","width":350,"height":200,"srcset":"https:\/\/i0.wp.com\/www.24baires.com\/wp-content\/uploads\/2023\/11\/a.jpg?resize=350%2C200 1x, https:\/\/i0.wp.com\/www.24baires.com\/wp-content\/uploads\/2023\/11\/a.jpg?resize=525%2C300 1.5x, https:\/\/i0.wp.com\/www.24baires.com\/wp-content\/uploads\/2023\/11\/a.jpg?resize=700%2C400 2x, https:\/\/i0.wp.com\/www.24baires.com\/wp-content\/uploads\/2023\/11\/a.jpg?resize=1050%2C600 3x"},"classes":[]},{"id":113196,"url":"http:\/\/www.24baires.com\/?p=113196","url_meta":{"origin":75820,"position":1},"title":"Vidal reivindic\u00f3 el liderazgo pol\u00edtico de Cristina","author":"AF","date":"29\/11\/2019","format":false,"excerpt":"Ante la Asociaci\u00f3n Cristiana de Dirigentes de Empresas, Vidal cuestion\u00f3 que Cristina no fuera invitada a un seminario sobre \"Liderazgo femenino\". La gobernadora saliente de la provincia de Buenos Aires, Mar\u00eda Eugenia Vidal, reivindic\u00f3 este viernes el liderazgo de la vicepresidenta electa de la Naci\u00f3n, Cristina Kirchner, ante un auditorio\u2026","rel":"","context":"En \u00abPol\u00edtica\u00bb","block_context":{"text":"Pol\u00edtica","link":"http:\/\/www.24baires.com\/?cat=51"},"img":{"alt_text":"","src":"https:\/\/i0.wp.com\/www.24baires.com\/wp-content\/uploads\/2019\/10\/voto-vidal.jpg?resize=350%2C200","width":350,"height":200,"srcset":"https:\/\/i0.wp.com\/www.24baires.com\/wp-content\/uploads\/2019\/10\/voto-vidal.jpg?resize=350%2C200 1x, https:\/\/i0.wp.com\/www.24baires.com\/wp-content\/uploads\/2019\/10\/voto-vidal.jpg?resize=525%2C300 1.5x"},"classes":[]},{"id":113318,"url":"http:\/\/www.24baires.com\/?p=113318","url_meta":{"origin":75820,"position":2},"title":"Alberto y Cristina asumen el mando del pa\u00eds con un festival en Plaza de Mayo","author":"GB","date":"10\/12\/2019","format":false,"excerpt":"Ambos prestar\u00e1n juramento en la Asamblea Legislativa en la que el presidente saliente entregar\u00e1 el poder. Este jueves 10 de diciembre quedar\u00e1 en la historia tras el regreso del peronismo al poder luego de cuatro a\u00f1os de gobierno de Mauricio Macri. El presidente electo, Alberto Fern\u00e1ndez, asumir\u00e1 junto a la\u2026","rel":"","context":"En \u00abPol\u00edtica\u00bb","block_context":{"text":"Pol\u00edtica","link":"http:\/\/www.24baires.com\/?cat=51"},"img":{"alt_text":"","src":"https:\/\/i0.wp.com\/www.24baires.com\/wp-content\/uploads\/2019\/11\/cfk-alberto.jpg?resize=350%2C200","width":350,"height":200,"srcset":"https:\/\/i0.wp.com\/www.24baires.com\/wp-content\/uploads\/2019\/11\/cfk-alberto.jpg?resize=350%2C200 1x, https:\/\/i0.wp.com\/www.24baires.com\/wp-content\/uploads\/2019\/11\/cfk-alberto.jpg?resize=525%2C300 1.5x"},"classes":[]},{"id":112806,"url":"http:\/\/www.24baires.com\/?p=112806","url_meta":{"origin":75820,"position":3},"title":"Kicillof le pidi\u00f3 a Vidal que d\u00e9 marcha atr\u00e1s con el tarifazo","author":"AF","date":"31\/10\/2019","format":false,"excerpt":"El gobernador electo trata de evitar la profundizaci\u00f3n de la crisis. En la reuni\u00f3n que mantuvo con la actual gobernadora para coordinar el traspaso le plante\u00f3 que la situaci\u00f3n bonaerense es \"cr\u00edtica\" y le reclam\u00f3 que frene la nueva suba del 12% de la luz. El gobernador bonaerense electo Axel\u2026","rel":"","context":"En \u00abPol\u00edtica\u00bb","block_context":{"text":"Pol\u00edtica","link":"http:\/\/www.24baires.com\/?cat=51"},"img":{"alt_text":"","src":"https:\/\/i0.wp.com\/www.24baires.com\/wp-content\/uploads\/2019\/10\/2-0.jpg?resize=350%2C200","width":350,"height":200,"srcset":"https:\/\/i0.wp.com\/www.24baires.com\/wp-content\/uploads\/2019\/10\/2-0.jpg?resize=350%2C200 1x, https:\/\/i0.wp.com\/www.24baires.com\/wp-content\/uploads\/2019\/10\/2-0.jpg?resize=525%2C300 1.5x"},"classes":[]},{"id":113184,"url":"http:\/\/www.24baires.com\/?p=113184","url_meta":{"origin":75820,"position":4},"title":"Kicillof ya defini\u00f3 parte de su gabinete","author":"AF","date":"28\/11\/2019","format":false,"excerpt":"Mientras define a sus colaboradores, el gobernador electo analiza postergar su asunci\u00f3n para el 11 de diciembre, para que no se superponga con el traspaso del mando presidencial. El gobernador electo de la provincia de Buenos Aires, Axel Kicillof, le da los \u00faltimos toques a su plan de gobierno y\u2026","rel":"","context":"En \u00abPol\u00edtica\u00bb","block_context":{"text":"Pol\u00edtica","link":"http:\/\/www.24baires.com\/?cat=51"},"img":{"alt_text":"","src":"https:\/\/i0.wp.com\/www.24baires.com\/wp-content\/uploads\/2019\/11\/kicillof.jpg?resize=350%2C200","width":350,"height":200,"srcset":"https:\/\/i0.wp.com\/www.24baires.com\/wp-content\/uploads\/2019\/11\/kicillof.jpg?resize=350%2C200 1x, https:\/\/i0.wp.com\/www.24baires.com\/wp-content\/uploads\/2019\/11\/kicillof.jpg?resize=525%2C300 1.5x"},"classes":[]},{"id":113293,"url":"http:\/\/www.24baires.com\/?p=113293","url_meta":{"origin":75820,"position":5},"title":"Macri y Alberto asistir\u00e1n a la Misa por la Unidad en Luj\u00e1n","author":"AF","date":"07\/12\/2019","format":false,"excerpt":"El presidente electo tambi\u00e9n estar\u00e1 acompa\u00f1ado por el futuro Secretario de Culto Guillermo Oliveri. Vidal, Michetti y Rodr\u00edguez Larreta estar\u00e1n junto a Macri. A dos d\u00edas del cambio de gobierno, el presidente Mauricio Macri y el mandatario electo Alberto Fern\u00e1ndez compartir\u00e1n este domingo una misa por la \"unidad y la\u2026","rel":"","context":"En \u00abPol\u00edtica\u00bb","block_context":{"text":"Pol\u00edtica","link":"http:\/\/www.24baires.com\/?cat=51"},"img":{"alt_text":"","src":"https:\/\/i0.wp.com\/www.24baires.com\/wp-content\/uploads\/2019\/08\/fern%C3%A1ndez-alberto-macri.jpg?resize=350%2C200","width":350,"height":200,"srcset":"https:\/\/i0.wp.com\/www.24baires.com\/wp-content\/uploads\/2019\/08\/fern%C3%A1ndez-alberto-macri.jpg?resize=350%2C200 1x, https:\/\/i0.wp.com\/www.24baires.com\/wp-content\/uploads\/2019\/08\/fern%C3%A1ndez-alberto-macri.jpg?resize=525%2C300 1.5x"},"classes":[]}],"jetpack_sharing_enabled":true,"jetpack_likes_enabled":true,"jetpack_featured_media_url":"","_links":{"self":[{"href":"http:\/\/www.24baires.com\/index.php?rest_route=\/wp\/v2\/posts\/75820","targetHints":{"allow":["GET"]}}],"collection":[{"href":"http:\/\/www.24baires.com\/index.php?rest_route=\/wp\/v2\/posts"}],"about":[{"href":"http:\/\/www.24baires.com\/index.php?rest_route=\/wp\/v2\/types\/post"}],"author":[{"embeddable":true,"href":"http:\/\/www.24baires.com\/index.php?rest_route=\/wp\/v2\/users\/4"}],"replies":[{"embeddable":true,"href":"http:\/\/www.24baires.com\/index.php?rest_route=%2Fwp%2Fv2%2Fcomments&post=75820"}],"version-history":[{"count":1,"href":"http:\/\/www.24baires.com\/index.php?rest_route=\/wp\/v2\/posts\/75820\/revisions"}],"predecessor-version":[{"id":75821,"href":"http:\/\/www.24baires.com\/index.php?rest_route=\/wp\/v2\/posts\/75820\/revisions\/75821"}],"wp:attachment":[{"href":"http:\/\/www.24baires.com\/index.php?rest_route=%2Fwp%2Fv2%2Fmedia&parent=75820"}],"wp:term":[{"taxonomy":"category","embeddable":true,"href":"http:\/\/www.24baires.com\/index.php?rest_route=%2Fwp%2Fv2%2Fcategories&post=75820"},{"taxonomy":"post_tag","embeddable":true,"href":"http:\/\/www.24baires.com\/index.php?rest_route=%2Fwp%2Fv2%2Ftags&post=75820"}],"curies":[{"name":"wp","href":"https:\/\/api.w.org\/{rel}","templated":true}]}}