{"id":75802,"date":"2015-12-01T10:30:27","date_gmt":"2015-12-01T13:30:27","guid":{"rendered":"http:\/\/www.24baires.com\/?p=75802"},"modified":"2015-12-01T10:37:56","modified_gmt":"2015-12-01T13:37:56","slug":"confirman-que-la-ceremonia-de-traspaso-de-mando-sera-en-el-congreso","status":"publish","type":"post","link":"http:\/\/www.24baires.com\/?p=75802","title":{"rendered":"Confirman que la ceremonia de traspaso de mando ser\u00e1 en el Congreso"},"content":{"rendered":"<p><img data-recalc-dims=\"1\" loading=\"lazy\" decoding=\"async\" class=\"aligncenter size-full wp-image-63981\" src=\"https:\/\/i0.wp.com\/www.24baires.com\/wp-content\/uploads\/2015\/04\/anibal-conferencia.jpg?resize=560%2C379\" alt=\"anibal conferencia\" width=\"560\" height=\"379\" srcset=\"https:\/\/i0.wp.com\/www.24baires.com\/wp-content\/uploads\/2015\/04\/anibal-conferencia.jpg?w=560 560w, https:\/\/i0.wp.com\/www.24baires.com\/wp-content\/uploads\/2015\/04\/anibal-conferencia.jpg?resize=300%2C203 300w\" sizes=\"auto, (max-width: 560px) 100vw, 560px\" \/>El jefe de Gabinete, An\u00edbal Fern\u00e1ndez, confirm\u00f3 esta ma\u00f1ana que el acto del pr\u00f3ximo 10 de diciembre se llevar\u00e1 adelante en la sede del Poder Legislativo y no en la Casa Rosada.<!--more--><\/p>\n<p>\u201cNo puede ser en la Casa de Gobierno, no lo dice la ley y, con todo respeto, no puede ser en Barrio Parque\u00bb, ironiz\u00f3 el funcionario al ser consultado sobre la intenci\u00f3n del futura administraci\u00f3n nacional de realizar el traspaso de mando entre Cristina Fern\u00e1ndez de Kirchner y Mauricio Macri en la Casa Rosada, luego de la jura del electo presidente ante el Parlamento.<\/p>\n<p>Sobre el horario en que se llevar\u00e1 a cabo la ceremonia, el ministro coordinador indic\u00f3 que el art\u00edculo 91\u00ba de la Constituci\u00f3n expresa que \u201cla Presidenta cesa en el poder el mismo d\u00eda que expira su per\u00edodo de cuatro a\u00f1os y no dice ninguna hora\u201d, y a\u00f1adi\u00f3 que \u201cla vocaci\u00f3n es hacerlo lo m\u00e1s temprano posible para poder desligar esta situaci\u00f3n y que se contin\u00fae con la ceremonia, que ser\u00eda el discurso que el nuevo presidente deber\u00e1 prestar ante el Congreso Nacional\u201d.<\/p>\n<p>En sus declaraciones formuladas en la ma\u00f1ana del martes a la prensa en Casa de Gobierno, Fern\u00e1ndez remarc\u00f3 que Cristina \u00abpuede traspasar el mando entre las 8 de la ma\u00f1ana hasta las 11 de la noche porque cesa en el poder el mismo d\u00eda en que expira el periodo de cuatro a\u00f1os\u201d.<\/p>\n<p>A\u00f1adi\u00f3 que se va ejecutar el traspaso de acuerdo al art\u00edculo 93, que dice que \u201ctomar\u00e1n posesi\u00f3n de sus cargos el presidente y el vice y prestar\u00e1n juramento en manos del presidente del Senado de la Naci\u00f3n ante la Asamblea Legislativa\u201d, y acot\u00f3 que \u201ccomo es un gobierno representativo, republicano y federal lo hace ante el Congreso porque es la forma de hacerlo ante el pueblo\u201d.<\/p>\n","protected":false},"excerpt":{"rendered":"<p>El jefe de Gabinete, An\u00edbal Fern\u00e1ndez, confirm\u00f3 esta ma\u00f1ana que el acto del pr\u00f3ximo 10 de diciembre se llevar\u00e1 adelante en la sede del Poder Legislativo y no en la Casa Rosada.<\/p>\n","protected":false},"author":4,"featured_media":0,"comment_status":"open","ping_status":"open","sticky":false,"template":"","format":"standard","meta":{"_jetpack_newsletter_access":"","_jetpack_dont_email_post_to_subs":false,"_jetpack_newsletter_tier_id":0,"_jetpack_memberships_contains_paywalled_content":false,"_jetpack_memberships_contains_paid_content":false,"footnotes":""},"categories":[51],"tags":[],"class_list":["post-75802","post","type-post","status-publish","format-standard","hentry","category-politica"],"jetpack_shortlink":"https:\/\/wp.me\/p2JWE0-jIC","jetpack-related-posts":[{"id":75928,"url":"http:\/\/www.24baires.com\/?p=75928","url_meta":{"origin":75802,"position":0},"title":"Confirman que la ceremonia de traspaso ser\u00e1 en el Congreso","author":"AF","date":"03\/12\/2015","format":false,"excerpt":"El jefe de Gabinete, An\u00edbal Fern\u00e1ndez, confirm\u00f3 este jueves que \"ya se cursaron las invitaciones\" para el acto de traspaso del mando, que se realizar\u00e1 el pr\u00f3ximo 10 de diciembre al mediod\u00eda en el Congreso y volvi\u00f3 a rechazar que la ceremonia pueda tener lugar en la Casa Rosada. \"Ya\u2026","rel":"","context":"En \u00abPol\u00edtica\u00bb","block_context":{"text":"Pol\u00edtica","link":"http:\/\/www.24baires.com\/?cat=51"},"img":{"alt_text":"","src":"","width":0,"height":0},"classes":[]},{"id":113318,"url":"http:\/\/www.24baires.com\/?p=113318","url_meta":{"origin":75802,"position":1},"title":"Alberto y Cristina asumen el mando del pa\u00eds con un festival en Plaza de Mayo","author":"GB","date":"10\/12\/2019","format":false,"excerpt":"Ambos prestar\u00e1n juramento en la Asamblea Legislativa en la que el presidente saliente entregar\u00e1 el poder. Este jueves 10 de diciembre quedar\u00e1 en la historia tras el regreso del peronismo al poder luego de cuatro a\u00f1os de gobierno de Mauricio Macri. El presidente electo, Alberto Fern\u00e1ndez, asumir\u00e1 junto a la\u2026","rel":"","context":"En \u00abPol\u00edtica\u00bb","block_context":{"text":"Pol\u00edtica","link":"http:\/\/www.24baires.com\/?cat=51"},"img":{"alt_text":"","src":"https:\/\/i0.wp.com\/www.24baires.com\/wp-content\/uploads\/2019\/11\/cfk-alberto.jpg?resize=350%2C200","width":350,"height":200,"srcset":"https:\/\/i0.wp.com\/www.24baires.com\/wp-content\/uploads\/2019\/11\/cfk-alberto.jpg?resize=350%2C200 1x, https:\/\/i0.wp.com\/www.24baires.com\/wp-content\/uploads\/2019\/11\/cfk-alberto.jpg?resize=525%2C300 1.5x"},"classes":[]},{"id":76072,"url":"http:\/\/www.24baires.com\/?p=76072","url_meta":{"origin":75802,"position":2},"title":"Cristina: \u00abLa autoridad no se construye con colores y mucho menos grit\u00e1ndole a una mujer\u00bb","author":"GB","date":"06\/12\/2015","format":false,"excerpt":"La presidenta public\u00f3 en su p\u00e1gina web un texto en el cuenta la conversaci\u00f3n que mantuvo con el presidente electo, Mauricio Macri, acerca del lugar de la ceremonia de traspaso del mando. La Presidenta de la Naci\u00f3n, Cristina Fern\u00e1ndez de Kirchner, public\u00f3 en su p\u00e1gina web y en las redes\u2026","rel":"","context":"En \u00abPol\u00edtica\u00bb","block_context":{"text":"Pol\u00edtica","link":"http:\/\/www.24baires.com\/?cat=51"},"img":{"alt_text":"cristina energia","src":"https:\/\/i0.wp.com\/www.24baires.com\/wp-content\/uploads\/2015\/09\/cristina-energia.jpg?resize=350%2C200","width":350,"height":200,"srcset":"https:\/\/i0.wp.com\/www.24baires.com\/wp-content\/uploads\/2015\/09\/cristina-energia.jpg?resize=350%2C200 1x, https:\/\/i0.wp.com\/www.24baires.com\/wp-content\/uploads\/2015\/09\/cristina-energia.jpg?resize=525%2C300 1.5x"},"classes":[]},{"id":118633,"url":"http:\/\/www.24baires.com\/?p=118633","url_meta":{"origin":75802,"position":3},"title":"Para Alberto Fern\u00e1ndez, la llegada de Boric genera \u00abexpectativa para toda Am\u00e9rica Latina\u201d","author":"AF","date":"11\/03\/2022","format":false,"excerpt":"El Presidente particip\u00f3 del traspaso de mando de Sebasti\u00e1n Pi\u00f1era al presidente electo de ese pa\u00eds, Gabriel Boric Font. \u201cTenemos una mirada com\u00fan sobre muchos problemas y pensamos parecido\u201d, se\u00f1al\u00f3 al llegar. El presidente Alberto Fern\u00e1ndez particip\u00f3 en el Congreso Nacional de Chile, en la ciudad de Valpara\u00edso, de la\u2026","rel":"","context":"En \u00abPol\u00edtica\u00bb","block_context":{"text":"Pol\u00edtica","link":"http:\/\/www.24baires.com\/?cat=51"},"img":{"alt_text":"","src":"https:\/\/i0.wp.com\/www.24baires.com\/wp-content\/uploads\/2020\/05\/alberto-despacho.jpg?resize=350%2C200","width":350,"height":200,"srcset":"https:\/\/i0.wp.com\/www.24baires.com\/wp-content\/uploads\/2020\/05\/alberto-despacho.jpg?resize=350%2C200 1x, https:\/\/i0.wp.com\/www.24baires.com\/wp-content\/uploads\/2020\/05\/alberto-despacho.jpg?resize=525%2C300 1.5x"},"classes":[]},{"id":76116,"url":"http:\/\/www.24baires.com\/?p=76116","url_meta":{"origin":75802,"position":4},"title":"\u00abEl traspaso de mando ser\u00e1 en el Congreso como corresponde\u00bb, dijo Macri","author":"GB","date":"08\/12\/2015","format":false,"excerpt":"As\u00ed lo hab\u00eda asegurado el presidente electo el 24 de noviembre luego de su reuni\u00f3n con la actual mandataria Cristina Kirchner. \"Me alegr\u00f3 que ella haya ratificado que estaba muy bien predispuesta a hacer la ceremonia como corresponde\". Lejos de la pol\u00e9mica de los \u00faltimos d\u00edas sobre el lugar donde\u2026","rel":"","context":"En \u00abPol\u00edtica\u00bb","block_context":{"text":"Pol\u00edtica","link":"http:\/\/www.24baires.com\/?cat=51"},"img":{"alt_text":"Cristina.Macri","src":"https:\/\/i0.wp.com\/www.24baires.com\/wp-content\/uploads\/2013\/09\/Cristina.Macri_.jpg?resize=350%2C200","width":350,"height":200,"srcset":"https:\/\/i0.wp.com\/www.24baires.com\/wp-content\/uploads\/2013\/09\/Cristina.Macri_.jpg?resize=350%2C200 1x, https:\/\/i0.wp.com\/www.24baires.com\/wp-content\/uploads\/2013\/09\/Cristina.Macri_.jpg?resize=525%2C300 1.5x"},"classes":[]},{"id":75580,"url":"http:\/\/www.24baires.com\/?p=75580","url_meta":{"origin":75802,"position":5},"title":"An\u00edbal Fern\u00e1ndez dijo que Macri hizo un \u201cshowcete televisivo\u201d","author":"AF","date":"25\/11\/2015","format":false,"excerpt":"El jefe de Gabinete, An\u00edbal Fern\u00e1ndez, sostuvo hoy que el presidente electo no tuvo \"discreci\u00f3n, ni vocaci\u00f3n\" de lograr una transici\u00f3n ordenada al reunirse ayer en la quinta de Olivos con la mandataria Cristina Fern\u00e1ndez de Kirchner. \"Este se\u00f1or no conoce nada de la cosa publica nacional y la Presidenta\u2026","rel":"","context":"En \u00abPol\u00edtica\u00bb","block_context":{"text":"Pol\u00edtica","link":"http:\/\/www.24baires.com\/?cat=51"},"img":{"alt_text":"an\u00edbal fern\u00e1ndezz","src":"https:\/\/i0.wp.com\/www.24baires.com\/wp-content\/uploads\/2015\/11\/an%C3%ADbal-fern%C3%A1ndezz.jpg?resize=350%2C200","width":350,"height":200,"srcset":"https:\/\/i0.wp.com\/www.24baires.com\/wp-content\/uploads\/2015\/11\/an%C3%ADbal-fern%C3%A1ndezz.jpg?resize=350%2C200 1x, https:\/\/i0.wp.com\/www.24baires.com\/wp-content\/uploads\/2015\/11\/an%C3%ADbal-fern%C3%A1ndezz.jpg?resize=525%2C300 1.5x"},"classes":[]}],"jetpack_sharing_enabled":true,"jetpack_likes_enabled":true,"jetpack_featured_media_url":"","_links":{"self":[{"href":"http:\/\/www.24baires.com\/index.php?rest_route=\/wp\/v2\/posts\/75802","targetHints":{"allow":["GET"]}}],"collection":[{"href":"http:\/\/www.24baires.com\/index.php?rest_route=\/wp\/v2\/posts"}],"about":[{"href":"http:\/\/www.24baires.com\/index.php?rest_route=\/wp\/v2\/types\/post"}],"author":[{"embeddable":true,"href":"http:\/\/www.24baires.com\/index.php?rest_route=\/wp\/v2\/users\/4"}],"replies":[{"embeddable":true,"href":"http:\/\/www.24baires.com\/index.php?rest_route=%2Fwp%2Fv2%2Fcomments&post=75802"}],"version-history":[{"count":1,"href":"http:\/\/www.24baires.com\/index.php?rest_route=\/wp\/v2\/posts\/75802\/revisions"}],"predecessor-version":[{"id":75803,"href":"http:\/\/www.24baires.com\/index.php?rest_route=\/wp\/v2\/posts\/75802\/revisions\/75803"}],"wp:attachment":[{"href":"http:\/\/www.24baires.com\/index.php?rest_route=%2Fwp%2Fv2%2Fmedia&parent=75802"}],"wp:term":[{"taxonomy":"category","embeddable":true,"href":"http:\/\/www.24baires.com\/index.php?rest_route=%2Fwp%2Fv2%2Fcategories&post=75802"},{"taxonomy":"post_tag","embeddable":true,"href":"http:\/\/www.24baires.com\/index.php?rest_route=%2Fwp%2Fv2%2Ftags&post=75802"}],"curies":[{"name":"wp","href":"https:\/\/api.w.org\/{rel}","templated":true}]}}