{"id":75789,"date":"2015-11-30T18:47:19","date_gmt":"2015-11-30T21:47:19","guid":{"rendered":"http:\/\/www.24baires.com\/?p=75789"},"modified":"2015-12-01T10:36:22","modified_gmt":"2015-12-01T13:36:22","slug":"nunca-mas-permitamos-que-exigencias-externas-limiten-nuestra-autonomia","status":"publish","type":"post","link":"http:\/\/www.24baires.com\/?p=75789","title":{"rendered":"\u201cNunca m\u00e1s permitamos que exigencias externas limiten nuestra autonom\u00eda\u201d"},"content":{"rendered":"<p><img data-recalc-dims=\"1\" loading=\"lazy\" decoding=\"async\" src=\"https:\/\/i0.wp.com\/www.24baires.com\/wp-content\/uploads\/2015\/11\/cristina-barilohe.jpg?resize=520%2C346\" alt=\"cristina barilohe\" width=\"520\" height=\"346\" class=\"aligncenter size-full wp-image-75790\" srcset=\"https:\/\/i0.wp.com\/www.24baires.com\/wp-content\/uploads\/2015\/11\/cristina-barilohe.jpg?w=520 520w, https:\/\/i0.wp.com\/www.24baires.com\/wp-content\/uploads\/2015\/11\/cristina-barilohe.jpg?resize=300%2C200 300w\" sizes=\"auto, (max-width: 520px) 100vw, 520px\" \/>Lo asegur\u00f3 la Presidenta al inaugurar una planta de enriquecimiento de urano en en la ciudad rionegrina de Pilcaniyeu.<!--more--><\/p>\n<p>Durante el acto realizado esta tarde el Complejo Tecnol\u00f3gico Pilcaniyeu, provincia de R\u00edo Negro, Cristina Fern\u00e1ndez de Kirchner consider\u00f3 que \u00abes importante tener memoria sobre las cosas que perdimos\u00bb, al participar de la puesta en marcha de la planta nuclaer en esa localidad rionegrina, donde pidi\u00f3 que \u00abnunca m\u00e1s permitamos que exigencias externas limiten nuestra autonom\u00eda y desarrollo cient\u00edfico\u00bb.<\/p>\n<p>\u00abEstas cosas no salen en los medios porque hay una estrategia comunicacional para mantener en la ignorancia a los argentinos para que no sepan que es lo que hacemos otros argentinos\u00bb asever\u00f3 la presidenta y consider\u00f3 \u00abmuy importante que comuniquemos estas cosas que son invisibilizados, para que sea m\u00e1s f\u00e1cil desarmarlas o desarticularlas\u00bb.<\/p>\n<p>La primera mandataria est\u00e1 acompa\u00f1ada por el ministro de Planificaci\u00f3n Federal, Julio De Vido; la titular de la CNEA, Norma Luisa Boero; el gobernador de R\u00edo Negro, Alberto Weretilneck; el jefe comunal de esa localidad, N\u00e9stor Ayulef y otras autoridades, as\u00ed como representantes de la ciencia y la tecnolog\u00eda e invitados especiales.<\/p>\n<p>El complejo cuenta con una superficie cubierta de 30.000 metros cuadrados dedicados a las Plantas de Procesos, donde se produce el uranio enriquecido utilizado para potenciar el combustible para los reactores nucleares de potencia.<\/p>\n<p>La planta estaba paralizada y se reactiv\u00f3 en los \u00faltimos cinco a\u00f1os, y en la actualidad se est\u00e1n llevando a cabo pruebas piloto con el objetivo de volver a enriquecer uranio a trav\u00e9s del proceso de difusi\u00f3n gaseosa, manteniendo y mejorando las condiciones operativas, agregaron las fuentes.<\/p>\n","protected":false},"excerpt":{"rendered":"<p>Lo asegur\u00f3 la Presidenta al inaugurar una planta de enriquecimiento de urano en en la ciudad rionegrina de Pilcaniyeu.<\/p>\n","protected":false},"author":8,"featured_media":0,"comment_status":"open","ping_status":"open","sticky":false,"template":"","format":"standard","meta":{"_jetpack_newsletter_access":"","_jetpack_dont_email_post_to_subs":false,"_jetpack_newsletter_tier_id":0,"_jetpack_memberships_contains_paywalled_content":false,"_jetpack_memberships_contains_paid_content":false,"footnotes":""},"categories":[51],"tags":[],"class_list":["post-75789","post","type-post","status-publish","format-standard","hentry","category-politica"],"jetpack_shortlink":"https:\/\/wp.me\/p2JWE0-jIp","jetpack-related-posts":[{"id":106022,"url":"http:\/\/www.24baires.com\/?p=106022","url_meta":{"origin":75789,"position":0},"title":"El Senado aprob\u00f3 la desregulaci\u00f3n de la venta y producci\u00f3n de Papel Prensa","author":"Grupo Sierra","date":"19\/12\/2018","format":false,"excerpt":"La ley que desregula la venta y producci\u00f3n de papel prensa, que el gobierno defini\u00f3 como prioritaria al incluirla en el temario de las sesiones extraordinarias, fue aprobada por el Senado con 45 votos a favor, 16 en contra y tres abstenciones. El proyecto presentado por Diego Bossio a principio\u2026","rel":"","context":"En \u00abPol\u00edtica\u00bb","block_context":{"text":"Pol\u00edtica","link":"http:\/\/www.24baires.com\/?cat=51"},"img":{"alt_text":"Resultado de imagen para papel prensa peque\u00c3\u00b1os diarios","src":"https:\/\/i0.wp.com\/www.eldiariodelapampa.com.ar\/images\/2018\/Noviembre\/14-11-2018\/papel-prensa.jpg?resize=350%2C200","width":350,"height":200,"srcset":"https:\/\/i0.wp.com\/www.eldiariodelapampa.com.ar\/images\/2018\/Noviembre\/14-11-2018\/papel-prensa.jpg?resize=350%2C200 1x, https:\/\/i0.wp.com\/www.eldiariodelapampa.com.ar\/images\/2018\/Noviembre\/14-11-2018\/papel-prensa.jpg?resize=525%2C300 1.5x"},"classes":[]},{"id":121495,"url":"http:\/\/www.24baires.com\/?p=121495","url_meta":{"origin":75789,"position":1},"title":"Finalmente la planta de GNL se instalar\u00e1 en R\u00edo Negro: Kicillof brindar\u00e1 una coferencia de prensa","author":"GB","date":"31\/07\/2024","format":false,"excerpt":"Tras varias semanas de disputa, la provincia de R\u00edo Negro finalmente fue elegida por YPF para construir la Planta de GNL. As\u00ed, Bah\u00eda Blanca qued\u00f3 descartada. El directorio de YPF eligi\u00f3 a R\u00edo Negro para realizar la inversi\u00f3n m\u00e1s grande de la historia del pa\u00eds, confirmaron fuentes de la petrolera\u2026","rel":"","context":"En \u00abProvincia\u00bb","block_context":{"text":"Provincia","link":"http:\/\/www.24baires.com\/?cat=40"},"img":{"alt_text":"","src":"https:\/\/i0.wp.com\/www.24baires.com\/wp-content\/uploads\/2022\/07\/kicillof.jpg?resize=350%2C200","width":350,"height":200,"srcset":"https:\/\/i0.wp.com\/www.24baires.com\/wp-content\/uploads\/2022\/07\/kicillof.jpg?resize=350%2C200 1x, https:\/\/i0.wp.com\/www.24baires.com\/wp-content\/uploads\/2022\/07\/kicillof.jpg?resize=525%2C300 1.5x, https:\/\/i0.wp.com\/www.24baires.com\/wp-content\/uploads\/2022\/07\/kicillof.jpg?resize=700%2C400 2x"},"classes":[]},{"id":119261,"url":"http:\/\/www.24baires.com\/?p=119261","url_meta":{"origin":75789,"position":2},"title":"Vaca Muerta: YPF financiar\u00e1 la construcci\u00f3n de mega terminal para exportar crudo","author":"AF","date":"25\/08\/2022","format":false,"excerpt":"La obra, que supone tambi\u00e9n la construcci\u00f3n de un oleoducto, permitir\u00e1 conectar la explotaci\u00f3n existente en la formaci\u00f3n neuquina con el puerto de Punta Colorada, en R\u00edo Negro. Ser\u00e1 \"el mayor puerto exportador de crudo de Argentina\", seg\u00fan el titular de la petrolera. La petrolera YPF proyecta la construcci\u00f3n de\u2026","rel":"","context":"En \u00abSociedad\u00bb","block_context":{"text":"Sociedad","link":"http:\/\/www.24baires.com\/?cat=1"},"img":{"alt_text":"","src":"https:\/\/i0.wp.com\/www.24baires.com\/wp-content\/uploads\/2022\/08\/vaca-muerta.jpg?resize=350%2C200","width":350,"height":200,"srcset":"https:\/\/i0.wp.com\/www.24baires.com\/wp-content\/uploads\/2022\/08\/vaca-muerta.jpg?resize=350%2C200 1x, https:\/\/i0.wp.com\/www.24baires.com\/wp-content\/uploads\/2022\/08\/vaca-muerta.jpg?resize=525%2C300 1.5x, https:\/\/i0.wp.com\/www.24baires.com\/wp-content\/uploads\/2022\/08\/vaca-muerta.jpg?resize=700%2C400 2x"},"classes":[]},{"id":103389,"url":"http:\/\/www.24baires.com\/?p=103389","url_meta":{"origin":75789,"position":3},"title":"Pichetto sostiene que Cristina ser\u00e1 candidata en las pr\u00f3ximas elecciones","author":"AF","date":"17\/07\/2018","format":false,"excerpt":"El senador rionegrino adelant\u00f3 su opini\u00f3n sobre los comicios presidenciales de 2019. En cuanto a la econom\u00eda, asegur\u00f3 que \"lo peor todav\u00eda no pas\u00f3\". \"El peronismo federal tiene que tener una construcci\u00f3n pol\u00edtica y un liderazgo pol\u00edtico. Y tiene que tener candidatura para expresar esa alternativa. La ex presidenta va\u2026","rel":"","context":"En \u00abPol\u00edtica\u00bb","block_context":{"text":"Pol\u00edtica","link":"http:\/\/www.24baires.com\/?cat=51"},"img":{"alt_text":"","src":"https:\/\/i0.wp.com\/www.24baires.com\/wp-content\/uploads\/2017\/10\/cristina-conferencia-de-prensa.jpg?resize=350%2C200","width":350,"height":200,"srcset":"https:\/\/i0.wp.com\/www.24baires.com\/wp-content\/uploads\/2017\/10\/cristina-conferencia-de-prensa.jpg?resize=350%2C200 1x, https:\/\/i0.wp.com\/www.24baires.com\/wp-content\/uploads\/2017\/10\/cristina-conferencia-de-prensa.jpg?resize=525%2C300 1.5x"},"classes":[]},{"id":117260,"url":"http:\/\/www.24baires.com\/?p=117260","url_meta":{"origin":75789,"position":4},"title":"\u00abNada quiero m\u00e1s en el mundo que ser el Presidente que una a los argentinos\u00bb","author":"AF","date":"03\/03\/2021","format":false,"excerpt":"Durante su visita al Instituto de Investigaciones Aplicadas (Invap) de la ciudad rionegrina, el Presidente abog\u00f3 por \"una Argentina para todos\", sin bander\u00edas pol\u00edticas, y \"con respeto en la diversidad\". El presidente Alberto Fern\u00e1ndez asegur\u00f3 este mi\u00e9rcoles que nada quiere \"m\u00e1s en el mundo\" que \"ser el Presidente que una\u2026","rel":"","context":"En \u00abSociedad\u00bb","block_context":{"text":"Sociedad","link":"http:\/\/www.24baires.com\/?cat=1"},"img":{"alt_text":"","src":"https:\/\/i0.wp.com\/www.24baires.com\/wp-content\/uploads\/2021\/03\/603fdbe0103d1.03.2021-565_1004x565.jpg?resize=350%2C200","width":350,"height":200,"srcset":"https:\/\/i0.wp.com\/www.24baires.com\/wp-content\/uploads\/2021\/03\/603fdbe0103d1.03.2021-565_1004x565.jpg?resize=350%2C200 1x, https:\/\/i0.wp.com\/www.24baires.com\/wp-content\/uploads\/2021\/03\/603fdbe0103d1.03.2021-565_1004x565.jpg?resize=525%2C300 1.5x"},"classes":[]},{"id":32580,"url":"http:\/\/www.24baires.com\/?p=32580","url_meta":{"origin":75789,"position":5},"title":"\u00abAlgunos quieren volver a la Argentina del endeudamiento\u00bb, asegur\u00f3 la Presidenta","author":"AF","date":"27\/09\/2013","format":false,"excerpt":"La Presidenta encabez\u00f3 la puesta en marcha del sat\u00e9lite Ar-Sat 1 y de un banco de prueba satelital en la sede del Invap, y consider\u00f3 que \u201clo que se est\u00e1 inaugurando es soberan\u00eda adem\u00e1s de alta tecnolog\u00eda\u201d. La presidenta Cristina Fern\u00e1ndez de Kirchner encabez\u00f3 hoy la puesta en marcha del\u2026","rel":"","context":"En \u00abPol\u00edtica\u00bb","block_context":{"text":"Pol\u00edtica","link":"http:\/\/www.24baires.com\/?cat=51"},"img":{"alt_text":"","src":"https:\/\/i0.wp.com\/www.24baires.com\/wp-content\/uploads\/2013\/09\/cris-f%C3%A1brica.jpg?resize=350%2C200","width":350,"height":200},"classes":[]}],"jetpack_sharing_enabled":true,"jetpack_likes_enabled":true,"jetpack_featured_media_url":"","_links":{"self":[{"href":"http:\/\/www.24baires.com\/index.php?rest_route=\/wp\/v2\/posts\/75789","targetHints":{"allow":["GET"]}}],"collection":[{"href":"http:\/\/www.24baires.com\/index.php?rest_route=\/wp\/v2\/posts"}],"about":[{"href":"http:\/\/www.24baires.com\/index.php?rest_route=\/wp\/v2\/types\/post"}],"author":[{"embeddable":true,"href":"http:\/\/www.24baires.com\/index.php?rest_route=\/wp\/v2\/users\/8"}],"replies":[{"embeddable":true,"href":"http:\/\/www.24baires.com\/index.php?rest_route=%2Fwp%2Fv2%2Fcomments&post=75789"}],"version-history":[{"count":1,"href":"http:\/\/www.24baires.com\/index.php?rest_route=\/wp\/v2\/posts\/75789\/revisions"}],"predecessor-version":[{"id":75791,"href":"http:\/\/www.24baires.com\/index.php?rest_route=\/wp\/v2\/posts\/75789\/revisions\/75791"}],"wp:attachment":[{"href":"http:\/\/www.24baires.com\/index.php?rest_route=%2Fwp%2Fv2%2Fmedia&parent=75789"}],"wp:term":[{"taxonomy":"category","embeddable":true,"href":"http:\/\/www.24baires.com\/index.php?rest_route=%2Fwp%2Fv2%2Fcategories&post=75789"},{"taxonomy":"post_tag","embeddable":true,"href":"http:\/\/www.24baires.com\/index.php?rest_route=%2Fwp%2Fv2%2Ftags&post=75789"}],"curies":[{"name":"wp","href":"https:\/\/api.w.org\/{rel}","templated":true}]}}