{"id":75773,"date":"2015-11-30T15:00:17","date_gmt":"2015-11-30T18:00:17","guid":{"rendered":"http:\/\/www.24baires.com\/?p=75773"},"modified":"2015-11-30T14:39:37","modified_gmt":"2015-11-30T17:39:37","slug":"isela-constantini-seria-la-nueva-titular-de-aerolineas-argentinas","status":"publish","type":"post","link":"http:\/\/www.24baires.com\/?p=75773","title":{"rendered":"Isela Costantini ser\u00eda la nueva titular de Aerol\u00edneas Argentinas"},"content":{"rendered":"<p><img data-recalc-dims=\"1\" loading=\"lazy\" decoding=\"async\" class=\"aligncenter size-full wp-image-75774\" src=\"https:\/\/i0.wp.com\/www.24baires.com\/wp-content\/uploads\/2015\/11\/isela-constantini.jpg?resize=560%2C315\" alt=\"isela constantini\" width=\"560\" height=\"315\" srcset=\"https:\/\/i0.wp.com\/www.24baires.com\/wp-content\/uploads\/2015\/11\/isela-constantini.jpg?w=560 560w, https:\/\/i0.wp.com\/www.24baires.com\/wp-content\/uploads\/2015\/11\/isela-constantini.jpg?resize=300%2C169 300w\" sizes=\"auto, (max-width: 560px) 100vw, 560px\" \/>La presidenta de General Motors y titular de la Asociaci\u00f3n de Fabricantes de Automotores se har\u00eda cargo de la aerol\u00ednea bandera cuando asuma Mauricio Macri. Su perfil.<!--more--><br \/>\nLa presidenta de General Motors, Isela Costantini, ser\u00eda la nueva titular de Aerol\u00edneas Argentinas. La empresaria, que adem\u00e1s est\u00e1 al frente de la Asociaci\u00f3n de Fabricantes de Automotores (ADEFA), es el nombre que suena m\u00e1s fuerte para reemplazar a Mariano Recalde cuando Mauricio Macri asuma la presidencia de la Naci\u00f3n.<\/p>\n<p><strong>El perfil de Isela Costantini<\/strong><br \/>\nLa empresaria, de 44 a\u00f1os, naci\u00f3 en 1971 en Brasil, aunque es hija de padres argentinos y vivi\u00f3 gran parte de su juventud en Argentina.<\/p>\n<p>Es Licenciada en Comunicaciones egresada de la Universidad Cat\u00f3lica del Paran\u00e1, Brasil, y obtuvo el MBA en la Universidad de Loyola de Chicago, Estados Unidos, con especializaci\u00f3n en Marketing y Negocios Internacionales.<\/p>\n<p>Costantini, adem\u00e1s de presidirla, es directora ejecutiva de General Motors en Argentina, Uruguay y Paraguay, presidi\u00f3 el coloquio de IDEA el a\u00f1o pasado (la primera mujer en hacerlo) y fue elegida por sus pares como \u00abCEO del A\u00f1o 2015\u00bb entre 200 empresarios, consultores y pol\u00edticos. En 2013, adem\u00e1s, ocup\u00f3 el 37\u00ba lugar en el ranking de 50 mujeres m\u00e1s poderosas del mundo de los negocios que elabora la revista Fortune.<\/p>\n<p>&nbsp;<\/p>\n<p>&nbsp;<\/p>\n<p>&nbsp;<\/p>\n<p>&nbsp;<\/p>\n<p>&nbsp;<\/p>\n<p>&nbsp;<\/p>\n<p>&nbsp;<\/p>\n<p>&nbsp;<\/p>\n<p>&nbsp;<\/p>\n<p>&nbsp;<\/p>\n<p>&nbsp;<\/p>\n<p>&nbsp;<\/p>\n<p>&nbsp;<\/p>\n<p>&nbsp;<\/p>\n<p>&nbsp;<\/p>\n","protected":false},"excerpt":{"rendered":"<p>La presidenta de General Motors y titular de la Asociaci\u00f3n de Fabricantes de Automotores se har\u00eda cargo de la aerol\u00ednea bandera cuando asuma Mauricio Macri. Su perfil.<\/p>\n","protected":false},"author":4,"featured_media":0,"comment_status":"open","ping_status":"open","sticky":false,"template":"","format":"standard","meta":{"_jetpack_newsletter_access":"","_jetpack_dont_email_post_to_subs":false,"_jetpack_newsletter_tier_id":0,"_jetpack_memberships_contains_paywalled_content":false,"_jetpack_memberships_contains_paid_content":false,"footnotes":""},"categories":[51],"tags":[],"class_list":["post-75773","post","type-post","status-publish","format-standard","hentry","category-politica"],"jetpack_shortlink":"https:\/\/wp.me\/p2JWE0-jI9","jetpack-related-posts":[{"id":95083,"url":"http:\/\/www.24baires.com\/?p=95083","url_meta":{"origin":75773,"position":0},"title":"Macri tambi\u00e9n se condon\u00f3 una deuda que manten\u00eda con Aerol\u00edneas","author":"GB","date":"08\/06\/2017","format":false,"excerpt":"Un documento prueba que la aerol\u00ednea estatal le perdon\u00f3 cientos de miles de pesos que la firma Macair Jet, de la familia presidencial. Al igual que en el caso Correo Argentino, el presidente Mauricio Macri result\u00f3 favorecido por una nueva condonaci\u00f3n de deuda a trav\u00e9s de una firma estatal que\u2026","rel":"","context":"En \u00abPol\u00edtica\u00bb","block_context":{"text":"Pol\u00edtica","link":"http:\/\/www.24baires.com\/?cat=51"},"img":{"alt_text":"","src":"https:\/\/i0.wp.com\/www.24baires.com\/wp-content\/uploads\/2017\/06\/macri-aerolineas.jpg?resize=350%2C200","width":350,"height":200,"srcset":"https:\/\/i0.wp.com\/www.24baires.com\/wp-content\/uploads\/2017\/06\/macri-aerolineas.jpg?resize=350%2C200 1x, https:\/\/i0.wp.com\/www.24baires.com\/wp-content\/uploads\/2017\/06\/macri-aerolineas.jpg?resize=525%2C300 1.5x"},"classes":[]},{"id":90979,"url":"http:\/\/www.24baires.com\/?p=90979","url_meta":{"origin":75773,"position":1},"title":"Pe\u00f1a sobre Costantini: \u00abCumpli\u00f3 una etapa\u00bb","author":"AF","date":"22\/12\/2016","format":false,"excerpt":"El jefe de Gabinete, Marcos Pe\u00f1a, dijo que \u201cse cumpli\u00f3 una etapa\u201d de Isela Costantini como presidenta de Aerol\u00edneas Argentinas (AA), agradeci\u00f3 su \u201caporte\u201d a la compa\u00f1\u00eda de bandera, y ratific\u00f3 que la empresa \u201cno se privatiza\u201d. El jefe de Gabinete, Marcos Pe\u00f1a, dijo que \u201cse cumpli\u00f3 una etapa\u201d de\u2026","rel":"","context":"En \u00abPol\u00edtica\u00bb","block_context":{"text":"Pol\u00edtica","link":"http:\/\/www.24baires.com\/?cat=51"},"img":{"alt_text":"","src":"https:\/\/i0.wp.com\/www.24baires.com\/wp-content\/uploads\/2015\/11\/pe%C3%B1a-marcos.jpg?resize=350%2C200","width":350,"height":200},"classes":[]},{"id":94088,"url":"http:\/\/www.24baires.com\/?p=94088","url_meta":{"origin":75773,"position":2},"title":"El presidente de Aerol\u00edneas dijo que la empresa podr\u00eda ser privatizada","author":"GB","date":"25\/04\/2017","format":false,"excerpt":"El titular de la l\u00ednea a\u00e9rea de bandera, Mario Dell'Acqua, no descart\u00f3 que en un futuro la compa\u00f1\u00eda vuelva a estar manos privadas. El titular de Aerol\u00edneas Argentinas, Mario Dell'Acqua, admiti\u00f3 que \"es posible\" que se reprivatice la empresa, que hab\u00eda sido recuperada durante el kirchnerismo tras la gesti\u00f3n de\u2026","rel":"","context":"En \u00abPol\u00edtica\u00bb","block_context":{"text":"Pol\u00edtica","link":"http:\/\/www.24baires.com\/?cat=51"},"img":{"alt_text":"","src":"https:\/\/i0.wp.com\/www.24baires.com\/wp-content\/uploads\/2017\/04\/aerolineas-argentinas.jpg?resize=350%2C200","width":350,"height":200,"srcset":"https:\/\/i0.wp.com\/www.24baires.com\/wp-content\/uploads\/2017\/04\/aerolineas-argentinas.jpg?resize=350%2C200 1x, https:\/\/i0.wp.com\/www.24baires.com\/wp-content\/uploads\/2017\/04\/aerolineas-argentinas.jpg?resize=525%2C300 1.5x"},"classes":[]},{"id":56018,"url":"http:\/\/www.24baires.com\/?p=56018","url_meta":{"origin":75773,"position":3},"title":"\u00abLa Grieta\u00bb tambi\u00e9n cruz\u00f3 al Coloquio de IDEA","author":"GB","date":"25\/10\/2014","format":false,"excerpt":"MAR DEL PLATA-A ra\u00edz de la primera jornada del IDEA, desarrollada en \u00a0la ciudad de Mar del Plata, se generaron molestias entre los empresarios participantes. \"No representa el esp\u00edritu de di\u00e1logo de la reuni\u00f3n\", asegur\u00f3 la presidenta del encuentro, Isela Costantini, haciendo referencia a lo\u00a0dicho por , el titular del\u2026","rel":"","context":"En \u00abEconom\u00eda\u00bb","block_context":{"text":"Econom\u00eda","link":"http:\/\/www.24baires.com\/?cat=45"},"img":{"alt_text":"","src":"https:\/\/i0.wp.com\/www.24baires.com\/wp-content\/uploads\/2014\/10\/idea1.jpg?resize=350%2C200","width":350,"height":200},"classes":[]},{"id":91799,"url":"http:\/\/www.24baires.com\/?p=91799","url_meta":{"origin":75773,"position":4},"title":"Ajuste en Aerol\u00edneas: relanzan plan con cierre de sucursales y m\u00e1s despidos","author":"GB","date":"22\/01\/2017","format":false,"excerpt":"A poco m\u00e1s de un mes de la salida de Isela Costantini de Aerol\u00edneas Argentinas, el nuevo presidente de la compa\u00f1\u00eda Mario Dell'Acqua puso en marcha los motores para darle vuelo al plan de ajuste que le solicitaron desde la Casa Rosada. Dell'Acqua mantuvo varias reuniones. Recibi\u00f3 y dio instrucciones,\u2026","rel":"","context":"En \u00abSociedad\u00bb","block_context":{"text":"Sociedad","link":"http:\/\/www.24baires.com\/?cat=1"},"img":{"alt_text":"","src":"https:\/\/i0.wp.com\/www.24baires.com\/wp-content\/uploads\/2013\/10\/aerolineas-argen-300x199.jpg?resize=350%2C200","width":350,"height":200},"classes":[]},{"id":82039,"url":"http:\/\/www.24baires.com\/?p=82039","url_meta":{"origin":75773,"position":5},"title":"El Gobierno quiere recortar 38% los subsidios a Aerol\u00edneas Argentinas","author":"GB","date":"28\/04\/2016","format":false,"excerpt":"La empresa hab\u00eda acordado una ayuda financiera de US$420 millones, pero finalmente la administraci\u00f3n macrista le dar\u00e1 US$260 millones. Aerol\u00edneas Argentinas acord\u00f3 que los subsidios terminaran el a\u00f1o en alrededor de 420 millones de d\u00f3lares pero hace menos de una semana, la Jefatura de Gabinete baj\u00f3 la oferta: pidieron que\u2026","rel":"","context":"En \u00abEconom\u00eda\u00bb","block_context":{"text":"Econom\u00eda","link":"http:\/\/www.24baires.com\/?cat=45"},"img":{"alt_text":"aerolineas argen","src":"https:\/\/i0.wp.com\/www.24baires.com\/wp-content\/uploads\/2013\/10\/aerolineas-argen.jpg?resize=350%2C200","width":350,"height":200},"classes":[]}],"jetpack_sharing_enabled":true,"jetpack_likes_enabled":true,"jetpack_featured_media_url":"","_links":{"self":[{"href":"http:\/\/www.24baires.com\/index.php?rest_route=\/wp\/v2\/posts\/75773","targetHints":{"allow":["GET"]}}],"collection":[{"href":"http:\/\/www.24baires.com\/index.php?rest_route=\/wp\/v2\/posts"}],"about":[{"href":"http:\/\/www.24baires.com\/index.php?rest_route=\/wp\/v2\/types\/post"}],"author":[{"embeddable":true,"href":"http:\/\/www.24baires.com\/index.php?rest_route=\/wp\/v2\/users\/4"}],"replies":[{"embeddable":true,"href":"http:\/\/www.24baires.com\/index.php?rest_route=%2Fwp%2Fv2%2Fcomments&post=75773"}],"version-history":[{"count":3,"href":"http:\/\/www.24baires.com\/index.php?rest_route=\/wp\/v2\/posts\/75773\/revisions"}],"predecessor-version":[{"id":75778,"href":"http:\/\/www.24baires.com\/index.php?rest_route=\/wp\/v2\/posts\/75773\/revisions\/75778"}],"wp:attachment":[{"href":"http:\/\/www.24baires.com\/index.php?rest_route=%2Fwp%2Fv2%2Fmedia&parent=75773"}],"wp:term":[{"taxonomy":"category","embeddable":true,"href":"http:\/\/www.24baires.com\/index.php?rest_route=%2Fwp%2Fv2%2Fcategories&post=75773"},{"taxonomy":"post_tag","embeddable":true,"href":"http:\/\/www.24baires.com\/index.php?rest_route=%2Fwp%2Fv2%2Ftags&post=75773"}],"curies":[{"name":"wp","href":"https:\/\/api.w.org\/{rel}","templated":true}]}}