{"id":75751,"date":"2015-11-30T10:30:11","date_gmt":"2015-11-30T13:30:11","guid":{"rendered":"http:\/\/www.24baires.com\/?p=75751"},"modified":"2015-12-01T10:36:11","modified_gmt":"2015-12-01T13:36:11","slug":"la-transicion-se-esta-dando-de-forma-ordenada-y-normal","status":"publish","type":"post","link":"http:\/\/www.24baires.com\/?p=75751","title":{"rendered":"\u201cLa transici\u00f3n se est\u00e1 dando de forma ordenada y normal\u201d"},"content":{"rendered":"<p><img data-recalc-dims=\"1\" loading=\"lazy\" decoding=\"async\" class=\"aligncenter size-full wp-image-75470\" src=\"https:\/\/i0.wp.com\/www.24baires.com\/wp-content\/uploads\/2015\/11\/an%C3%ADbal-fern%C3%A1ndezz.jpg?resize=560%2C372\" alt=\"an\u00edbal fern\u00e1ndezz\" width=\"560\" height=\"372\" srcset=\"https:\/\/i0.wp.com\/www.24baires.com\/wp-content\/uploads\/2015\/11\/an%C3%ADbal-fern%C3%A1ndezz.jpg?w=560 560w, https:\/\/i0.wp.com\/www.24baires.com\/wp-content\/uploads\/2015\/11\/an%C3%ADbal-fern%C3%A1ndezz.jpg?resize=300%2C199 300w\" sizes=\"auto, (max-width: 560px) 100vw, 560px\" \/>As\u00ed lo asegur\u00f3 esta ma\u00f1ana el jefe de Gabinete, quien recalc\u00f3 que la reuni\u00f3n que mantuvo el viernes con Marcos Pe\u00f1a en Casa de Gobierno fue \u201cmuy buena y se habl\u00f3 de todo lo que se ten\u00eda que hablar\u201d.<!--more--><\/p>\n<p>As\u00ed lo asegur\u00f3 el jefe de Gabinete esta ma\u00f1ana, que recalc\u00f3 que la reuni\u00f3n que mantuvo el viernes con Marcos Pe\u00f1a fue \u201cmuy buena y se habl\u00f3 de todo lo que se ten\u00eda que hablar\u201d.<\/p>\n","protected":false},"excerpt":{"rendered":"<p>As\u00ed lo asegur\u00f3 esta ma\u00f1ana el jefe de Gabinete, quien recalc\u00f3 que la reuni\u00f3n que mantuvo el viernes con Marcos Pe\u00f1a en Casa de Gobierno fue \u201cmuy buena y se habl\u00f3 de todo lo que se ten\u00eda que hablar\u201d.<\/p>\n","protected":false},"author":4,"featured_media":0,"comment_status":"open","ping_status":"open","sticky":false,"template":"","format":"standard","meta":{"_jetpack_newsletter_access":"","_jetpack_dont_email_post_to_subs":false,"_jetpack_newsletter_tier_id":0,"_jetpack_memberships_contains_paywalled_content":false,"_jetpack_memberships_contains_paid_content":false,"footnotes":""},"categories":[51],"tags":[],"class_list":["post-75751","post","type-post","status-publish","format-standard","hentry","category-politica"],"jetpack_shortlink":"https:\/\/wp.me\/p2JWE0-jHN","jetpack-related-posts":[{"id":77923,"url":"http:\/\/www.24baires.com\/?p=77923","url_meta":{"origin":75751,"position":0},"title":"Pe\u00f1a: \u00abLa diferencia por Malvinas no impedir\u00e1 una buena relaci\u00f3n con Gran Breta\u00f1a\u00bb","author":"AF","date":"21\/01\/2016","format":false,"excerpt":"El jefe de Gabinete, Marcos Pe\u00f1a, lo afirm\u00f3 tras la reuni\u00f3n que el presidente Mauricio Macri mantuvo con el premier brit\u00e1nico, David Cameron, en el hotel Belverde de Davos. Desde el Hotel Europe, Pe\u00f1a calific\u00f3 de \"muy buena reuni\u00f3n\" el encuentro entre Macri y Cameron, que tuvo lugar este mediod\u00eda.\u2026","rel":"","context":"En \u00abInternacionales\u00bb","block_context":{"text":"Internacionales","link":"http:\/\/www.24baires.com\/?cat=73"},"img":{"alt_text":"marcos pe\u00f1a","src":"https:\/\/i0.wp.com\/www.24baires.com\/wp-content\/uploads\/2015\/12\/marcos-pe%C3%B1a.jpg?resize=350%2C200","width":350,"height":200,"srcset":"https:\/\/i0.wp.com\/www.24baires.com\/wp-content\/uploads\/2015\/12\/marcos-pe%C3%B1a.jpg?resize=350%2C200 1x, https:\/\/i0.wp.com\/www.24baires.com\/wp-content\/uploads\/2015\/12\/marcos-pe%C3%B1a.jpg?resize=525%2C300 1.5x"},"classes":[]},{"id":102144,"url":"http:\/\/www.24baires.com\/?p=102144","url_meta":{"origin":75751,"position":1},"title":"Pe\u00f1a adelant\u00f3 que el Gobierno quiere un \u201cgran acuerdo\u201d con la oposici\u00f3n","author":"GB","date":"15\/05\/2018","format":false,"excerpt":"Lo blanque\u00f3 el Jefe de Gabinete, Marcos Pe\u00f1a, luego de una reuni\u00f3n con todos los ministros en Casa Rosada. La idea es que se plasme en un proyecto de Presupuesto \u201cconsensuado\u201d para 2019. El antecedente de Eduardo Duhalde en 2002. Esta ma\u00f1ana, el jefe de Gabinete, Marcos Pe\u00f1a, sorprendi\u00f3 al\u2026","rel":"","context":"En \u00abEconom\u00eda\u00bb","block_context":{"text":"Econom\u00eda","link":"http:\/\/www.24baires.com\/?cat=45"},"img":{"alt_text":"","src":"https:\/\/i0.wp.com\/www.24baires.com\/wp-content\/uploads\/2018\/05\/pe%C3%B1a.jpg?resize=350%2C200","width":350,"height":200,"srcset":"https:\/\/i0.wp.com\/www.24baires.com\/wp-content\/uploads\/2018\/05\/pe%C3%B1a.jpg?resize=350%2C200 1x, https:\/\/i0.wp.com\/www.24baires.com\/wp-content\/uploads\/2018\/05\/pe%C3%B1a.jpg?resize=525%2C300 1.5x"},"classes":[]},{"id":100842,"url":"http:\/\/www.24baires.com\/?p=100842","url_meta":{"origin":75751,"position":2},"title":"Marcos Pe\u00f1a ratific\u00f3 el respaldo del Gobierno a Arribas","author":"AF","date":"02\/03\/2018","format":false,"excerpt":"El jefe de Gabinete brind\u00f3 una conferencia de prensa tras la reuni\u00f3n encabezada por el presidente Mauricio Macri en el CCK y brind\u00f3 un nuevo espaldarazo al titular de la Agencia Federal de Inteligencia, relacionado con operaciones de lavado de activos en Brasil. El jefe de Gabinete de Ministros Marcos\u2026","rel":"","context":"En \u00abPol\u00edtica\u00bb","block_context":{"text":"Pol\u00edtica","link":"http:\/\/www.24baires.com\/?cat=51"},"img":{"alt_text":"","src":"https:\/\/i0.wp.com\/www.24baires.com\/wp-content\/uploads\/2015\/11\/pe%C3%B1a.jpg?resize=350%2C200","width":350,"height":200,"srcset":"https:\/\/i0.wp.com\/www.24baires.com\/wp-content\/uploads\/2015\/11\/pe%C3%B1a.jpg?resize=350%2C200 1x, https:\/\/i0.wp.com\/www.24baires.com\/wp-content\/uploads\/2015\/11\/pe%C3%B1a.jpg?resize=525%2C300 1.5x"},"classes":[]},{"id":103246,"url":"http:\/\/www.24baires.com\/?p=103246","url_meta":{"origin":75751,"position":3},"title":"Marcos Pe\u00f1a dice que Macri no vetar\u00e1 la despenalizaci\u00f3n del aborto si es ley","author":"Grupo Sierra","date":"10\/07\/2018","format":false,"excerpt":"El jefe de Gabinete, Marcos Pe\u00f1a, asegur\u00f3 hoy que el presidente Mauricio Macri no vetar\u00e1 la interrupci\u00f3n voluntaria del embarazo si se convierte en ley, y respondi\u00f3 as\u00ed al reclamo surgido desde la Iglesia sobre el proyecto, a horas de que se retome el debate con oradores en el Senado.\u2026","rel":"","context":"En \u00abPol\u00edtica\u00bb","block_context":{"text":"Pol\u00edtica","link":"http:\/\/www.24baires.com\/?cat=51"},"img":{"alt_text":"","src":"https:\/\/i0.wp.com\/www.24baires.com\/wp-content\/uploads\/2016\/08\/marcos-pe%C3%B1a.jpg?resize=350%2C200","width":350,"height":200,"srcset":"https:\/\/i0.wp.com\/www.24baires.com\/wp-content\/uploads\/2016\/08\/marcos-pe%C3%B1a.jpg?resize=350%2C200 1x, https:\/\/i0.wp.com\/www.24baires.com\/wp-content\/uploads\/2016\/08\/marcos-pe%C3%B1a.jpg?resize=525%2C300 1.5x"},"classes":[]},{"id":112866,"url":"http:\/\/www.24baires.com\/?p=112866","url_meta":{"origin":75751,"position":4},"title":"Alberto advirti\u00f3 sobre \u00abla situaci\u00f3n cr\u00edtica que deja el macrismo\u00bb","author":"AF","date":"05\/11\/2019","format":false,"excerpt":"El presidente electo habl\u00f3 sobre la herencia econ\u00f3mica que recibir\u00e1 y rechaz\u00f3 el informe que elabor\u00f3 el gobierno de Macri, \"La crisis de deuda que hoy tenemos hace cuatro a\u00f1os no exist\u00eda y es producto de la gran inoperancia del gobierno\", replic\u00f3 Fern\u00e1ndez. El presidente electo, Alberto Fern\u00e1ndez, subray\u00f3 que\u2026","rel":"","context":"En \u00abPol\u00edtica\u00bb","block_context":{"text":"Pol\u00edtica","link":"http:\/\/www.24baires.com\/?cat=51"},"img":{"alt_text":"","src":"https:\/\/i0.wp.com\/www.24baires.com\/wp-content\/uploads\/2019\/10\/alberto1.jpeg?resize=350%2C200","width":350,"height":200,"srcset":"https:\/\/i0.wp.com\/www.24baires.com\/wp-content\/uploads\/2019\/10\/alberto1.jpeg?resize=350%2C200 1x, https:\/\/i0.wp.com\/www.24baires.com\/wp-content\/uploads\/2019\/10\/alberto1.jpeg?resize=525%2C300 1.5x"},"classes":[]},{"id":116104,"url":"http:\/\/www.24baires.com\/?p=116104","url_meta":{"origin":75751,"position":5},"title":"\u00abEl Gobierno de los tarifazos y los impuestazos se fue el 10 de diciembre\u00bb","author":"AF","date":"29\/08\/2020","format":false,"excerpt":"Defini\u00f3 como \"medida excepcional en un momento excepcional\" al proyecto para gravar patrimonios que superen los 200 millones de pesos. Por otro lado, record\u00f3 que \"al aire libre el riesgo es menor pero no cero\", en relaci\u00f3n a la habilitaci\u00f3n de reuniones de hasta diez personas. Neg\u00f3 tensiones con el\u2026","rel":"","context":"En \u00abPol\u00edtica\u00bb","block_context":{"text":"Pol\u00edtica","link":"http:\/\/www.24baires.com\/?cat=51"},"img":{"alt_text":"","src":"https:\/\/i0.wp.com\/www.24baires.com\/wp-content\/uploads\/2020\/07\/cafiero.jpg?resize=350%2C200","width":350,"height":200,"srcset":"https:\/\/i0.wp.com\/www.24baires.com\/wp-content\/uploads\/2020\/07\/cafiero.jpg?resize=350%2C200 1x, https:\/\/i0.wp.com\/www.24baires.com\/wp-content\/uploads\/2020\/07\/cafiero.jpg?resize=525%2C300 1.5x"},"classes":[]}],"jetpack_sharing_enabled":true,"jetpack_likes_enabled":true,"jetpack_featured_media_url":"","_links":{"self":[{"href":"http:\/\/www.24baires.com\/index.php?rest_route=\/wp\/v2\/posts\/75751","targetHints":{"allow":["GET"]}}],"collection":[{"href":"http:\/\/www.24baires.com\/index.php?rest_route=\/wp\/v2\/posts"}],"about":[{"href":"http:\/\/www.24baires.com\/index.php?rest_route=\/wp\/v2\/types\/post"}],"author":[{"embeddable":true,"href":"http:\/\/www.24baires.com\/index.php?rest_route=\/wp\/v2\/users\/4"}],"replies":[{"embeddable":true,"href":"http:\/\/www.24baires.com\/index.php?rest_route=%2Fwp%2Fv2%2Fcomments&post=75751"}],"version-history":[{"count":1,"href":"http:\/\/www.24baires.com\/index.php?rest_route=\/wp\/v2\/posts\/75751\/revisions"}],"predecessor-version":[{"id":75752,"href":"http:\/\/www.24baires.com\/index.php?rest_route=\/wp\/v2\/posts\/75751\/revisions\/75752"}],"wp:attachment":[{"href":"http:\/\/www.24baires.com\/index.php?rest_route=%2Fwp%2Fv2%2Fmedia&parent=75751"}],"wp:term":[{"taxonomy":"category","embeddable":true,"href":"http:\/\/www.24baires.com\/index.php?rest_route=%2Fwp%2Fv2%2Fcategories&post=75751"},{"taxonomy":"post_tag","embeddable":true,"href":"http:\/\/www.24baires.com\/index.php?rest_route=%2Fwp%2Fv2%2Ftags&post=75751"}],"curies":[{"name":"wp","href":"https:\/\/api.w.org\/{rel}","templated":true}]}}