{"id":75735,"date":"2015-11-29T13:00:03","date_gmt":"2015-11-29T16:00:03","guid":{"rendered":"http:\/\/www.24baires.com\/?p=75735"},"modified":"2015-11-29T12:25:34","modified_gmt":"2015-11-29T15:25:34","slug":"marcos-pena-la-ley-de-medios-fue-disenada-para-una-guerra","status":"publish","type":"post","link":"http:\/\/www.24baires.com\/?p=75735","title":{"rendered":"Marcos Pe\u00f1a: la ley de medios \u201cfue dise\u00f1ada para una guerra\u201d"},"content":{"rendered":"<p><img data-recalc-dims=\"1\" loading=\"lazy\" decoding=\"async\" class=\"aligncenter size-full wp-image-75612\" src=\"https:\/\/i0.wp.com\/www.24baires.com\/wp-content\/uploads\/2015\/11\/pe%C3%B1a.jpg?resize=560%2C313\" alt=\"pe\u00f1a\" width=\"560\" height=\"313\" srcset=\"https:\/\/i0.wp.com\/www.24baires.com\/wp-content\/uploads\/2015\/11\/pe%C3%B1a.jpg?w=560 560w, https:\/\/i0.wp.com\/www.24baires.com\/wp-content\/uploads\/2015\/11\/pe%C3%B1a.jpg?resize=300%2C168 300w\" sizes=\"auto, (max-width: 560px) 100vw, 560px\" \/>El futuro jefe de Gabinete de Macri se refiri\u00f3 a la Ley de Servicios de Comunicaci\u00f3n Audiovisual y anticip\u00f3 que despu\u00e9s del 10 de diciembre \u201ctiene que haber una discusi\u00f3n sobre la pol\u00edtica de medios\u201d.<!--more--><\/p>\n<p>Pe\u00f1a indic\u00f3 hoy en una entrevista publicada por el diario Perfil que \u201cla Ley de Medios es antigua y pensada para un mundo y una comunicaci\u00f3n que ya no existen\u201d, al tiempo que cuestion\u00f3 la pol\u00edtica de comunicaci\u00f3n del actual gobierno al considerar que \u201cfue dise\u00f1ada para una guerra con los medios, y no la compartimos\u201d.<\/p>\n<p>De esta manera, el pr\u00f3ximo jefe de Gabinete de Ministros desliz\u00f3 la intenci\u00f3n de la alianza Cambiemos de rediscutir la actual ley que rige a la comunicaci\u00f3n audiovisual y que fue producto de m\u00e1s de 200 foros nacionales impulsados de manera conjunta por el actual Ejecutivo y la plataforma por 21 puntos elaborados por la Coalici\u00f3n para una Radiodifusi\u00f3n Democr\u00e1tica.<\/p>\n<p>\u201cLa misma discusi\u00f3n (hay) con la pauta publicitaria o la libertad de expresi\u00f3n, con hipergarantismo\u201d afirm\u00f3 Pe\u00f1a y relacionado a este \u00faltimo tema, anticip\u00f3 que desde Cambiemos \u201cestamos pensando en ordenarla, darle mayor previsibilidad, estudiando mecanismo con la idea de trabajar en conjunto Ciudad, provincia de Buenos Aires y Naci\u00f3n\u201d.<\/p>\n","protected":false},"excerpt":{"rendered":"<p>El futuro jefe de Gabinete de Macri se refiri\u00f3 a la Ley de Servicios de Comunicaci\u00f3n Audiovisual y anticip\u00f3 que despu\u00e9s del 10 de diciembre \u201ctiene que haber una discusi\u00f3n sobre la pol\u00edtica de medios\u201d.<\/p>\n","protected":false},"author":4,"featured_media":0,"comment_status":"open","ping_status":"open","sticky":false,"template":"","format":"standard","meta":{"_jetpack_newsletter_access":"","_jetpack_dont_email_post_to_subs":false,"_jetpack_newsletter_tier_id":0,"_jetpack_memberships_contains_paywalled_content":false,"_jetpack_memberships_contains_paid_content":false,"footnotes":""},"categories":[51],"tags":[],"class_list":["post-75735","post","type-post","status-publish","format-standard","hentry","category-politica"],"jetpack_shortlink":"https:\/\/wp.me\/p2JWE0-jHx","jetpack-related-posts":[{"id":77016,"url":"http:\/\/www.24baires.com\/?p=77016","url_meta":{"origin":75735,"position":0},"title":"El Gobierno modific\u00f3 la Ley de Medios por DNU","author":"AF","date":"30\/12\/2015","format":false,"excerpt":"\"Hoy se termina la guerra del Estado contra el periodismo\", afirm\u00f3 el Jefe de Gabinete, Marcos Pe\u00f1a en una conferencia de prensa en Casa de Gobierno. El Jefe de Gabinete, Marcos Pe\u00f1a, anunci\u00f3 hoy la modificaci\u00f3n por decreto de las leyes de Servicios de Comunicaci\u00f3n Audiovisual y de Argentina Digital,\u2026","rel":"","context":"En \u00abMedios\u00bb","block_context":{"text":"Medios","link":"http:\/\/www.24baires.com\/?cat=54"},"img":{"alt_text":"pe\u00f1a","src":"https:\/\/i0.wp.com\/www.24baires.com\/wp-content\/uploads\/2015\/11\/pe%C3%B1a.jpg?resize=350%2C200","width":350,"height":200,"srcset":"https:\/\/i0.wp.com\/www.24baires.com\/wp-content\/uploads\/2015\/11\/pe%C3%B1a.jpg?resize=350%2C200 1x, https:\/\/i0.wp.com\/www.24baires.com\/wp-content\/uploads\/2015\/11\/pe%C3%B1a.jpg?resize=525%2C300 1.5x"},"classes":[]},{"id":77113,"url":"http:\/\/www.24baires.com\/?p=77113","url_meta":{"origin":75735,"position":1},"title":"Oficializan la creaci\u00f3n del Enacom y las modificaciones a las leyes de medios","author":"AF","date":"04\/01\/2016","format":false,"excerpt":"La creaci\u00f3n del Ente Nacional de Comunicaciones, como ente aut\u00e1rquico en el \u00e1mbito del ministerio de Comunicaciones, qued\u00f3 oficializada con la publicaci\u00f3n en el Bolet\u00edn Oficial del decreto 267, y que modifica varios art\u00edculos de la ley de Servicios de Comunicaci\u00f3n Audiovisual y de Argentina Digital. Seg\u00fan el art\u00edculo 2\u2026","rel":"","context":"En \u00abPol\u00edtica\u00bb","block_context":{"text":"Pol\u00edtica","link":"http:\/\/www.24baires.com\/?cat=51"},"img":{"alt_text":"","src":"","width":0,"height":0},"classes":[]},{"id":77032,"url":"http:\/\/www.24baires.com\/?p=77032","url_meta":{"origin":75735,"position":2},"title":"\u00abMacri est\u00e1 violando los est\u00e1ndares internacionales sobre libertad de expresi\u00f3n\u00bb","author":"AF","date":"30\/12\/2015","format":false,"excerpt":"Graciana Pe\u00f1afort, la abogada que fue una de las autoras de la Ley de Servicios de Comunicaci\u00f3n Audiovisual critic\u00f3 con dureza la decisi\u00f3n del gobierno nacional de modificar a trav\u00e9s de un DNU la Ley de Medios. A trav\u00e9s de su cuenta de Twitter, la abogada Graciana Pe\u00f1afort, una de\u2026","rel":"","context":"En \u00abJUDICIALES\u00bb","block_context":{"text":"JUDICIALES","link":"http:\/\/www.24baires.com\/?cat=68"},"img":{"alt_text":"","src":"https:\/\/i0.wp.com\/www.24baires.com\/wp-content\/uploads\/2015\/12\/graciana-pe%C3%B1afort.jpg?resize=350%2C200","width":350,"height":200,"srcset":"https:\/\/i0.wp.com\/www.24baires.com\/wp-content\/uploads\/2015\/12\/graciana-pe%C3%B1afort.jpg?resize=350%2C200 1x, https:\/\/i0.wp.com\/www.24baires.com\/wp-content\/uploads\/2015\/12\/graciana-pe%C3%B1afort.jpg?resize=525%2C300 1.5x"},"classes":[]},{"id":57843,"url":"http:\/\/www.24baires.com\/?p=57843","url_meta":{"origin":75735,"position":3},"title":"Capitanich defendi\u00f3 el rol del Estado ante el arte","author":"Grupo Sierra","date":"28\/11\/2014","format":false,"excerpt":"MAR DEL PLATA- El jefe de Gabinete, Jorge Capitanich, lo asegur\u00f3 al participar en la apertura del 4\u00b0 Encuentro de Comunicaci\u00f3n Audiovisual que se desarrollar\u00e1 hasta ma\u00f1ana en la ciudad. En ese marco, el Jefe de Gabinete destac\u00f3 \"el fortalecimiento del Incaa\" y resalt\u00f3: \"No se puede desarrollar el talento\u2026","rel":"","context":"En \u00abGeneral\u00bb","block_context":{"text":"General","link":"http:\/\/www.24baires.com\/?cat=67"},"img":{"alt_text":"capitanich soberan\u00eda","src":"https:\/\/i0.wp.com\/www.24baires.com\/wp-content\/uploads\/2014\/11\/capitanich-soberan%C3%ADa.jpg?resize=350%2C200","width":350,"height":200,"srcset":"https:\/\/i0.wp.com\/www.24baires.com\/wp-content\/uploads\/2014\/11\/capitanich-soberan%C3%ADa.jpg?resize=350%2C200 1x, https:\/\/i0.wp.com\/www.24baires.com\/wp-content\/uploads\/2014\/11\/capitanich-soberan%C3%ADa.jpg?resize=525%2C300 1.5x"},"classes":[]},{"id":23752,"url":"http:\/\/www.24baires.com\/?p=23752","url_meta":{"origin":75735,"position":4},"title":"El COFECA expres\u00f3 su repudio al DNU de Macri","author":"AF","date":"17\/05\/2013","format":false,"excerpt":"El organismo que est\u00e1 integrado por representantes de doce provincias y de sectores sindicales, universitarios y ONG\u00b4s, expres\u00f3 su repudio contra el Decreto de Necesidad y Urgencia del jefe de Gobierno porte\u00f1o sobre la libertad de prensa. Consideraron que Macri \"ofende una vez m\u00e1s las instituciones democr\u00e1ticas, al pretender sobrepasar\u2026","rel":"","context":"En \u00abMedios\u00bb","block_context":{"text":"Medios","link":"http:\/\/www.24baires.com\/?cat=54"},"img":{"alt_text":"COFECA","src":"https:\/\/i0.wp.com\/www.24baires.com\/wp-content\/uploads\/2013\/05\/COFECA-300x190.jpg?resize=350%2C200","width":350,"height":200},"classes":[]},{"id":110882,"url":"http:\/\/www.24baires.com\/?p=110882","url_meta":{"origin":75735,"position":5},"title":"El Gobierno redujo a la mitad el espacio para los spots de campa\u00f1a","author":"GB","date":"21\/06\/2019","format":false,"excerpt":"El Gobierno dispuso que los medios de comunicaci\u00f3n deber\u00e1n ceder gratuitamente el 5% de doce horas de programaci\u00f3n \"para la difusi\u00f3n de mensajes de campa\u00f1a electoral\" tanto para las PASO como para las elecciones generales, la mitad de lo que se hab\u00eda dispuesto en 2015. El decreto 429\/2019, firmado por\u2026","rel":"","context":"En \u00abElecciones\u00bb","block_context":{"text":"Elecciones","link":"http:\/\/www.24baires.com\/?cat=316"},"img":{"alt_text":"","src":"https:\/\/i0.wp.com\/www.24baires.com\/wp-content\/uploads\/2019\/03\/MACRI-CONGRESO.png?resize=350%2C200","width":350,"height":200,"srcset":"https:\/\/i0.wp.com\/www.24baires.com\/wp-content\/uploads\/2019\/03\/MACRI-CONGRESO.png?resize=350%2C200 1x, https:\/\/i0.wp.com\/www.24baires.com\/wp-content\/uploads\/2019\/03\/MACRI-CONGRESO.png?resize=525%2C300 1.5x"},"classes":[]}],"jetpack_sharing_enabled":true,"jetpack_likes_enabled":true,"jetpack_featured_media_url":"","_links":{"self":[{"href":"http:\/\/www.24baires.com\/index.php?rest_route=\/wp\/v2\/posts\/75735","targetHints":{"allow":["GET"]}}],"collection":[{"href":"http:\/\/www.24baires.com\/index.php?rest_route=\/wp\/v2\/posts"}],"about":[{"href":"http:\/\/www.24baires.com\/index.php?rest_route=\/wp\/v2\/types\/post"}],"author":[{"embeddable":true,"href":"http:\/\/www.24baires.com\/index.php?rest_route=\/wp\/v2\/users\/4"}],"replies":[{"embeddable":true,"href":"http:\/\/www.24baires.com\/index.php?rest_route=%2Fwp%2Fv2%2Fcomments&post=75735"}],"version-history":[{"count":1,"href":"http:\/\/www.24baires.com\/index.php?rest_route=\/wp\/v2\/posts\/75735\/revisions"}],"predecessor-version":[{"id":75736,"href":"http:\/\/www.24baires.com\/index.php?rest_route=\/wp\/v2\/posts\/75735\/revisions\/75736"}],"wp:attachment":[{"href":"http:\/\/www.24baires.com\/index.php?rest_route=%2Fwp%2Fv2%2Fmedia&parent=75735"}],"wp:term":[{"taxonomy":"category","embeddable":true,"href":"http:\/\/www.24baires.com\/index.php?rest_route=%2Fwp%2Fv2%2Fcategories&post=75735"},{"taxonomy":"post_tag","embeddable":true,"href":"http:\/\/www.24baires.com\/index.php?rest_route=%2Fwp%2Fv2%2Ftags&post=75735"}],"curies":[{"name":"wp","href":"https:\/\/api.w.org\/{rel}","templated":true}]}}