{"id":75732,"date":"2015-11-29T11:00:55","date_gmt":"2015-11-29T14:00:55","guid":{"rendered":"http:\/\/www.24baires.com\/?p=75732"},"modified":"2015-11-29T11:16:05","modified_gmt":"2015-11-29T14:16:05","slug":"scioli-llamo-a-alcanzar-la-unidad-de-todo-el-peronismo","status":"publish","type":"post","link":"http:\/\/www.24baires.com\/?p=75732","title":{"rendered":"Scioli llam\u00f3 a alcanzar la unidad de todo el peronismo"},"content":{"rendered":"<p><img data-recalc-dims=\"1\" loading=\"lazy\" decoding=\"async\" class=\"aligncenter size-full wp-image-73145\" src=\"https:\/\/i0.wp.com\/www.24baires.com\/wp-content\/uploads\/2015\/10\/cristina-scioli-tecnopolis.jpg?resize=560%2C373\" alt=\"cristina scioli tecnopolis\" width=\"560\" height=\"373\" srcset=\"https:\/\/i0.wp.com\/www.24baires.com\/wp-content\/uploads\/2015\/10\/cristina-scioli-tecnopolis.jpg?w=560 560w, https:\/\/i0.wp.com\/www.24baires.com\/wp-content\/uploads\/2015\/10\/cristina-scioli-tecnopolis.jpg?resize=300%2C200 300w\" sizes=\"auto, (max-width: 560px) 100vw, 560px\" \/>El gobernador bonaerense y ex candidato presidencial se refiri\u00f3 al futuro de la fuerza y convoc\u00f3 a \u201chacer un esfuerzo para alcanzar la unidad de todo el peronismo y de todos los espacios que integra el FpV\u201d.<!--more--><\/p>\n<p>\u201cEs bueno que hagamos el esfuerzo que sea necesario para alcanzar la unidad de todo el peronismo y de todos los sectores que integran al Frente para la Victoria\u201d afirm\u00f3 Scioli hoy en una entrevista concedida al diario P\u00e1ginas\/12.<\/p>\n<p>All\u00ed, el mandatario bonaerense, que result\u00f3 derrotado en el balotaje presidencial de hace una semana, afirm\u00f3 que en el futuro del actual oficialismo \u201cdeber\u00e1 ampliarse cada vez m\u00e1s para representar cada vez m\u00e1s argentinos\u201d y ratific\u00f3 que \u201cel peronismo ha tenido y debe tener un esp\u00edritu frentista\u201d.<\/p>\n<p>Respecto de la decisi\u00f3n de reconocer su derrota electoral tempranamente, a pesar que el escrutinio arroj\u00f3 una diferencia de poco m\u00e1s de dos puntos, Scioli asegur\u00f3 que \u201ccuando vi una tendencia decid\u00ed priorizar la unidad de los argentinos antes que especular\u201d y asegur\u00f3 que esa actitud \u201cfue una responsable del peronismo\u201d a diferencia de lo sucedido en otras provincias \u201cdonde ante un triunfo del peronismo, la oposici\u00f3n intent\u00f3 instalar ideas falsas para deslegitimar al ganador\u201d.<\/p>\n<p>Consultado sobre la posibilidad de que vaya a presidir el Partido Justicialista, que como anticip\u00f3 T\u00e9lam el d\u00eda de ayer, se reunir\u00e1 el jueves pr\u00f3ximo para comenzar a diagramar el ordenamiento interno partidario con el foco puesto en erigirse como la principal fuerza opositora al futuro gobierno nacional, el mandatario bonaerense rechaz\u00f3 \u201cabrir especulaciones\u201d.<\/p>\n<p>En este sentido, anticip\u00f3 que hoy su futuro como dirigente peronista ser\u00e1 \u201ccomo un ciudadano com\u00fan con grandes responsabilidades\u201d.<\/p>\n","protected":false},"excerpt":{"rendered":"<p>El gobernador bonaerense y ex candidato presidencial se refiri\u00f3 al futuro de la fuerza y convoc\u00f3 a \u201chacer un esfuerzo para alcanzar la unidad de todo el peronismo y de todos los espacios que integra el FpV\u201d.<\/p>\n","protected":false},"author":4,"featured_media":0,"comment_status":"open","ping_status":"open","sticky":false,"template":"","format":"standard","meta":{"_jetpack_newsletter_access":"","_jetpack_dont_email_post_to_subs":false,"_jetpack_newsletter_tier_id":0,"_jetpack_memberships_contains_paywalled_content":false,"_jetpack_memberships_contains_paid_content":false,"footnotes":""},"categories":[51],"tags":[],"class_list":["post-75732","post","type-post","status-publish","format-standard","hentry","category-politica"],"jetpack_shortlink":"https:\/\/wp.me\/p2JWE0-jHu","jetpack-related-posts":[{"id":105173,"url":"http:\/\/www.24baires.com\/?p=105173","url_meta":{"origin":75732,"position":0},"title":"\u00abSer\u00eda aberrante formar un frente opositor sin el kirchnerismo\u00bb","author":"GB","date":"30\/10\/2018","format":false,"excerpt":"El intendente de Tigre afirm\u00f3 que CFK y Massa tienen \"ideas en com\u00fan\" y pidi\u00f3 que confluyan en un mismo frente. Larroque le abri\u00f3 las puertas al exdiputado y dijo que \"el \u00fanico l\u00edmite es Macri\". El intendente de Tigre, Julio Zamora, opin\u00f3 que ser\u00eda \"aberrante\" excluir al kirchnerismo del\u2026","rel":"","context":"En \u00abPol\u00edtica\u00bb","block_context":{"text":"Pol\u00edtica","link":"http:\/\/www.24baires.com\/?cat=51"},"img":{"alt_text":"","src":"https:\/\/i0.wp.com\/www.24baires.com\/wp-content\/uploads\/2018\/10\/massa-zamora.jpg?resize=350%2C200","width":350,"height":200,"srcset":"https:\/\/i0.wp.com\/www.24baires.com\/wp-content\/uploads\/2018\/10\/massa-zamora.jpg?resize=350%2C200 1x, https:\/\/i0.wp.com\/www.24baires.com\/wp-content\/uploads\/2018\/10\/massa-zamora.jpg?resize=525%2C300 1.5x"},"classes":[]},{"id":108260,"url":"http:\/\/www.24baires.com\/?p=108260","url_meta":{"origin":75732,"position":1},"title":"El peronismo en Bah\u00eda Blanca espera sellar la unidad","author":"GB","date":"19\/05\/2019","format":false,"excerpt":"Federico Susbielles promueve la unidad e invita a dirimir candidaturas en una PASO que fortalezca al vencedor. En su espacio est\u00e1n convencidos que la oposici\u00f3n unida podr\u00eda derrotar a H\u00e9ctor Gay y as\u00ed aportar en un distrito clave para que el peronismo recupere la Provincia. Marcelo Feli\u00fa espera definiciones de\u2026","rel":"","context":"En \u00abMunicipios\u00bb","block_context":{"text":"Municipios","link":"http:\/\/www.24baires.com\/?cat=44"},"img":{"alt_text":"","src":"https:\/\/i0.wp.com\/www.24baires.com\/wp-content\/uploads\/2019\/05\/peronismo-bahia.jpg?resize=350%2C200","width":350,"height":200,"srcset":"https:\/\/i0.wp.com\/www.24baires.com\/wp-content\/uploads\/2019\/05\/peronismo-bahia.jpg?resize=350%2C200 1x, https:\/\/i0.wp.com\/www.24baires.com\/wp-content\/uploads\/2019\/05\/peronismo-bahia.jpg?resize=525%2C300 1.5x"},"classes":[]},{"id":107651,"url":"http:\/\/www.24baires.com\/?p=107651","url_meta":{"origin":75732,"position":2},"title":"El peronismo se re\u00fane en Avellaneda","author":"AF","date":"13\/04\/2019","format":false,"excerpt":"Con la excusa de la inauguraci\u00f3n de una pileta ol\u00edmpica climatizada, el peronismo bonaerense busca cerrar filas en Avellaneda. El encuentro partidario se dio horas despu\u00e9s del decreto de Mauricio Macri que no permite las listas colectoras en las pr\u00f3ximas elecciones; y sirve, adem\u00e1s, para mostrar juntos a los dirigentes\u2026","rel":"","context":"En \u00abPol\u00edtica\u00bb","block_context":{"text":"Pol\u00edtica","link":"http:\/\/www.24baires.com\/?cat=51"},"img":{"alt_text":"","src":"https:\/\/i0.wp.com\/www.24baires.com\/wp-content\/uploads\/2019\/04\/peronismo.jpeg?resize=350%2C200","width":350,"height":200,"srcset":"https:\/\/i0.wp.com\/www.24baires.com\/wp-content\/uploads\/2019\/04\/peronismo.jpeg?resize=350%2C200 1x, https:\/\/i0.wp.com\/www.24baires.com\/wp-content\/uploads\/2019\/04\/peronismo.jpeg?resize=525%2C300 1.5x"},"classes":[]},{"id":101023,"url":"http:\/\/www.24baires.com\/?p=101023","url_meta":{"origin":75732,"position":3},"title":"\u00abEstoy convencido de que si se une el peronismo le ganamos a Macri en 2019\u00bb","author":"GB","date":"13\/03\/2018","format":false,"excerpt":"As\u00ed lo asegur\u00f3 Hugo Moyano despu\u00e9s de participar de un acto en homenaje a los 45 a\u00f1os del triunfo de H\u00e9ctor C\u00e1mpora. Afirm\u00f3 que Cristina Fern\u00e1ndez de Kirchner \"por supuesto\" debe sumarse a la construcci\u00f3n de la unidad del peronismo y resalt\u00f3 que \"el mejor homenaje que tenemos que hacerle\u2026","rel":"","context":"En \u00abPol\u00edtica\u00bb","block_context":{"text":"Pol\u00edtica","link":"http:\/\/www.24baires.com\/?cat=51"},"img":{"alt_text":"","src":"https:\/\/i0.wp.com\/www.24baires.com\/wp-content\/uploads\/2018\/02\/moyano-1.jpg?resize=350%2C200","width":350,"height":200,"srcset":"https:\/\/i0.wp.com\/www.24baires.com\/wp-content\/uploads\/2018\/02\/moyano-1.jpg?resize=350%2C200 1x, https:\/\/i0.wp.com\/www.24baires.com\/wp-content\/uploads\/2018\/02\/moyano-1.jpg?resize=525%2C300 1.5x"},"classes":[]},{"id":108387,"url":"http:\/\/www.24baires.com\/?p=108387","url_meta":{"origin":75732,"position":4},"title":"Scioli ratific\u00f3 su candidatura presidencial","author":"GB","date":"25\/05\/2019","format":false,"excerpt":"El exgobernador de la Provincia de Buenos Aires particip\u00f3 del Congreso Educativo de Ajedrez que se realiz\u00f3 en la ciudad balnearia y manifest\u00f3 sus deseos de ser el primer mandatario del pa\u00eds despu\u00e9s del 10 de diciembre, sin embargo aclar\u00f3: \u201cVer\u00e9 como peronista en qu\u00e9 lugar puedo hacer mi mayor\u2026","rel":"","context":"En \u00abPol\u00edtica\u00bb","block_context":{"text":"Pol\u00edtica","link":"http:\/\/www.24baires.com\/?cat=51"},"img":{"alt_text":"","src":"https:\/\/i0.wp.com\/www.24baires.com\/wp-content\/uploads\/2019\/05\/scioli-mar-del.jpg?resize=350%2C200","width":350,"height":200,"srcset":"https:\/\/i0.wp.com\/www.24baires.com\/wp-content\/uploads\/2019\/05\/scioli-mar-del.jpg?resize=350%2C200 1x, https:\/\/i0.wp.com\/www.24baires.com\/wp-content\/uploads\/2019\/05\/scioli-mar-del.jpg?resize=525%2C300 1.5x"},"classes":[]},{"id":108487,"url":"http:\/\/www.24baires.com\/?p=108487","url_meta":{"origin":75732,"position":5},"title":"El massismo define si avanza en un frente con el kirchnerismo","author":"GB","date":"30\/05\/2019","format":false,"excerpt":"El Frente Renovador bonaerense realizar\u00e1 este jueves su congreso partidario para definir el futuro del partido de cara a las elecciones. El tema central de la cumbre en Parque Norte ser\u00e1 la posibilidad de avanzar en un frente com\u00fan con el kirchnerismo y el PJ bonaerense. El congreso de los\u2026","rel":"","context":"En \u00abPol\u00edtica\u00bb","block_context":{"text":"Pol\u00edtica","link":"http:\/\/www.24baires.com\/?cat=51"},"img":{"alt_text":"","src":"https:\/\/i0.wp.com\/www.24baires.com\/wp-content\/uploads\/2019\/05\/alternativa-federal.jpg?resize=350%2C200","width":350,"height":200,"srcset":"https:\/\/i0.wp.com\/www.24baires.com\/wp-content\/uploads\/2019\/05\/alternativa-federal.jpg?resize=350%2C200 1x, https:\/\/i0.wp.com\/www.24baires.com\/wp-content\/uploads\/2019\/05\/alternativa-federal.jpg?resize=525%2C300 1.5x"},"classes":[]}],"jetpack_sharing_enabled":true,"jetpack_likes_enabled":true,"jetpack_featured_media_url":"","_links":{"self":[{"href":"http:\/\/www.24baires.com\/index.php?rest_route=\/wp\/v2\/posts\/75732","targetHints":{"allow":["GET"]}}],"collection":[{"href":"http:\/\/www.24baires.com\/index.php?rest_route=\/wp\/v2\/posts"}],"about":[{"href":"http:\/\/www.24baires.com\/index.php?rest_route=\/wp\/v2\/types\/post"}],"author":[{"embeddable":true,"href":"http:\/\/www.24baires.com\/index.php?rest_route=\/wp\/v2\/users\/4"}],"replies":[{"embeddable":true,"href":"http:\/\/www.24baires.com\/index.php?rest_route=%2Fwp%2Fv2%2Fcomments&post=75732"}],"version-history":[{"count":1,"href":"http:\/\/www.24baires.com\/index.php?rest_route=\/wp\/v2\/posts\/75732\/revisions"}],"predecessor-version":[{"id":75733,"href":"http:\/\/www.24baires.com\/index.php?rest_route=\/wp\/v2\/posts\/75732\/revisions\/75733"}],"wp:attachment":[{"href":"http:\/\/www.24baires.com\/index.php?rest_route=%2Fwp%2Fv2%2Fmedia&parent=75732"}],"wp:term":[{"taxonomy":"category","embeddable":true,"href":"http:\/\/www.24baires.com\/index.php?rest_route=%2Fwp%2Fv2%2Fcategories&post=75732"},{"taxonomy":"post_tag","embeddable":true,"href":"http:\/\/www.24baires.com\/index.php?rest_route=%2Fwp%2Fv2%2Ftags&post=75732"}],"curies":[{"name":"wp","href":"https:\/\/api.w.org\/{rel}","templated":true}]}}