{"id":75729,"date":"2015-11-28T19:00:27","date_gmt":"2015-11-28T22:00:27","guid":{"rendered":"http:\/\/www.24baires.com\/?p=75729"},"modified":"2015-11-28T18:00:28","modified_gmt":"2015-11-28T21:00:28","slug":"cambiemos-y-el-massismo-con-principio-de-acuerdo-por-la-presidencia-de-diputados","status":"publish","type":"post","link":"http:\/\/www.24baires.com\/?p=75729","title":{"rendered":"Cambiemos y el massismo con principio de acuerdo por la Presidencia de Diputados"},"content":{"rendered":"<p>Ambos espacios consensuaron compartir la titularidad de la C\u00e1mara Baja provincial. Durante los primeros dos a\u00f1os estar\u00eda a cargo Jorge Sarghini y los \u00faltimos dos, el macrista Manuel Mosca.<!--more--><\/p>\n<p>Seg\u00fan confirmaron legisladores del Frente Renovador, el acuerdo con Cambiemos ya es un hecho y consta de una rotatividad en la Presidencia de la c\u00e1mara baja.<\/p>\n<p>Los primeros rumores indican que el diputado Jorge Sarghini, ser\u00e1 quien encabece Diputados en los pr\u00f3ximos dos a\u00f1os, para luego ser reemplazado por el macrista Manuel Mosca, inform\u00f3 Infocielo.<\/p>\n<p>Dicha opci\u00f3n empez\u00f3 a concretarse luego de que el futuro Ministro de Gobierno, Federico Salvai, se reuniera con Sarghini la semana pasada, agreg\u00f3 el medio, seg\u00fan fuentes consultadas de ese espacio.<\/p>\n<p>&nbsp;<\/p>\n<p>&nbsp;<\/p>\n<p>&nbsp;<\/p>\n<p>&nbsp;<\/p>\n<p>&nbsp;<\/p>\n<p>&nbsp;<\/p>\n<p>&nbsp;<\/p>\n<p>&nbsp;<\/p>\n<p>&nbsp;<\/p>\n<p>&nbsp;<\/p>\n<p>&nbsp;<\/p>\n<p>&nbsp;<\/p>\n<p>&nbsp;<\/p>\n<p>&nbsp;<\/p>\n<p>&nbsp;<\/p>\n","protected":false},"excerpt":{"rendered":"<p>Ambos espacios consensuaron compartir la titularidad de la C\u00e1mara Baja provincial. Durante los primeros dos a\u00f1os estar\u00eda a cargo Jorge Sarghini y los \u00faltimos dos, el macrista Manuel Mosca.<\/p>\n","protected":false},"author":8,"featured_media":0,"comment_status":"open","ping_status":"open","sticky":false,"template":"","format":"standard","meta":{"_jetpack_newsletter_access":"","_jetpack_dont_email_post_to_subs":false,"_jetpack_newsletter_tier_id":0,"_jetpack_memberships_contains_paywalled_content":false,"_jetpack_memberships_contains_paid_content":false,"footnotes":""},"categories":[51],"tags":[],"class_list":["post-75729","post","type-post","status-publish","format-standard","hentry","category-politica"],"jetpack_shortlink":"https:\/\/wp.me\/p2JWE0-jHr","jetpack-related-posts":[{"id":96267,"url":"http:\/\/www.24baires.com\/?p=96267","url_meta":{"origin":75729,"position":0},"title":"El Frente Renovador bonaerense le reclam\u00f3 a Vidal que desmienta a Carri\u00f3","author":"Grupo Sierra","date":"27\/07\/2017","format":false,"excerpt":"El jefe del Bloque de diputados bonaerenses del Frente Renovador , Jorge Sarghini,\u00a0sali\u00f3 al cruce de los dichos de Carri\u00f3 y le pidi\u00f3 a Vidal que la desmienta. Adem\u00e1s, acus\u00f3 a Cambiemos de \"adelantar la campa\u00f1a, por eso no hay sesiones\". Despu\u00e9s de los dichos de la diputada nacional, Elisa\u2026","rel":"","context":"En \u00abPol\u00edtica\u00bb","block_context":{"text":"Pol\u00edtica","link":"http:\/\/www.24baires.com\/?cat=51"},"img":{"alt_text":"","src":"https:\/\/i0.wp.com\/www.grupolaprovincia.com\/wp-content\/uploads\/2016\/06\/SARGHINI-500x333.jpg?resize=350%2C200","width":350,"height":200,"srcset":"https:\/\/i0.wp.com\/www.grupolaprovincia.com\/wp-content\/uploads\/2016\/06\/SARGHINI-500x333.jpg?resize=350%2C200 1x, https:\/\/i0.wp.com\/www.grupolaprovincia.com\/wp-content\/uploads\/2016\/06\/SARGHINI-500x333.jpg?resize=525%2C300 1.5x"},"classes":[]},{"id":90732,"url":"http:\/\/www.24baires.com\/?p=90732","url_meta":{"origin":75729,"position":1},"title":"Postergan el tratamiento del presupuesto en el Senado","author":"AF","date":"13\/12\/2016","format":false,"excerpt":"El Senado provincial no sesionar\u00e1 este mi\u00e9rcoles como estaba previsto para abordar el presupuesto y la ley impositiva por lo que se presume que pasar\u00e1 para el 21 pr\u00f3ximo. El acuerdo Cambiemos \u2013 Frente Renovador no logra contar con los n\u00fameros necesarios para que pueda sancionarse la herramienta solicitada por\u2026","rel":"","context":"En \u00abProvincia\u00bb","block_context":{"text":"Provincia","link":"http:\/\/www.24baires.com\/?cat=40"},"img":{"alt_text":"","src":"https:\/\/i0.wp.com\/www.24baires.com\/wp-content\/uploads\/2016\/03\/senado.jpg?resize=350%2C200","width":350,"height":200,"srcset":"https:\/\/i0.wp.com\/www.24baires.com\/wp-content\/uploads\/2016\/03\/senado.jpg?resize=350%2C200 1x, https:\/\/i0.wp.com\/www.24baires.com\/wp-content\/uploads\/2016\/03\/senado.jpg?resize=525%2C300 1.5x"},"classes":[]},{"id":48150,"url":"http:\/\/www.24baires.com\/?p=48150","url_meta":{"origin":75729,"position":2},"title":"Seg\u00fan el massismo, el fallo de la Corte es por \u201cimpericia del Gobierno\u201d","author":"Grupo Sierra","date":"16\/06\/2014","format":false,"excerpt":"El diputado provincial Jorge Sarghini, del Frente Renovador, exministro de Econom\u00eda bonaerense, cuestion\u00f3 al Gobierno nacional por \u201cno haber tenido una pol\u00edtica de soluci\u00f3n para los fondos buitres\u201d y asegur\u00f3 que el fallo de la Corte estadounidense \u201ccomplica a la Provincia\u201d. El diputado Jorge Sarghini, del Frente Renovador, ex ministro\u2026","rel":"","context":"En \u00abPol\u00edtica\u00bb","block_context":{"text":"Pol\u00edtica","link":"http:\/\/www.24baires.com\/?cat=51"},"img":{"alt_text":"","src":"https:\/\/i0.wp.com\/www.24baires.com\/wp-content\/uploads\/2014\/06\/Sarghini.jpg?resize=350%2C200","width":350,"height":200,"srcset":"https:\/\/i0.wp.com\/www.24baires.com\/wp-content\/uploads\/2014\/06\/Sarghini.jpg?resize=350%2C200 1x, https:\/\/i0.wp.com\/www.24baires.com\/wp-content\/uploads\/2014\/06\/Sarghini.jpg?resize=525%2C300 1.5x"},"classes":[]},{"id":89179,"url":"http:\/\/www.24baires.com\/?p=89179","url_meta":{"origin":75729,"position":3},"title":"Vidal y Massa se re\u00fanen por el presupuesto 2017","author":"AF","date":"27\/10\/2016","format":false,"excerpt":"La gobernadora Mar\u00eda Eugenia Vidal y el diputado nacional Sergio Massa se reunir\u00e1n este jueves por segunda vez en busca de sellar la reedici\u00f3n del pacto de gobernabilidad que le permita a la mandataria obtener los votos necesarios para aprobar el Presupuesto y la Ley Impositiva 2017. El encuentro ser\u00e1\u2026","rel":"","context":"En \u00abPol\u00edtica\u00bb","block_context":{"text":"Pol\u00edtica","link":"http:\/\/www.24baires.com\/?cat=51"},"img":{"alt_text":"manes vidal camuega","src":"https:\/\/i0.wp.com\/www.24baires.com\/wp-content\/uploads\/2016\/07\/manes-vidal-camuega.jpg?resize=350%2C200","width":350,"height":200,"srcset":"https:\/\/i0.wp.com\/www.24baires.com\/wp-content\/uploads\/2016\/07\/manes-vidal-camuega.jpg?resize=350%2C200 1x, https:\/\/i0.wp.com\/www.24baires.com\/wp-content\/uploads\/2016\/07\/manes-vidal-camuega.jpg?resize=525%2C300 1.5x"},"classes":[]},{"id":107896,"url":"http:\/\/www.24baires.com\/?p=107896","url_meta":{"origin":75729,"position":4},"title":"El presidente de la C\u00e1mara de Diputados de la provincia, Manuel Mosca, pidi\u00f3 licencia y solicit\u00f3 su desafuero.","author":"AF","date":"29\/04\/2019","format":false,"excerpt":"El presidente de la c\u00e1mara de Diputados bonaerense, Manuel Mosca, pidi\u00f3 hoy una licencia en su banca y solicit\u00f3 su desafuero, tras presentar en la Justicia una denuncia por extorsi\u00f3n en torno a un supuesto caso de acoso sexual. Fuentes parlamentarias confirmaron a DIB el pedido de Mosca, que ser\u00e1\u2026","rel":"","context":"En \u00abPol\u00edtica\u00bb","block_context":{"text":"Pol\u00edtica","link":"http:\/\/www.24baires.com\/?cat=51"},"img":{"alt_text":"","src":"https:\/\/i0.wp.com\/www.24baires.com\/wp-content\/uploads\/2019\/04\/mosca.jpg?resize=350%2C200","width":350,"height":200,"srcset":"https:\/\/i0.wp.com\/www.24baires.com\/wp-content\/uploads\/2019\/04\/mosca.jpg?resize=350%2C200 1x, https:\/\/i0.wp.com\/www.24baires.com\/wp-content\/uploads\/2019\/04\/mosca.jpg?resize=525%2C300 1.5x"},"classes":[]},{"id":99226,"url":"http:\/\/www.24baires.com\/?p=99226","url_meta":{"origin":75729,"position":5},"title":"Juraron los legisladores bonaerenses","author":"GB","date":"06\/12\/2017","format":false,"excerpt":"Los nuevos diputados y senadores provinciales asumieron formalmente sus cargos. Tambi\u00e9n se eligieron las autoridades de las C\u00e1maras. Los diputados y senadores bonaerenses electos en los comicios legislativos del 22 de octubre juraron ayer en un acto en la Legislatura provincial, en la ciudad de La Plata. En el Senado\u2026","rel":"","context":"En \u00abProvincia\u00bb","block_context":{"text":"Provincia","link":"http:\/\/www.24baires.com\/?cat=40"},"img":{"alt_text":"","src":"https:\/\/i0.wp.com\/www.24baires.com\/wp-content\/uploads\/2017\/12\/diputados-bonaerenses.jpg?resize=350%2C200","width":350,"height":200,"srcset":"https:\/\/i0.wp.com\/www.24baires.com\/wp-content\/uploads\/2017\/12\/diputados-bonaerenses.jpg?resize=350%2C200 1x, https:\/\/i0.wp.com\/www.24baires.com\/wp-content\/uploads\/2017\/12\/diputados-bonaerenses.jpg?resize=525%2C300 1.5x"},"classes":[]}],"jetpack_sharing_enabled":true,"jetpack_likes_enabled":true,"jetpack_featured_media_url":"","_links":{"self":[{"href":"http:\/\/www.24baires.com\/index.php?rest_route=\/wp\/v2\/posts\/75729","targetHints":{"allow":["GET"]}}],"collection":[{"href":"http:\/\/www.24baires.com\/index.php?rest_route=\/wp\/v2\/posts"}],"about":[{"href":"http:\/\/www.24baires.com\/index.php?rest_route=\/wp\/v2\/types\/post"}],"author":[{"embeddable":true,"href":"http:\/\/www.24baires.com\/index.php?rest_route=\/wp\/v2\/users\/8"}],"replies":[{"embeddable":true,"href":"http:\/\/www.24baires.com\/index.php?rest_route=%2Fwp%2Fv2%2Fcomments&post=75729"}],"version-history":[{"count":1,"href":"http:\/\/www.24baires.com\/index.php?rest_route=\/wp\/v2\/posts\/75729\/revisions"}],"predecessor-version":[{"id":75730,"href":"http:\/\/www.24baires.com\/index.php?rest_route=\/wp\/v2\/posts\/75729\/revisions\/75730"}],"wp:attachment":[{"href":"http:\/\/www.24baires.com\/index.php?rest_route=%2Fwp%2Fv2%2Fmedia&parent=75729"}],"wp:term":[{"taxonomy":"category","embeddable":true,"href":"http:\/\/www.24baires.com\/index.php?rest_route=%2Fwp%2Fv2%2Fcategories&post=75729"},{"taxonomy":"post_tag","embeddable":true,"href":"http:\/\/www.24baires.com\/index.php?rest_route=%2Fwp%2Fv2%2Ftags&post=75729"}],"curies":[{"name":"wp","href":"https:\/\/api.w.org\/{rel}","templated":true}]}}