{"id":75717,"date":"2015-11-28T13:00:25","date_gmt":"2015-11-28T16:00:25","guid":{"rendered":"http:\/\/www.24baires.com\/?p=75717"},"modified":"2015-11-28T10:51:14","modified_gmt":"2015-11-28T13:51:14","slug":"el-ministro-de-agricultura-designado-asumira-con-su-sueldo-de-diputado-embargado","status":"publish","type":"post","link":"http:\/\/www.24baires.com\/?p=75717","title":{"rendered":"El ministro de Agricultura designado asumir\u00e1 con su sueldo de diputado embargado"},"content":{"rendered":"<p><img data-recalc-dims=\"1\" loading=\"lazy\" decoding=\"async\" src=\"https:\/\/i0.wp.com\/www.24baires.com\/wp-content\/uploads\/2015\/11\/ministro-agricultura.jpg?resize=380%2C253\" alt=\"ministro agricultura\" width=\"380\" height=\"253\" class=\"alignleft size-full wp-image-75718\" srcset=\"https:\/\/i0.wp.com\/www.24baires.com\/wp-content\/uploads\/2015\/11\/ministro-agricultura.jpg?w=380 380w, https:\/\/i0.wp.com\/www.24baires.com\/wp-content\/uploads\/2015\/11\/ministro-agricultura.jpg?resize=300%2C200 300w\" sizes=\"auto, (max-width: 380px) 100vw, 380px\" \/>El ministro de Agricultura por Cambiemos y diputado nacional por el radicalismo, Ricardo Buryaile, tiene embargada su dieta por una deuda impaga que asciende a casi 700.000 pesos, contra\u00edda en 2001 cuando solicit\u00f3 dinero a un monotributista de Formosa, seg\u00fan consign\u00f3 hoy el diario P\u00e1gina\/12.<!--more--><\/p>\n<p>La informaci\u00f3n agreg\u00f3 que el oficio de embargo fue librado por el Juzgado en lo Civil y Comercial 1 de la provincia de Formosa en abril de 2014, con fecha de ingreso en la C\u00e1mara de Diputados el 17 de julio de ese a\u00f1o y con la firma de la jueza Giselle Ver\u00f3nica Drovandi.<\/p>\n<p>El juicio fue iniciado por Sergio Daniel Dom\u00ednguez, un monotributista de 72 a\u00f1os dedicado a la venta de productos inform\u00e1ticos a quien el dirigente radical elegido por Mauricio Macri para ocupar la cartera de Agricultura le hab\u00eda solicitado dinero por un monto  de 698.091,48 pesos para \u00abcubrir una deuda en un campo de su propiedad, que qued\u00f3 impaga\u00bb, se\u00f1al\u00f3 la nota publicada hoy en el matutino.<\/p>\n<p>El art\u00edculo consign\u00f3 que \u00aballegados a Dom\u00ednguez\u00bb confirmaron el fallo judicial y que al ser consultado el futuro ministro por P\u00e1gina\/12, respondi\u00f3 que el juicio fue porque el demandante \u00abera un usurero\u00bb.<\/p>\n<p>\u00abEra 2001, cuando los campos estaban fundidos, me hab\u00eda hecho cargo de una deuda. Fue hace mucho\u00bb, se\u00f1al\u00f3 Buryaile al periodista Sebasti\u00e1n Premici al ser consultado por las razones del dinero solicitado a Dom\u00ednguez.<\/p>\n<p>La informaci\u00f3n agreg\u00f3 que \u00absi bien el juicio se inici\u00f3 en 2001, con sentencia firme en 2003, reci\u00e9n pudo ejecutarse tras el pedido de embargo del sueldo del legislador, hecho ocurrido el a\u00f1o pasado\u00bb y que cuando fue electo diputado por la UCR en 2009, Buryaile \u00abintent\u00f3 apurar un acuerdo para cancelar la deuda pero no prosper\u00f3. Por eso el \u00faltimo recurso fue, ante la falta de bienes<br \/>\nembargables a su nombre, avanzar sobre su dieta\u00bb.<\/p>\n<p>Ricardo Buryaile proviene de una familia de productores agropecuarios de Salta y Formosa, dedicada a la cr\u00eda de ganado bovino y, seg\u00fan el matutino, la sentencia por una deuda impaga no es la \u00fanica en su contra, ya que perdi\u00f3 un juicio por desalojo de una docena de familias de uno de sus campos, en la localidad salte\u00f1a de Colonia Santa  Rosa.<\/p>\n","protected":false},"excerpt":{"rendered":"<p>El ministro de Agricultura por Cambiemos y diputado nacional por el radicalismo, Ricardo Buryaile, tiene embargada su dieta por una deuda impaga que asciende a casi 700.000 pesos, contra\u00edda en 2001 cuando solicit\u00f3 dinero a un monotributista de Formosa, seg\u00fan consign\u00f3 hoy el diario P\u00e1gina\/12.<\/p>\n","protected":false},"author":8,"featured_media":0,"comment_status":"open","ping_status":"open","sticky":false,"template":"","format":"standard","meta":{"_jetpack_newsletter_access":"","_jetpack_dont_email_post_to_subs":false,"_jetpack_newsletter_tier_id":0,"_jetpack_memberships_contains_paywalled_content":false,"_jetpack_memberships_contains_paid_content":false,"footnotes":""},"categories":[51],"tags":[],"class_list":["post-75717","post","type-post","status-publish","format-standard","hentry","category-politica"],"jetpack_shortlink":"https:\/\/wp.me\/p2JWE0-jHf","jetpack-related-posts":[{"id":119044,"url":"http:\/\/www.24baires.com\/?p=119044","url_meta":{"origin":75717,"position":0},"title":"Diputados exigen el tratamiento urgente del salario b\u00e1sico universal","author":"AF","date":"30\/06\/2022","format":false,"excerpt":"El Movimiento Evita, Somos-Libres del Sur, la Corriente Clasista y Combativa y Patria Grande reclaman al FdT incluir en la agenda legislativa el monotributo productivo y la emergencia territorial ind\u00edgena. En un documento sostienen que \u201clos movimientos populares no son formas tercerizadas de ayuda social ni muro de contenci\u00f3n pol\u00edtica\u2026","rel":"","context":"En \u00abSociedad\u00bb","block_context":{"text":"Sociedad","link":"http:\/\/www.24baires.com\/?cat=1"},"img":{"alt_text":"","src":"https:\/\/i0.wp.com\/www.24baires.com\/wp-content\/uploads\/2022\/06\/salario.jpeg?resize=350%2C200","width":350,"height":200,"srcset":"https:\/\/i0.wp.com\/www.24baires.com\/wp-content\/uploads\/2022\/06\/salario.jpeg?resize=350%2C200 1x, https:\/\/i0.wp.com\/www.24baires.com\/wp-content\/uploads\/2022\/06\/salario.jpeg?resize=525%2C300 1.5x, https:\/\/i0.wp.com\/www.24baires.com\/wp-content\/uploads\/2022\/06\/salario.jpeg?resize=700%2C400 2x"},"classes":[]},{"id":121769,"url":"http:\/\/www.24baires.com\/?p=121769","url_meta":{"origin":75717,"position":1},"title":"Se rompi\u00f3 la UCR: 12 diputados formar\u00e1n una nueva bancada en el Congreso","author":"GB","date":"24\/10\/2024","format":false,"excerpt":"El quiebre en la UCR se formaliz\u00f3 luego de la reuni\u00f3n de algunos diputados con el oficialismo. Manes-Lousteau por un lado, Rodrigo de Loredo por el otro. Finalmente el bloque de la Uni\u00f3n C\u00edvica Radical (UCR) en Diputados se fractur\u00f3 con la confirmaci\u00f3n de la salida de 12 legisladores que\u2026","rel":"","context":"En \u00abPol\u00edtica\u00bb","block_context":{"text":"Pol\u00edtica","link":"http:\/\/www.24baires.com\/?cat=51"},"img":{"alt_text":"","src":"https:\/\/i0.wp.com\/www.24baires.com\/wp-content\/uploads\/2024\/10\/ruptura-ucr.webp?resize=350%2C200","width":350,"height":200,"srcset":"https:\/\/i0.wp.com\/www.24baires.com\/wp-content\/uploads\/2024\/10\/ruptura-ucr.webp?resize=350%2C200 1x, https:\/\/i0.wp.com\/www.24baires.com\/wp-content\/uploads\/2024\/10\/ruptura-ucr.webp?resize=525%2C300 1.5x, https:\/\/i0.wp.com\/www.24baires.com\/wp-content\/uploads\/2024\/10\/ruptura-ucr.webp?resize=700%2C400 2x"},"classes":[]},{"id":118984,"url":"http:\/\/www.24baires.com\/?p=118984","url_meta":{"origin":75717,"position":2},"title":"Diputados aprob\u00f3 el alivio fiscal para monotributistas y aut\u00f3nomos","author":"AF","date":"15\/06\/2022","format":false,"excerpt":"La sesi\u00f3n especial comenz\u00f3 pasado el mediod\u00eda el tratamiento, en primer t\u00e9rmino, del proyecto de alivio fiscal impulsado por Massa que busca beneficiar a unos 4 millones de contribuyentes. La aprobaci\u00f3n ocurri\u00f3 cerca de las 18. La C\u00e1mara de Diputados aprob\u00f3 este mi\u00e9rcoles por unanimidad y gir\u00f3 al Senado el\u2026","rel":"","context":"En \u00abSociedad\u00bb","block_context":{"text":"Sociedad","link":"http:\/\/www.24baires.com\/?cat=1"},"img":{"alt_text":"","src":"https:\/\/i0.wp.com\/www.24baires.com\/wp-content\/uploads\/2022\/06\/62aa5415ba138_900.jpg?resize=350%2C200","width":350,"height":200,"srcset":"https:\/\/i0.wp.com\/www.24baires.com\/wp-content\/uploads\/2022\/06\/62aa5415ba138_900.jpg?resize=350%2C200 1x, https:\/\/i0.wp.com\/www.24baires.com\/wp-content\/uploads\/2022\/06\/62aa5415ba138_900.jpg?resize=525%2C300 1.5x, https:\/\/i0.wp.com\/www.24baires.com\/wp-content\/uploads\/2022\/06\/62aa5415ba138_900.jpg?resize=700%2C400 2x"},"classes":[]},{"id":117787,"url":"http:\/\/www.24baires.com\/?p=117787","url_meta":{"origin":75717,"position":3},"title":"Diputados aprob\u00f3 la reforma del monotributo","author":"GB","date":"02\/07\/2021","format":false,"excerpt":"Con 233 votos afirmativos, se eliminar\u00e1 la retroactividad a enero pasado del pago de las nuevas categor\u00edas que regir\u00e1n desde julio. La C\u00e1mara de Diputados aprob\u00f3 el proyecto para crear el Programa de Fortalecimiento y Alivio Fiscal para Peque\u00f1os Contribuyentes, que elimina la retroactividad a enero pasado del pago de\u2026","rel":"","context":"En \u00abLocales\u00bb","block_context":{"text":"Locales","link":"http:\/\/www.24baires.com\/?cat=38"},"img":{"alt_text":"","src":"https:\/\/i0.wp.com\/www.24baires.com\/wp-content\/uploads\/2021\/07\/20210702082729_5f4ee03fd1087-1004x565.jpg?resize=350%2C200","width":350,"height":200,"srcset":"https:\/\/i0.wp.com\/www.24baires.com\/wp-content\/uploads\/2021\/07\/20210702082729_5f4ee03fd1087-1004x565.jpg?resize=350%2C200 1x, https:\/\/i0.wp.com\/www.24baires.com\/wp-content\/uploads\/2021\/07\/20210702082729_5f4ee03fd1087-1004x565.jpg?resize=525%2C300 1.5x"},"classes":[]},{"id":119156,"url":"http:\/\/www.24baires.com\/?p=119156","url_meta":{"origin":75717,"position":4},"title":"Massa asumir\u00e1 como superministro de Econom\u00eda","author":"AF","date":"28\/07\/2022","format":false,"excerpt":"Alberto Fern\u00e1ndez decidi\u00f3 reorganizar las \u00e1reas econ\u00f3micas para un mejor funcionamiento, coordinaci\u00f3n y gesti\u00f3n: se unificar\u00e1n los ministerios de Econom\u00eda, Desarrollo Productivo y Agricultura, Ganader\u00eda y Pesca, que quedar\u00e1n bajo la \u00f3rbita del actual presidente de la C\u00e1mara de Diputados. Massa anunci\u00f3 que el lunes comenzar\u00e1 a designar a los\u2026","rel":"","context":"En \u00abEconom\u00eda\u00bb","block_context":{"text":"Econom\u00eda","link":"http:\/\/www.24baires.com\/?cat=45"},"img":{"alt_text":"","src":"https:\/\/i0.wp.com\/www.24baires.com\/wp-content\/uploads\/2022\/07\/6243529d100ad_900.jpg?resize=350%2C200","width":350,"height":200,"srcset":"https:\/\/i0.wp.com\/www.24baires.com\/wp-content\/uploads\/2022\/07\/6243529d100ad_900.jpg?resize=350%2C200 1x, https:\/\/i0.wp.com\/www.24baires.com\/wp-content\/uploads\/2022\/07\/6243529d100ad_900.jpg?resize=525%2C300 1.5x, https:\/\/i0.wp.com\/www.24baires.com\/wp-content\/uploads\/2022\/07\/6243529d100ad_900.jpg?resize=700%2C400 2x"},"classes":[]},{"id":93403,"url":"http:\/\/www.24baires.com\/?p=93403","url_meta":{"origin":75717,"position":5},"title":"Subi\u00f3 el empleo p\u00fablico y cay\u00f3 el privado en enero","author":"GB","date":"28\/03\/2017","format":false,"excerpt":"El Ministerio de Trabajo contabiliz\u00f3 una destrucci\u00f3n de puestos de trabajo en las empresas, que afect\u00f3 principalmente a la industria. El empleo subi\u00f3 0,7% en enero respecto de igual mes de 2016. Se dio pese a un recorte en las vacantes de empresas, ya que se increment\u00f3 la cantidad de\u2026","rel":"","context":"En \u00abEconom\u00eda\u00bb","block_context":{"text":"Econom\u00eda","link":"http:\/\/www.24baires.com\/?cat=45"},"img":{"alt_text":"","src":"https:\/\/i0.wp.com\/www.24baires.com\/wp-content\/uploads\/2016\/05\/triaca-4.jpg?resize=350%2C200","width":350,"height":200,"srcset":"https:\/\/i0.wp.com\/www.24baires.com\/wp-content\/uploads\/2016\/05\/triaca-4.jpg?resize=350%2C200 1x, https:\/\/i0.wp.com\/www.24baires.com\/wp-content\/uploads\/2016\/05\/triaca-4.jpg?resize=525%2C300 1.5x"},"classes":[]}],"jetpack_sharing_enabled":true,"jetpack_likes_enabled":true,"jetpack_featured_media_url":"","_links":{"self":[{"href":"http:\/\/www.24baires.com\/index.php?rest_route=\/wp\/v2\/posts\/75717","targetHints":{"allow":["GET"]}}],"collection":[{"href":"http:\/\/www.24baires.com\/index.php?rest_route=\/wp\/v2\/posts"}],"about":[{"href":"http:\/\/www.24baires.com\/index.php?rest_route=\/wp\/v2\/types\/post"}],"author":[{"embeddable":true,"href":"http:\/\/www.24baires.com\/index.php?rest_route=\/wp\/v2\/users\/8"}],"replies":[{"embeddable":true,"href":"http:\/\/www.24baires.com\/index.php?rest_route=%2Fwp%2Fv2%2Fcomments&post=75717"}],"version-history":[{"count":1,"href":"http:\/\/www.24baires.com\/index.php?rest_route=\/wp\/v2\/posts\/75717\/revisions"}],"predecessor-version":[{"id":75719,"href":"http:\/\/www.24baires.com\/index.php?rest_route=\/wp\/v2\/posts\/75717\/revisions\/75719"}],"wp:attachment":[{"href":"http:\/\/www.24baires.com\/index.php?rest_route=%2Fwp%2Fv2%2Fmedia&parent=75717"}],"wp:term":[{"taxonomy":"category","embeddable":true,"href":"http:\/\/www.24baires.com\/index.php?rest_route=%2Fwp%2Fv2%2Fcategories&post=75717"},{"taxonomy":"post_tag","embeddable":true,"href":"http:\/\/www.24baires.com\/index.php?rest_route=%2Fwp%2Fv2%2Ftags&post=75717"}],"curies":[{"name":"wp","href":"https:\/\/api.w.org\/{rel}","templated":true}]}}