{"id":75703,"date":"2015-11-27T19:00:38","date_gmt":"2015-11-27T22:00:38","guid":{"rendered":"http:\/\/www.24baires.com\/?p=75703"},"modified":"2015-11-27T18:26:21","modified_gmt":"2015-11-27T21:26:21","slug":"75703","status":"publish","type":"post","link":"http:\/\/www.24baires.com\/?p=75703","title":{"rendered":"Diputados del FpV negaron la intenci\u00f3n de \u00abcondicionar\u00bb la futura gesti\u00f3n"},"content":{"rendered":"<p><img data-recalc-dims=\"1\" loading=\"lazy\" decoding=\"async\" src=\"https:\/\/i0.wp.com\/www.24baires.com\/wp-content\/uploads\/2013\/12\/diputados.jpg?resize=300%2C199\" alt=\"diputados\" width=\"300\" height=\"199\" class=\"alignleft size-medium wp-image-36199\" srcset=\"https:\/\/i0.wp.com\/www.24baires.com\/wp-content\/uploads\/2013\/12\/diputados.jpg?resize=300%2C199 300w, https:\/\/i0.wp.com\/www.24baires.com\/wp-content\/uploads\/2013\/12\/diputados.jpg?w=510 510w\" sizes=\"auto, (max-width: 300px) 100vw, 300px\" \/>Legisladores del oficialismo negaron que la sesi\u00f3n de ayer haya tenido como objetivo \u201centorpecer\u201d o \u201ccondicionar\u201d al nuevo gobierno y aseguraron que los proyectos aprobados en el recinto hab\u00edan sido discutidos durante mucho tiempo y contaban con el apoyo de los bloques opositores.<!--more--><\/p>\n<p>\u201cLa sesi\u00f3n no fue un capricho para entorpecer al presidente electo; era una deuda con las econom\u00edas regionales\u201d, asever\u00f3 la representante del FpV Mar\u00eda Teresa Garc\u00eda, en declaraciones formuladas a la radio FM Vorterix.<\/p>\n<p>Por su parte, el tambi\u00e9n oficialista Luis Cigogna consider\u00f3 \u201cabsurda\u201d la calificaci\u00f3n de \u201cescandalosa\u201d que desde la oposici\u00f3n hicieron de la sesi\u00f3n, y afirm\u00f3 sentirse \u201cmuy satisfecho\u201d con la aprobaci\u00f3n que se dio a proyectos \u201cmuchos de ellos muy importantes, que hacen a derechos de los trabajadores y est\u00e1 muy bien haberlos convertido en ley o haberles dado media sanci\u00f3n\u201d.<\/p>\n<p>\u201cLa presidenta Cristina Fern\u00e1ndez de Kirchner, en pleno ejercicio de sus facultades, hab\u00eda pedido hace unos veinte d\u00edas la pr\u00f3rroga de las sesiones ordinarias para incluir el tema de R\u00edo Turbio carb\u00f3n (en referencia a la estatizaci\u00f3n de Yacimientos<br \/>\nCarbon\u00edferos de R\u00edo Turbio), y eso lo conoc\u00edan todos los legisladores\u201d, asever\u00f3 Mar\u00eda Teresa Garc\u00eda.<\/p>\n<p>En este sentido, consign\u00f3 que el tratamiento en el recinto de esas iniciativas referidas a \u201crealidades provinciales\u201d  hab\u00eda sido \u201cel compromiso asumido en la \u00faltima reuni\u00f3n de la Comisi\u00f3n de Labor Parlamentaria\u201d, y record\u00f3 que, habitualmente, todos los fines de a\u00f1os, la \u00faltima sesi\u00f3n es dedicada a la consideraci\u00f3n de proyectos \u201cque no provienen del Poder Ejecutivo sino que son producto del trabajo en comisiones y reflejan las realidades provinciales\u201d.<\/p>\n<p>\u201cM\u00e1s de 62 proyectos que tienen que ver con la realidad de las econom\u00edas provinciales. No fue una trampa para crear organismos de gobierno o para entorpeer la tarea del futuro presidente; no fue nada de eso\u201d, remarc\u00f3 Garc\u00eda.<\/p>\n<p>Por su parte, Cigogna sostuvo que \u201cno es cierto que toda la oposici\u00f3n estuvo ausente porque tambi\u00e9n hubo alguna izquierda en el recinto\u201d y entendi\u00f3 que estuvo \u201cmuy mal\u201d que los legisladores de la mayor\u00eda de las bancadas opositoras no participaran de la sesi\u00f3n porque \u201cmuchos de ellos incluso ten\u00edan la firma de sus diputados en las comisiones de esas iniciativas\u201d.<\/p>\n<p>Por otro lado, Cigogna neg\u00f3 que el diputados nacional del Frente para la Victoria Carlos Kunkel no haya estado en el recinto y sostuvo que no s\u00f3lo estuvo sino que \u201cvot\u00f3\u201d las iniciativas en cuesti\u00f3n.<\/p>\n<p>En tanto, Garc\u00eda admiti\u00f3 que el oficialismo se sorprendi\u00f3 con la intempestiva partida de los tres diputados nacionales del Frente para la Victoria por La Rioja y dio por hecho que \u201crespondieron a la voluntad del gobernador (Luis Beder Herrera)\u201d en la decisi\u00f3n de retirarse del recinto. <\/p>\n","protected":false},"excerpt":{"rendered":"<p>Legisladores del oficialismo negaron que la sesi\u00f3n de ayer haya tenido como objetivo \u201centorpecer\u201d o \u201ccondicionar\u201d al nuevo gobierno y aseguraron que los proyectos aprobados en el recinto hab\u00edan sido discutidos durante mucho tiempo y contaban con el apoyo de los bloques opositores.<\/p>\n","protected":false},"author":8,"featured_media":0,"comment_status":"open","ping_status":"open","sticky":false,"template":"","format":"standard","meta":{"_jetpack_newsletter_access":"","_jetpack_dont_email_post_to_subs":false,"_jetpack_newsletter_tier_id":0,"_jetpack_memberships_contains_paywalled_content":false,"_jetpack_memberships_contains_paid_content":false,"footnotes":""},"categories":[51],"tags":[],"class_list":["post-75703","post","type-post","status-publish","format-standard","hentry","category-politica"],"jetpack_shortlink":"https:\/\/wp.me\/s2JWE0-75703","jetpack-related-posts":[{"id":101580,"url":"http:\/\/www.24baires.com\/?p=101580","url_meta":{"origin":75703,"position":0},"title":"Se aprob\u00f3 la emergencia en obras p\u00fablicas y la emergencia administrativa","author":"GB","date":"13\/04\/2018","format":false,"excerpt":"El Senado de la provincia de Buenos Aires sancion\u00f3 hoy un proyecto de ley que prorroga por el t\u00e9rmino de 1 a\u00f1o las declaraciones de emergencia en Infraestructura, H\u00e1bitat, Vivienda y Servicios P\u00fablicos y en materia Administrativa y Tecnolog\u00eda que fueran declaradas oportunamente por las leyes 14812 y 14815. Las\u2026","rel":"","context":"En \u00abProvincia\u00bb","block_context":{"text":"Provincia","link":"http:\/\/www.24baires.com\/?cat=40"},"img":{"alt_text":"","src":"https:\/\/i0.wp.com\/www.24baires.com\/wp-content\/uploads\/2012\/11\/senado-BA-300x220.jpg?resize=350%2C200","width":350,"height":200},"classes":[]},{"id":102043,"url":"http:\/\/www.24baires.com\/?p=102043","url_meta":{"origin":75703,"position":1},"title":"La oposici\u00f3n avanzar\u00e1 en Diputados con el freno al tarifazo","author":"GB","date":"09\/05\/2018","format":false,"excerpt":"Pese a que Mauricio Macri ya alert\u00f3 que vetar\u00e1 todo tipo de freno a los aumentos en las tarifas de servicios p\u00fablicos, los diputados de la oposici\u00f3n avanzar\u00e1n hoy con la aprobaci\u00f3n del proyecto. Buscan retrotraer los valores a noviembre de 2017 y proyectar futuros aumentos seg\u00fan la variaci\u00f3n salarial.\u2026","rel":"","context":"En \u00abPol\u00edtica\u00bb","block_context":{"text":"Pol\u00edtica","link":"http:\/\/www.24baires.com\/?cat=51"},"img":{"alt_text":"","src":"https:\/\/i0.wp.com\/www.24baires.com\/wp-content\/uploads\/2017\/03\/diputad.jpg?resize=350%2C200","width":350,"height":200,"srcset":"https:\/\/i0.wp.com\/www.24baires.com\/wp-content\/uploads\/2017\/03\/diputad.jpg?resize=350%2C200 1x, https:\/\/i0.wp.com\/www.24baires.com\/wp-content\/uploads\/2017\/03\/diputad.jpg?resize=525%2C300 1.5x"},"classes":[]},{"id":103819,"url":"http:\/\/www.24baires.com\/?p=103819","url_meta":{"origin":75703,"position":2},"title":"Ramallo aprob\u00f3 una ordenanza que penaliza a las empresas que despidan personal sin justificaci\u00f3n","author":"GB","date":"11\/08\/2018","format":false,"excerpt":"La legislaci\u00f3n quintuplica la tasa de seguridad e higiene por cada trabajador despedido y establece un fondo de asistencia para los despidos. Hace dos semanas la aceitera Bunge despidi\u00f3 a 84 trabajadores. El intendente Mauro Pelloti decidi\u00f3 blindar al municipio de Ramallo contra los despidos. La iniciativa surgi\u00f3 como consecuencia\u2026","rel":"","context":"En \u00abMunicipios\u00bb","block_context":{"text":"Municipios","link":"http:\/\/www.24baires.com\/?cat=44"},"img":{"alt_text":"","src":"https:\/\/i0.wp.com\/www.24baires.com\/wp-content\/uploads\/2018\/08\/empresa.jpg?resize=350%2C200","width":350,"height":200,"srcset":"https:\/\/i0.wp.com\/www.24baires.com\/wp-content\/uploads\/2018\/08\/empresa.jpg?resize=350%2C200 1x, https:\/\/i0.wp.com\/www.24baires.com\/wp-content\/uploads\/2018\/08\/empresa.jpg?resize=525%2C300 1.5x"},"classes":[]},{"id":105096,"url":"http:\/\/www.24baires.com\/?p=105096","url_meta":{"origin":75703,"position":3},"title":"Carri\u00f3 neg\u00f3 la represi\u00f3n mientras la Polic\u00eda agred\u00eda a otros legisladores","author":"AF","date":"24\/10\/2018","format":false,"excerpt":"Una delegaci\u00f3n de parlamentarios, quienes dialogaron con el jefe del Operativo para que detenga el ataque contra los manifestantes, fueron heridos y rociados con gas pimienta. El diputado Andr\u00e9s Larroque, del Frente para la Victoria, tuvo que recurrir a un puesto de enfermer\u00eda por las secuelas del gas pimienta y\u2026","rel":"","context":"En \u00abSociedad\u00bb","block_context":{"text":"Sociedad","link":"http:\/\/www.24baires.com\/?cat=1"},"img":{"alt_text":"","src":"https:\/\/i0.wp.com\/www.24baires.com\/wp-content\/uploads\/2018\/10\/represi%C3%B3n.jpg?resize=350%2C200","width":350,"height":200,"srcset":"https:\/\/i0.wp.com\/www.24baires.com\/wp-content\/uploads\/2018\/10\/represi%C3%B3n.jpg?resize=350%2C200 1x, https:\/\/i0.wp.com\/www.24baires.com\/wp-content\/uploads\/2018\/10\/represi%C3%B3n.jpg?resize=525%2C300 1.5x"},"classes":[]},{"id":105437,"url":"http:\/\/www.24baires.com\/?p=105437","url_meta":{"origin":75703,"position":4},"title":"Cambiemos conf\u00eda que el presupuesto se convertir\u00e1 en ley en el Senado","author":"GB","date":"14\/11\/2018","format":false,"excerpt":"Pese a la fractura en el bloque de Miguel Pichetto que funcionaba como aliado trascendental en las votaciones de la C\u00e1mara Alta, el oficialismo conf\u00eda en que podr\u00e1 darle la restante media sanci\u00f3n al presupuesto de ajuste consensuado con el FMI y que ya cuenta con media sanci\u00f3n en Diputados.\u2026","rel":"","context":"En \u00abEconom\u00eda\u00bb","block_context":{"text":"Econom\u00eda","link":"http:\/\/www.24baires.com\/?cat=45"},"img":{"alt_text":"","src":"https:\/\/i0.wp.com\/www.24baires.com\/wp-content\/uploads\/2018\/08\/senado.jpg?resize=350%2C200","width":350,"height":200,"srcset":"https:\/\/i0.wp.com\/www.24baires.com\/wp-content\/uploads\/2018\/08\/senado.jpg?resize=350%2C200 1x, https:\/\/i0.wp.com\/www.24baires.com\/wp-content\/uploads\/2018\/08\/senado.jpg?resize=525%2C300 1.5x"},"classes":[]},{"id":22080,"url":"http:\/\/www.24baires.com\/?p=22080","url_meta":{"origin":75703,"position":5},"title":"La municipalizaci\u00f3n de una Unidad Sanitaria genera cruces en Lan\u00fas","author":"Grupo Sierra","date":"28\/04\/2013","format":false,"excerpt":"Desde el FpV aseguran que la negativa perjudica a los vecinos. La oposici\u00f3n argumenta su rechazo en la \u201cfalta de documentaci\u00f3n\u201d que garantice la efectividad de la cesi\u00f3n. Luego de que en la sesi\u00f3n del viernes de la semana pasada la oposici\u00f3n se negara a tratar sobre tablas el proyecto\u2026","rel":"","context":"En \u00abMunicipios\u00bb","block_context":{"text":"Municipios","link":"http:\/\/www.24baires.com\/?cat=44"},"img":{"alt_text":"","src":"","width":0,"height":0},"classes":[]}],"jetpack_sharing_enabled":true,"jetpack_likes_enabled":true,"jetpack_featured_media_url":"","_links":{"self":[{"href":"http:\/\/www.24baires.com\/index.php?rest_route=\/wp\/v2\/posts\/75703","targetHints":{"allow":["GET"]}}],"collection":[{"href":"http:\/\/www.24baires.com\/index.php?rest_route=\/wp\/v2\/posts"}],"about":[{"href":"http:\/\/www.24baires.com\/index.php?rest_route=\/wp\/v2\/types\/post"}],"author":[{"embeddable":true,"href":"http:\/\/www.24baires.com\/index.php?rest_route=\/wp\/v2\/users\/8"}],"replies":[{"embeddable":true,"href":"http:\/\/www.24baires.com\/index.php?rest_route=%2Fwp%2Fv2%2Fcomments&post=75703"}],"version-history":[{"count":2,"href":"http:\/\/www.24baires.com\/index.php?rest_route=\/wp\/v2\/posts\/75703\/revisions"}],"predecessor-version":[{"id":75705,"href":"http:\/\/www.24baires.com\/index.php?rest_route=\/wp\/v2\/posts\/75703\/revisions\/75705"}],"wp:attachment":[{"href":"http:\/\/www.24baires.com\/index.php?rest_route=%2Fwp%2Fv2%2Fmedia&parent=75703"}],"wp:term":[{"taxonomy":"category","embeddable":true,"href":"http:\/\/www.24baires.com\/index.php?rest_route=%2Fwp%2Fv2%2Fcategories&post=75703"},{"taxonomy":"post_tag","embeddable":true,"href":"http:\/\/www.24baires.com\/index.php?rest_route=%2Fwp%2Fv2%2Ftags&post=75703"}],"curies":[{"name":"wp","href":"https:\/\/api.w.org\/{rel}","templated":true}]}}