{"id":75698,"date":"2015-11-27T18:20:39","date_gmt":"2015-11-27T21:20:39","guid":{"rendered":"http:\/\/www.24baires.com\/?p=75698"},"modified":"2015-11-27T18:22:18","modified_gmt":"2015-11-27T21:22:18","slug":"75698","status":"publish","type":"post","link":"http:\/\/www.24baires.com\/?p=75698","title":{"rendered":"An\u00edbal Fern\u00e1ndez y Marcos Pe\u00f1a tuvieron un primer encuentro \u201cmuy positivo\u201d"},"content":{"rendered":"<p><img data-recalc-dims=\"1\" loading=\"lazy\" decoding=\"async\" src=\"https:\/\/i0.wp.com\/www.24baires.com\/wp-content\/uploads\/2015\/11\/pe%C3%B1a.jpg?resize=560%2C313\" alt=\"pe\u00f1a\" width=\"560\" height=\"313\" class=\"aligncenter size-full wp-image-75612\" srcset=\"https:\/\/i0.wp.com\/www.24baires.com\/wp-content\/uploads\/2015\/11\/pe%C3%B1a.jpg?w=560 560w, https:\/\/i0.wp.com\/www.24baires.com\/wp-content\/uploads\/2015\/11\/pe%C3%B1a.jpg?resize=300%2C168 300w\" sizes=\"auto, (max-width: 560px) 100vw, 560px\" \/>El jefe de Gabinete de Mauricio Macri se reuni\u00f3 esta ma\u00f1ana con su antecesor en Casa de Gobierno de cara al 10 de diciembre. \u201cFue una muy buena charla para trabajar en la transici\u00f3n que viene\u201d, asegur\u00f3.<!--more--><\/p>\n<p>Los jefes de Gabinete saliente y entrante, An\u00edbal Fern\u00e1ndez y Marcos Pe\u00f1a, respectivamente, mantuvieron esta ma\u00f1ana una primera reuni\u00f3n de trabajo en la Casa de Gobierno para organizar la transici\u00f3n y el traspaso de mando, previsto para el pr\u00f3ximo 10 de diciembre.<\/p>\n<p>\u00abFue una reuni\u00f3n muy cordial, una muy buena charla\u00bb, destac\u00f3 Pe\u00f1a en declaraciones a la prensa en la puerta de la Casa Rosada, al salir de la reuni\u00f3n, y remarc\u00f3 que el encuentro fue \u00abmuy positivo para realizar una transici\u00f3n m\u00e1s relajada y ordenada\u00bb.<\/p>\n<p>Por su parte, Fern\u00e1ndez explic\u00f3 por Twitter que la reuni\u00f3n se realiz\u00f3 \u00abpor expresas instrucciones\u00bb de la presidenta Cristina Fern\u00e1ndez de Kirchner, destac\u00f3 que fue una \u00abbuena charla y (con) temas variados\u00bb y que quedaron en volver a verse \u00abpara seguir conversando\u00bb.<\/p>\n<p>En tanto, el designado jefe de Gabinete de Mauricio Macri precis\u00f3 que durante el encuentro trataron cuestiones relacionadas al \u00abfuncionamiento de la jefatura de Gabinete y temas pr\u00e1cticos del traspaso\u00bb y dijo que definieron \u00abseguir conversando\u00bb en otras pr\u00f3ximas reuniones.<\/p>\n<p>\u00abNo fue una reuni\u00f3n secreta, la coordinamos ayer y hoy la comunique por Twitter para que no fuera nada secreto\u00bb, dijo Pe\u00f1a, quien minutos antes de ingresar a la Casa de Gobierno -en una ma\u00f1ana lluviosa de feriado- hizo p\u00fablica la reuni\u00f3n a trav\u00e9s de su cuenta de la red social.<\/p>\n<p>Asimismo, destac\u00f3 que \u00abhay charlas informales que se van sucediendo en los distintos ministerios\u00bb y afirm\u00f3 que \u00aben la Argentina que est\u00e1 arrancando el di\u00e1logo tiene que ser lo normal y para eso vamos a trabajar\u00bb.<\/p>\n<p>\u00abPor ah\u00ed no estemos de acuerdo en todo, pero trataremos de dar los pasos para que las cosas no se interrumpan el 10 de diciembre. Compartimos con An\u00edbal la responsabilidad que nos toca en lo que implica a un traspaso de mando para una democracia que tiene que mostrar civilidad y cordialidad\u00bb, concluy\u00f3.<\/p>\n<p>La reuni\u00f3n entre Fern\u00e1ndez y Pe\u00f1a estaba prevista para el mi\u00e9rcoles de esta semana en Casa de Gobierno, un d\u00eda despu\u00e9s de que Fern\u00e1ndez de Kirchner recibiera durante 20 minutos en la residencia de Olivos a Macri, pero hab\u00eda sido suspendida luego de que el presidente electo dijera que el encuentro \u00abno hab\u00eda valido la pena\u00bb.<\/p>\n<p>En sus declaraciones de hoy, Pe\u00f1a busc\u00f3 bajar el tono de esas declaraciones y explic\u00f3 que esos dichos de Macri respondieron a una \u00abpregunta espec\u00edfica\u00bb de la prensa.<\/p>\n<p>Al respecto, An\u00edbal Fern\u00e1ndez hab\u00eda explicado que la Presidenta \u00ablo \u00fanico que pidi\u00f3 fue discreci\u00f3n porque los temas pol\u00edticos no se pueden debatir por los medios\u00bb.<\/p>\n<p>En tanto, con la designaci\u00f3n ayer de Jorge Triaca como ministro de Trabajo, qued\u00f3 completada la grilla de ministros que asumir\u00e1n a partir del 10 de diciembre.<\/p>\n<p>El gabinete del presidente electo qued\u00f3 conformado entonces por una mayor\u00eda del PRO: Marcos Pe\u00f1a, la mano derecha de Macri, ser\u00e1 el jefe de Gabinete, en tanto que Rogelio Frigerio ir\u00e1 al Ministerio de Interior, Francisco Cabrera al de Producci\u00f3n, Guillermo Dietrich al de Transporte, Carolina Stanley a Desarrollo Social y Esteban Bullrich a Educaci\u00f3n.<\/p>\n<p>En tanto, Patricia Bullrich ser\u00e1 ministra de Seguridad; Pablo Avelluto de Cultura, Jorge Lemus de Salud, Sergio Bergman de Ambiente y Andr\u00e9s Ibarra de Modernizaci\u00f3n.<\/p>\n<p>En tanto, los radicales ocupar\u00e1n el Ministerio de Comunicaciones con Oscar Aguad a la cabeza, el de Defensa con Julio Martinez y el de Agricultura con Ricardo Buryalle; en tanto que el delasotismo ocupar\u00e1 el Ministerio de Turismo con Gustavo Santos como su titular.<\/p>\n<p>La n\u00f3mina la completan Alfonso Prat Gay en Hacienda y Finanzas, Susana Malcorra en Canciller\u00eda, Juan Jos\u00e9 Aranguren en Energ\u00eda y Miner\u00eda; Germ\u00e1n Garavano en Justicia y Derechos Humanos, y Lino Bara\u00f1ao en el Ministerio de Ciencia y Tecnolog\u00eda, cargo que se mantendr\u00e1 luego de la finalizaci\u00f3n del mandato de la presidenta Cristina Fern\u00e1ndez de Kirchner.<\/p>\n","protected":false},"excerpt":{"rendered":"<p>El jefe de Gabinete de Mauricio Macri se reuni\u00f3 esta ma\u00f1ana con su antecesor en Casa de Gobierno de cara al 10 de diciembre. \u201cFue una muy buena charla para trabajar en la transici\u00f3n que viene\u201d, asegur\u00f3.<\/p>\n","protected":false},"author":8,"featured_media":0,"comment_status":"open","ping_status":"open","sticky":false,"template":"","format":"standard","meta":{"_jetpack_newsletter_access":"","_jetpack_dont_email_post_to_subs":false,"_jetpack_newsletter_tier_id":0,"_jetpack_memberships_contains_paywalled_content":false,"_jetpack_memberships_contains_paid_content":false,"footnotes":""},"categories":[51],"tags":[],"class_list":["post-75698","post","type-post","status-publish","format-standard","hentry","category-politica"],"jetpack_shortlink":"https:\/\/wp.me\/s2JWE0-75698","jetpack-related-posts":[{"id":75580,"url":"http:\/\/www.24baires.com\/?p=75580","url_meta":{"origin":75698,"position":0},"title":"An\u00edbal Fern\u00e1ndez dijo que Macri hizo un \u201cshowcete televisivo\u201d","author":"AF","date":"25\/11\/2015","format":false,"excerpt":"El jefe de Gabinete, An\u00edbal Fern\u00e1ndez, sostuvo hoy que el presidente electo no tuvo \"discreci\u00f3n, ni vocaci\u00f3n\" de lograr una transici\u00f3n ordenada al reunirse ayer en la quinta de Olivos con la mandataria Cristina Fern\u00e1ndez de Kirchner. \"Este se\u00f1or no conoce nada de la cosa publica nacional y la Presidenta\u2026","rel":"","context":"En \u00abPol\u00edtica\u00bb","block_context":{"text":"Pol\u00edtica","link":"http:\/\/www.24baires.com\/?cat=51"},"img":{"alt_text":"an\u00edbal fern\u00e1ndezz","src":"https:\/\/i0.wp.com\/www.24baires.com\/wp-content\/uploads\/2015\/11\/an%C3%ADbal-fern%C3%A1ndezz.jpg?resize=350%2C200","width":350,"height":200,"srcset":"https:\/\/i0.wp.com\/www.24baires.com\/wp-content\/uploads\/2015\/11\/an%C3%ADbal-fern%C3%A1ndezz.jpg?resize=350%2C200 1x, https:\/\/i0.wp.com\/www.24baires.com\/wp-content\/uploads\/2015\/11\/an%C3%ADbal-fern%C3%A1ndezz.jpg?resize=525%2C300 1.5x"},"classes":[]},{"id":112752,"url":"http:\/\/www.24baires.com\/?p=112752","url_meta":{"origin":75698,"position":1},"title":"Alberto Fern\u00e1ndez design\u00f3 el equipo que coordinar\u00e1 la transici\u00f3n","author":"AF","date":"28\/10\/2019","format":false,"excerpt":"El presidente electo Alberto Fern\u00e1ndez dispuso que Santiago Cafiero, Eduardo \"Wado\" De Pedro, Vilma Ibarra y Gustavo B\u00e9liz lideren la transici\u00f3n hasta su asunci\u00f3n. El presidente saliente Mauricio Macri recibi\u00f3 este lunes en Casa Rosada al presidente electo Alberto Fern\u00e1ndez para dar inicio al a transici\u00f3n que culminar\u00e1 el pr\u00f3ximo\u2026","rel":"","context":"En \u00abPol\u00edtica\u00bb","block_context":{"text":"Pol\u00edtica","link":"http:\/\/www.24baires.com\/?cat=51"},"img":{"alt_text":"","src":"https:\/\/i0.wp.com\/www.24baires.com\/wp-content\/uploads\/2019\/10\/equipo.jpg?resize=350%2C200","width":350,"height":200,"srcset":"https:\/\/i0.wp.com\/www.24baires.com\/wp-content\/uploads\/2019\/10\/equipo.jpg?resize=350%2C200 1x, https:\/\/i0.wp.com\/www.24baires.com\/wp-content\/uploads\/2019\/10\/equipo.jpg?resize=525%2C300 1.5x"},"classes":[]},{"id":112846,"url":"http:\/\/www.24baires.com\/?p=112846","url_meta":{"origin":75698,"position":2},"title":"Salvai y Bianco se reunir\u00e1n para avanzar en la agenda de cambio de Gobierno","author":"AF","date":"04\/11\/2019","format":false,"excerpt":"El Jefe de Gabinete bonaerense se encontrar\u00e1 ma\u00f1ana con Bianco, uno de los hombres de confianza de Kicillof para avanzar en la sucesi\u00f3n. El jefe de Gabinete de la Provincia de Buenos Aires, Federico Salvai se encontrar\u00e1 este martes con Carlos Bianco, uno de los hombres m\u00e1s cercanos del gobernador\u2026","rel":"","context":"En \u00abProvincia\u00bb","block_context":{"text":"Provincia","link":"http:\/\/www.24baires.com\/?cat=40"},"img":{"alt_text":"","src":"https:\/\/i0.wp.com\/www.24baires.com\/wp-content\/uploads\/2019\/11\/salvai-bianco.jpg?resize=350%2C200","width":350,"height":200,"srcset":"https:\/\/i0.wp.com\/www.24baires.com\/wp-content\/uploads\/2019\/11\/salvai-bianco.jpg?resize=350%2C200 1x, https:\/\/i0.wp.com\/www.24baires.com\/wp-content\/uploads\/2019\/11\/salvai-bianco.jpg?resize=525%2C300 1.5x"},"classes":[]},{"id":90457,"url":"http:\/\/www.24baires.com\/?p=90457","url_meta":{"origin":75698,"position":3},"title":"Vidal y Pe\u00f1a coinciden en que Argentina \u00abva a crecer\u00bb durante 2017","author":"AF","date":"02\/12\/2016","format":false,"excerpt":"El jefe de Gabinete Nacional dio junto a la gobernadora bonaerense el punta pie inicial a la reuni\u00f3n de trabajo convocada por el presidente Mauricio Macri. \"La tendencia va a ser buena y vamos a tener un buen 2017\", destac\u00f3 Pe\u00f1a. El jefe de Gabinete, Marcos Pe\u00f1a, dio junto a\u2026","rel":"","context":"En \u00abPol\u00edtica\u00bb","block_context":{"text":"Pol\u00edtica","link":"http:\/\/www.24baires.com\/?cat=51"},"img":{"alt_text":"vidal","src":"https:\/\/i0.wp.com\/www.24baires.com\/wp-content\/uploads\/2016\/08\/vidal.jpg?resize=350%2C200","width":350,"height":200,"srcset":"https:\/\/i0.wp.com\/www.24baires.com\/wp-content\/uploads\/2016\/08\/vidal.jpg?resize=350%2C200 1x, https:\/\/i0.wp.com\/www.24baires.com\/wp-content\/uploads\/2016\/08\/vidal.jpg?resize=525%2C300 1.5x"},"classes":[]},{"id":102144,"url":"http:\/\/www.24baires.com\/?p=102144","url_meta":{"origin":75698,"position":4},"title":"Pe\u00f1a adelant\u00f3 que el Gobierno quiere un \u201cgran acuerdo\u201d con la oposici\u00f3n","author":"GB","date":"15\/05\/2018","format":false,"excerpt":"Lo blanque\u00f3 el Jefe de Gabinete, Marcos Pe\u00f1a, luego de una reuni\u00f3n con todos los ministros en Casa Rosada. La idea es que se plasme en un proyecto de Presupuesto \u201cconsensuado\u201d para 2019. El antecedente de Eduardo Duhalde en 2002. Esta ma\u00f1ana, el jefe de Gabinete, Marcos Pe\u00f1a, sorprendi\u00f3 al\u2026","rel":"","context":"En \u00abEconom\u00eda\u00bb","block_context":{"text":"Econom\u00eda","link":"http:\/\/www.24baires.com\/?cat=45"},"img":{"alt_text":"","src":"https:\/\/i0.wp.com\/www.24baires.com\/wp-content\/uploads\/2018\/05\/pe%C3%B1a.jpg?resize=350%2C200","width":350,"height":200,"srcset":"https:\/\/i0.wp.com\/www.24baires.com\/wp-content\/uploads\/2018\/05\/pe%C3%B1a.jpg?resize=350%2C200 1x, https:\/\/i0.wp.com\/www.24baires.com\/wp-content\/uploads\/2018\/05\/pe%C3%B1a.jpg?resize=525%2C300 1.5x"},"classes":[]},{"id":102830,"url":"http:\/\/www.24baires.com\/?p=102830","url_meta":{"origin":75698,"position":5},"title":"Intendentes oficialistas de la Cuarta Secci\u00f3n se reunieron con Marcos Pe\u00f1a","author":"Grupo Sierra","date":"19\/06\/2018","format":false,"excerpt":"Intendentes de Cambiemos la Cuarta Secci\u00f3n Electoral ratificaron su apoyo a las medidas del Gobierno en una reuni\u00f3n con el jefe de Gabinete nacional, Marcos Pe\u00f1a, quien busc\u00f3 llevar tranquilidad al manifestar que los fondos para las obras p\u00fablicas comprometidas \"est\u00e1n garantizados\". \"Todos los intendentes manifestamos un total apoyo a\u2026","rel":"","context":"En \u00abPol\u00edtica\u00bb","block_context":{"text":"Pol\u00edtica","link":"http:\/\/www.24baires.com\/?cat=51"},"img":{"alt_text":"","src":"https:\/\/i0.wp.com\/www.dib.com.ar\/gestion\/images\/blogmanagement\/noticias\/thumb\/5b28f9ccc446f1529412044.jpg?resize=350%2C200","width":350,"height":200,"srcset":"https:\/\/i0.wp.com\/www.dib.com.ar\/gestion\/images\/blogmanagement\/noticias\/thumb\/5b28f9ccc446f1529412044.jpg?resize=350%2C200 1x, https:\/\/i0.wp.com\/www.dib.com.ar\/gestion\/images\/blogmanagement\/noticias\/thumb\/5b28f9ccc446f1529412044.jpg?resize=525%2C300 1.5x"},"classes":[]}],"jetpack_sharing_enabled":true,"jetpack_likes_enabled":true,"jetpack_featured_media_url":"","_links":{"self":[{"href":"http:\/\/www.24baires.com\/index.php?rest_route=\/wp\/v2\/posts\/75698","targetHints":{"allow":["GET"]}}],"collection":[{"href":"http:\/\/www.24baires.com\/index.php?rest_route=\/wp\/v2\/posts"}],"about":[{"href":"http:\/\/www.24baires.com\/index.php?rest_route=\/wp\/v2\/types\/post"}],"author":[{"embeddable":true,"href":"http:\/\/www.24baires.com\/index.php?rest_route=\/wp\/v2\/users\/8"}],"replies":[{"embeddable":true,"href":"http:\/\/www.24baires.com\/index.php?rest_route=%2Fwp%2Fv2%2Fcomments&post=75698"}],"version-history":[{"count":3,"href":"http:\/\/www.24baires.com\/index.php?rest_route=\/wp\/v2\/posts\/75698\/revisions"}],"predecessor-version":[{"id":75702,"href":"http:\/\/www.24baires.com\/index.php?rest_route=\/wp\/v2\/posts\/75698\/revisions\/75702"}],"wp:attachment":[{"href":"http:\/\/www.24baires.com\/index.php?rest_route=%2Fwp%2Fv2%2Fmedia&parent=75698"}],"wp:term":[{"taxonomy":"category","embeddable":true,"href":"http:\/\/www.24baires.com\/index.php?rest_route=%2Fwp%2Fv2%2Fcategories&post=75698"},{"taxonomy":"post_tag","embeddable":true,"href":"http:\/\/www.24baires.com\/index.php?rest_route=%2Fwp%2Fv2%2Ftags&post=75698"}],"curies":[{"name":"wp","href":"https:\/\/api.w.org\/{rel}","templated":true}]}}