{"id":75683,"date":"2015-11-27T10:30:55","date_gmt":"2015-11-27T13:30:55","guid":{"rendered":"http:\/\/www.24baires.com\/?p=75683"},"modified":"2015-11-27T09:37:41","modified_gmt":"2015-11-27T12:37:41","slug":"burzaco-el-traspaso-de-la-policia-federal-a-la-ciudad-es-un-hecho","status":"publish","type":"post","link":"http:\/\/www.24baires.com\/?p=75683","title":{"rendered":"Burzaco: \u00abEl traspaso de la Polic\u00eda Federal a la Ciudad es un hecho\u00bb"},"content":{"rendered":"<p><img data-recalc-dims=\"1\" loading=\"lazy\" decoding=\"async\" class=\"aligncenter size-full wp-image-75684\" src=\"https:\/\/i0.wp.com\/www.24baires.com\/wp-content\/uploads\/2015\/11\/burzaco.jpg?resize=560%2C314\" alt=\"burzaco\" width=\"560\" height=\"314\" srcset=\"https:\/\/i0.wp.com\/www.24baires.com\/wp-content\/uploads\/2015\/11\/burzaco.jpg?w=560 560w, https:\/\/i0.wp.com\/www.24baires.com\/wp-content\/uploads\/2015\/11\/burzaco.jpg?resize=300%2C168 300w\" sizes=\"auto, (max-width: 560px) 100vw, 560px\" \/>El futuro secretario de Seguridad, Eugenio Burzaco, afirm\u00f3 que \u00abse va a producir\u00bb en el marco de su gesti\u00f3n, y dijo que junto a la pr\u00f3xima ministra del \u00e1rea, Patricia Bullrich, formar\u00e1n un \u00abgran equipo\u00bb para combatir el narcotr\u00e1fico y el crimen organizado.<!--more--><\/p>\n<p>\u00abEl traspaso de la Polic\u00eda Federal (a la Ciudad Aut\u00f3noma de Buenos Aires) es un hecho, se va a producir\u00bb, dijo Burzaco esta ma\u00f1ana en declaraciones a radio Vorterix y Continental.<\/p>\n<p>El futuro secretario de Seguridad destac\u00f3 que Bullrich tiene una \u00abgran trayectoria pol\u00edtica y una gran personalidad\u00bb y dijo que conformar\u00e1n un \u00abgran equipo de trabajo para poder avanzar en un \u00e1rea cr\u00edtica y sensible para la gente\u00bb.<\/p>\n<p>Entre las primeras medidas que tomar\u00e1n, Burzaco adelant\u00f3 que ser\u00e1n \u00abelegir la conducci\u00f3n de las fuerzas, ayudar a las provincias a tener una mejor seguridad y atender los ejes problem\u00e1ticos que son el narcotr\u00e1fico y el crimen organizado que ha generado m\u00e1s altos niveles de violencia en el delito\u00bb.<\/p>\n<p>Tambi\u00e9n se\u00f1al\u00f3 que ser\u00e1 \u00abfundamental reconstruir un escenario estad\u00edstico serio para ver d\u00f3nde estamos parados y ver d\u00f3nde est\u00e1n los lugares m\u00e1s cr\u00edticos\u00bb.<\/p>\n<p>En cuanto a la problem\u00e1tica de la violencia en el f\u00fatbol, Burzaco afirm\u00f3 que hay que \u00abterminar con el fen\u00f3meno extorsivo de las barras bravas\u00bb y consider\u00f3 que es un tema que \u00abno se puede delegar en los clubes, sino que es el Estado el que tiene que cumplir un rol clave para ir devolviendo la posibilidad de que el p\u00fablico visitante pueda volver a las canchas\u00bb.<\/p>\n<p>Por \u00faltimo, inform\u00f3 que hoy mantendr\u00e1 una reuni\u00f3n con Bullrich y que espera la semana pr\u00f3xima poder reunirse con el secretario de Seguridad saliente, Sergio Berni, para organizar la transici\u00f3n.<\/p>\n","protected":false},"excerpt":{"rendered":"<p>El futuro secretario de Seguridad, Eugenio Burzaco, afirm\u00f3 que \u00abse va a producir\u00bb en el marco de su gesti\u00f3n, y dijo que junto a la pr\u00f3xima ministra del \u00e1rea, Patricia Bullrich, formar\u00e1n un \u00abgran equipo\u00bb para combatir el narcotr\u00e1fico y el crimen organizado.<\/p>\n","protected":false},"author":4,"featured_media":0,"comment_status":"open","ping_status":"open","sticky":false,"template":"","format":"standard","meta":{"_jetpack_newsletter_access":"","_jetpack_dont_email_post_to_subs":false,"_jetpack_newsletter_tier_id":0,"_jetpack_memberships_contains_paywalled_content":false,"_jetpack_memberships_contains_paid_content":false,"footnotes":""},"categories":[51],"tags":[],"class_list":["post-75683","post","type-post","status-publish","format-standard","hentry","category-politica"],"jetpack_shortlink":"https:\/\/wp.me\/p2JWE0-jGH","jetpack-related-posts":[{"id":119928,"url":"http:\/\/www.24baires.com\/?p=119928","url_meta":{"origin":75683,"position":0},"title":"Tras el esc\u00e1ndalo del viaje a Lago Escondido, renunci\u00f3 D&#8217;Alessandro","author":"AF","date":"22\/03\/2023","format":false,"excerpt":"Se termina una gesti\u00f3n marcada por el esc\u00e1ndalo de los chats de D\u00b4Alessandro con jueces federales y directivos del Grupo Clar\u00edn, motivo por el cual estuvo de licencia durante meses. Eugenio Burzaco, el m\u00e1s firme candidato para reemplazar al ahora exministro. Solo faltaba la confirmaci\u00f3n. Desde hace varios d\u00edas se\u2026","rel":"","context":"En \u00abJUDICIALES\u00bb","block_context":{"text":"JUDICIALES","link":"http:\/\/www.24baires.com\/?cat=68"},"img":{"alt_text":"","src":"https:\/\/i0.wp.com\/www.24baires.com\/wp-content\/uploads\/2023\/03\/dalessandro.jpeg?resize=350%2C200","width":350,"height":200,"srcset":"https:\/\/i0.wp.com\/www.24baires.com\/wp-content\/uploads\/2023\/03\/dalessandro.jpeg?resize=350%2C200 1x, https:\/\/i0.wp.com\/www.24baires.com\/wp-content\/uploads\/2023\/03\/dalessandro.jpeg?resize=525%2C300 1.5x, https:\/\/i0.wp.com\/www.24baires.com\/wp-content\/uploads\/2023\/03\/dalessandro.jpeg?resize=700%2C400 2x"},"classes":[]},{"id":107949,"url":"http:\/\/www.24baires.com\/?p=107949","url_meta":{"origin":75683,"position":1},"title":"Bullrich anunciar\u00e1 la llegada de fuerzas federales a Mar del Plata","author":"GB","date":"03\/05\/2019","format":false,"excerpt":"La ministra de Seguridad de la Naci\u00f3n realizar\u00e1 un acto este viernes al mediod\u00eda. Estiman que llegar\u00e1n m\u00e1s de 300 efectivos para distintos barrios de la ciudad. Bullrich anunciar\u00e1 la llegada de fuerzas federales a Mar del Plata La ministra de Seguridad de la Naci\u00f3n, Patricia Bullrich, llegar\u00e1 este viernes\u2026","rel":"","context":"En \u00abPol\u00edtica\u00bb","block_context":{"text":"Pol\u00edtica","link":"http:\/\/www.24baires.com\/?cat=51"},"img":{"alt_text":"","src":"https:\/\/i0.wp.com\/www.24baires.com\/wp-content\/uploads\/2019\/01\/bullrich.jpg?resize=350%2C200","width":350,"height":200,"srcset":"https:\/\/i0.wp.com\/www.24baires.com\/wp-content\/uploads\/2019\/01\/bullrich.jpg?resize=350%2C200 1x, https:\/\/i0.wp.com\/www.24baires.com\/wp-content\/uploads\/2019\/01\/bullrich.jpg?resize=525%2C300 1.5x"},"classes":[]},{"id":77178,"url":"http:\/\/www.24baires.com\/?p=77178","url_meta":{"origin":75683,"position":2},"title":"Macri oficializ\u00f3 el traspaso de parte de la Polic\u00eda Federal a la Ciudad","author":"GB","date":"05\/01\/2016","format":false,"excerpt":"Responder\u00e1n a un \u00fanico comando pol\u00edtico del gobierno porte\u00f1o y mantendr\u00e1n sus derechos salariales, de seguridad social y jerarqu\u00edas hasta tanto finalice la unificaci\u00f3n con la Metropolitana. As\u00ed lo inform\u00f3 el jefe de Gobierno de la Ciudad de Buenos Aires, Horacio Rodr\u00edguez Larreta, quien, junto al jefe de Gabinete nacional,\u2026","rel":"","context":"En \u00abPol\u00edtica\u00bb","block_context":{"text":"Pol\u00edtica","link":"http:\/\/www.24baires.com\/?cat=51"},"img":{"alt_text":"Policias_federales","src":"https:\/\/i0.wp.com\/www.24baires.com\/wp-content\/uploads\/2012\/12\/Policias_federales.jpg?resize=350%2C200","width":350,"height":200,"srcset":"https:\/\/i0.wp.com\/www.24baires.com\/wp-content\/uploads\/2012\/12\/Policias_federales.jpg?resize=350%2C200 1x, https:\/\/i0.wp.com\/www.24baires.com\/wp-content\/uploads\/2012\/12\/Policias_federales.jpg?resize=525%2C300 1.5x"},"classes":[]},{"id":88288,"url":"http:\/\/www.24baires.com\/?p=88288","url_meta":{"origin":75683,"position":3},"title":"Bullrich anunci\u00f3 un redise\u00f1o de las fuerzas federales en la Provincia","author":"AF","date":"04\/10\/2016","format":false,"excerpt":"La ministra de Seguridad dijo que se estableci\u00f3 como se mover\u00e1n las fuerzas federales en la provincia de Buenos Aires, especialmente en el gran Buenos Aires y en Mar del Plata. La ministra de Seguridad, Patricia Bullrich, anunci\u00f3 el \"redise\u00f1o\" de c\u00f3mo se mover\u00e1n las fuerzas federales en la Provincia,\u2026","rel":"","context":"En \u00abLocales\u00bb","block_context":{"text":"Locales","link":"http:\/\/www.24baires.com\/?cat=38"},"img":{"alt_text":"bullrich conferencia","src":"https:\/\/i0.wp.com\/www.24baires.com\/wp-content\/uploads\/2015\/12\/bullrich-conferencia.jpg?resize=350%2C200","width":350,"height":200,"srcset":"https:\/\/i0.wp.com\/www.24baires.com\/wp-content\/uploads\/2015\/12\/bullrich-conferencia.jpg?resize=350%2C200 1x, https:\/\/i0.wp.com\/www.24baires.com\/wp-content\/uploads\/2015\/12\/bullrich-conferencia.jpg?resize=525%2C300 1.5x"},"classes":[]},{"id":92662,"url":"http:\/\/www.24baires.com\/?p=92662","url_meta":{"origin":75683,"position":4},"title":"Bullrich en Mar del Plata: \u201cDonde haya delito complejo va a estar la Polic\u00eda Federal\u201d","author":"GB","date":"24\/02\/2017","format":false,"excerpt":"La ministra de Seguridad inaugur\u00f3 la sede de la Agencia Regional Federal en la Escollera Norte, \u201cun punto estrat\u00e9gico de Mar del Plata\u201d La ministra de Seguridad de la Naci\u00f3n, Patricia Bullrich, lleg\u00f3 este viernes a Mar del Plata a inaugurar la Agencia Regional Federal de la Polic\u00eda Federal Argentina.\u2026","rel":"","context":"En \u00abPol\u00edtica\u00bb","block_context":{"text":"Pol\u00edtica","link":"http:\/\/www.24baires.com\/?cat=51"},"img":{"alt_text":"","src":"https:\/\/i0.wp.com\/www.24baires.com\/wp-content\/uploads\/2017\/02\/bullrich-mdp.jpg?resize=350%2C200","width":350,"height":200,"srcset":"https:\/\/i0.wp.com\/www.24baires.com\/wp-content\/uploads\/2017\/02\/bullrich-mdp.jpg?resize=350%2C200 1x, https:\/\/i0.wp.com\/www.24baires.com\/wp-content\/uploads\/2017\/02\/bullrich-mdp.jpg?resize=525%2C300 1.5x"},"classes":[]},{"id":108498,"url":"http:\/\/www.24baires.com\/?p=108498","url_meta":{"origin":75683,"position":5},"title":"Bullrich volvi\u00f3 a hablar sobre un caso judicial sin tener pruebas","author":"AF","date":"30\/05\/2019","format":false,"excerpt":"Una fiscal\u00eda de R\u00edo Tercero que investiga a un hombre detenido por pornograf\u00eda infantil desminti\u00f3 a la ministra de Seguridad. Desde el Ministerio P\u00fablico Fiscal (MPF) de C\u00f3rdoba desmintieron a la ministra de Seguridad, Patricia Bullrich, quien sostuvo que la detenci\u00f3n en R\u00edo Tercero de un hombre de 22 a\u00f1os\u2026","rel":"","context":"En \u00abSociedad\u00bb","block_context":{"text":"Sociedad","link":"http:\/\/www.24baires.com\/?cat=1"},"img":{"alt_text":"","src":"https:\/\/i0.wp.com\/www.24baires.com\/wp-content\/uploads\/2017\/11\/bullrich-garavagno.jpg?resize=350%2C200","width":350,"height":200,"srcset":"https:\/\/i0.wp.com\/www.24baires.com\/wp-content\/uploads\/2017\/11\/bullrich-garavagno.jpg?resize=350%2C200 1x, https:\/\/i0.wp.com\/www.24baires.com\/wp-content\/uploads\/2017\/11\/bullrich-garavagno.jpg?resize=525%2C300 1.5x"},"classes":[]}],"jetpack_sharing_enabled":true,"jetpack_likes_enabled":true,"jetpack_featured_media_url":"","_links":{"self":[{"href":"http:\/\/www.24baires.com\/index.php?rest_route=\/wp\/v2\/posts\/75683","targetHints":{"allow":["GET"]}}],"collection":[{"href":"http:\/\/www.24baires.com\/index.php?rest_route=\/wp\/v2\/posts"}],"about":[{"href":"http:\/\/www.24baires.com\/index.php?rest_route=\/wp\/v2\/types\/post"}],"author":[{"embeddable":true,"href":"http:\/\/www.24baires.com\/index.php?rest_route=\/wp\/v2\/users\/4"}],"replies":[{"embeddable":true,"href":"http:\/\/www.24baires.com\/index.php?rest_route=%2Fwp%2Fv2%2Fcomments&post=75683"}],"version-history":[{"count":1,"href":"http:\/\/www.24baires.com\/index.php?rest_route=\/wp\/v2\/posts\/75683\/revisions"}],"predecessor-version":[{"id":75685,"href":"http:\/\/www.24baires.com\/index.php?rest_route=\/wp\/v2\/posts\/75683\/revisions\/75685"}],"wp:attachment":[{"href":"http:\/\/www.24baires.com\/index.php?rest_route=%2Fwp%2Fv2%2Fmedia&parent=75683"}],"wp:term":[{"taxonomy":"category","embeddable":true,"href":"http:\/\/www.24baires.com\/index.php?rest_route=%2Fwp%2Fv2%2Fcategories&post=75683"},{"taxonomy":"post_tag","embeddable":true,"href":"http:\/\/www.24baires.com\/index.php?rest_route=%2Fwp%2Fv2%2Ftags&post=75683"}],"curies":[{"name":"wp","href":"https:\/\/api.w.org\/{rel}","templated":true}]}}