{"id":75662,"date":"2015-11-26T18:31:59","date_gmt":"2015-11-26T21:31:59","guid":{"rendered":"http:\/\/www.24baires.com\/?p=75662"},"modified":"2015-11-26T18:31:59","modified_gmt":"2015-11-26T21:31:59","slug":"jorge-triaca-sera-el-nuevo-ministro-de-trabajo","status":"publish","type":"post","link":"http:\/\/www.24baires.com\/?p=75662","title":{"rendered":"Jorge Triaca ser\u00e1 el nuevo ministro de Trabajo"},"content":{"rendered":"<p><img data-recalc-dims=\"1\" loading=\"lazy\" decoding=\"async\" src=\"https:\/\/i0.wp.com\/www.24baires.com\/wp-content\/uploads\/2015\/11\/jorge-triaca.jpg?resize=560%2C372\" alt=\"jorge triaca\" width=\"560\" height=\"372\" class=\"aligncenter size-full wp-image-75663\" srcset=\"https:\/\/i0.wp.com\/www.24baires.com\/wp-content\/uploads\/2015\/11\/jorge-triaca.jpg?w=560 560w, https:\/\/i0.wp.com\/www.24baires.com\/wp-content\/uploads\/2015\/11\/jorge-triaca.jpg?resize=300%2C199 300w\" sizes=\"auto, (max-width: 560px) 100vw, 560px\" \/>Tras varios d\u00edas de idas y vueltas, el diputado quedar\u00e1 al frente de la cartera laboral, seg\u00fan informaron fuentes de Cambiemos. Adem\u00e1s, se anunciaron nuevos nombres del equipo de Marcos Pe\u00f1a en la Jefatura de Gabinete.<!--more--><\/p>\n<p>Con el nombramiento de Triaca, quedaron completas las designaciones de los ministros de Macri, que pasar\u00e1 a tener 21 carteras, entre las existentes y las nuevas creadas por el futuro presidente, entre las que se destacan las de Telecomunicaciones, Energ\u00eda, Transporte, Producci\u00f3n y Modernizaci\u00f3n.<\/p>\n<p>Triaca es hijo del fallecido dirigente gremial Jorge Alberto Triaca, es diputado nacional desde 2009, y forma parte del espacio pol\u00edtico de Mauricio Macri desde 2003, en donde se desempe\u00f1\u00f3 como director ejecutivo de la fundaci\u00f3n Pensar.<\/p>\n<p>Es licenciado en Ciencias Econ\u00f3micas por la Unversidad de San Andr\u00e9s y tiene un m\u00e1ster en Pol\u00edticas P\u00fablicas otorgada por la Universidad Torcuato Di Tella, adem\u00e1s de una carrera que lo llev\u00f3 a ocupar cargos en el Ministerio de Trabajo y en la Jefatura de Gabinete de ministros entre 2002 y 2003.<\/p>\n<p>Asimismo, desde Cambiemos se anunciaron hoy otros nombres que formar\u00e1n parte del gobierno de Mauricio Macri: el economista Carlos Melconian ser\u00e1 el presidente del Banco Naci\u00f3n, y Carlos Regazzoni, el actual Subsecretario de Gesti\u00f3n Econ\u00f3mica del ministerio de Educaci\u00f3n porte\u00f1o, estar\u00e1 al frente del PAMI.<\/p>\n<p>Dos hombres del sector privado formar\u00e1n parte de la Jefatura de Gabinete de Marcos Pe\u00f1a: como Secretario de Gabinete se desempe\u00f1ar\u00e1 Gustavo Lopetegui, el actual CEO de LAN Argentina; y Mario Quintana, el titular del fondo Pegasus, ocupar\u00e1 la secretar\u00eda de Coordinaci\u00f3n Administrativa y Evaluaci\u00f3n Presupuestaria.<\/p>\n<p>Adem\u00e1s el actual Subsecretario de Relaciones Internacionales e Institucionales del Gobierno de la Ciudad Aut\u00f3noma de Buenos Aires, Fulvio Pompeo, encargar\u00e1 de la flamante Secretar\u00eda de Asuntos Estrat\u00e9gicos, que crear\u00e1 el gobierno de Macri.<\/p>\n<p>Paula Bertol, la directora de la Fundaci\u00f3n Pensar, formar\u00e1 parte tambi\u00e9n del equipo de Pe\u00f1a al ser designada al frente de la Secretar\u00eda de Relaciones Parlamentarias; mientras que como secretario de Comunicaci\u00f3n P\u00fablica se desempe\u00f1ar\u00e1 Jorge Grecco, un periodista que se desempe\u00f1\u00f3 como director de Infobae e integraba el equipo de comunicaci\u00f3n de Macri en la Jefatura de Gobierno.<\/p>\n","protected":false},"excerpt":{"rendered":"<p>Tras varios d\u00edas de idas y vueltas, el diputado quedar\u00e1 al frente de la cartera laboral, seg\u00fan informaron fuentes de Cambiemos. Adem\u00e1s, se anunciaron nuevos nombres del equipo de Marcos Pe\u00f1a en la Jefatura de Gabinete.<\/p>\n","protected":false},"author":8,"featured_media":0,"comment_status":"open","ping_status":"open","sticky":false,"template":"","format":"standard","meta":{"_jetpack_newsletter_access":"","_jetpack_dont_email_post_to_subs":false,"_jetpack_newsletter_tier_id":0,"_jetpack_memberships_contains_paywalled_content":false,"_jetpack_memberships_contains_paid_content":false,"footnotes":""},"categories":[51],"tags":[],"class_list":["post-75662","post","type-post","status-publish","format-standard","hentry","category-politica"],"jetpack_shortlink":"https:\/\/wp.me\/p2JWE0-jGm","jetpack-related-posts":[{"id":103537,"url":"http:\/\/www.24baires.com\/?p=103537","url_meta":{"origin":75662,"position":0},"title":"Aseguran que Triaca no paga los alquileres de las oficinas del Ministerio de Trabajo","author":"AF","date":"26\/07\/2018","format":false,"excerpt":"En las 37 unidades territoriales hay compromisos impagos. Culpan a otro funcionario del Gobierno de Macri. Tras el esc\u00e1ndalo de Sandra, la empleada de Jorge Triaca que ten\u00eda \u201cen negro\u201d, ahora surge otro nuevo incumplimiento aunque esta vez no desde su econom\u00eda privada sino que desde su rol en la\u2026","rel":"","context":"En \u00abPol\u00edtica\u00bb","block_context":{"text":"Pol\u00edtica","link":"http:\/\/www.24baires.com\/?cat=51"},"img":{"alt_text":"","src":"https:\/\/i0.wp.com\/www.24baires.com\/wp-content\/uploads\/2016\/09\/triaca.jpg?resize=350%2C200","width":350,"height":200,"srcset":"https:\/\/i0.wp.com\/www.24baires.com\/wp-content\/uploads\/2016\/09\/triaca.jpg?resize=350%2C200 1x, https:\/\/i0.wp.com\/www.24baires.com\/wp-content\/uploads\/2016\/09\/triaca.jpg?resize=525%2C300 1.5x"},"classes":[]},{"id":104190,"url":"http:\/\/www.24baires.com\/?p=104190","url_meta":{"origin":75662,"position":1},"title":"Imputaron a Jorge Triaca por la multa al sindicato de Camioneros","author":"GB","date":"30\/08\/2018","format":false,"excerpt":"Jorge Di Lello requiri\u00f3 abrir una investigaci\u00f3n penal contra el ministro de Trabajo por la multa de 809 millones de pesos a Camioneros. El fiscal Jorge Di Lello requiri\u00f3 abrir una investigaci\u00f3n penal e imput\u00f3 al ministro de Trabajo Jorge Triaca por la aplicaci\u00f3n de la multa a la Federaci\u00f3n\u2026","rel":"","context":"En \u00abPol\u00edtica\u00bb","block_context":{"text":"Pol\u00edtica","link":"http:\/\/www.24baires.com\/?cat=51"},"img":{"alt_text":"","src":"https:\/\/i0.wp.com\/www.24baires.com\/wp-content\/uploads\/2018\/01\/triaca.jpg?resize=350%2C200","width":350,"height":200,"srcset":"https:\/\/i0.wp.com\/www.24baires.com\/wp-content\/uploads\/2018\/01\/triaca.jpg?resize=350%2C200 1x, https:\/\/i0.wp.com\/www.24baires.com\/wp-content\/uploads\/2018\/01\/triaca.jpg?resize=525%2C300 1.5x"},"classes":[]},{"id":100062,"url":"http:\/\/www.24baires.com\/?p=100062","url_meta":{"origin":75662,"position":2},"title":"Laura Alonso analizar\u00e1 el caso de la empleada de Jorge Triaca","author":"AF","date":"19\/01\/2018","format":false,"excerpt":"La Oficina Anticorrupci\u00f3n promete que \"se har\u00e1 el an\u00e1lisis del caso\" en cuanto a la contrataci\u00f3n de Sandra Heredia. Pero llamativamente no trabajar\u00e1 la explotaci\u00f3n de la empleada en la propiedad de la familia del ministro de Trabajo. La Oficina Anticorrupci\u00f3n (OA), que encabeza Laura Alonso, analizar\u00e1 el caso del\u2026","rel":"","context":"En \u00abPol\u00edtica\u00bb","block_context":{"text":"Pol\u00edtica","link":"http:\/\/www.24baires.com\/?cat=51"},"img":{"alt_text":"","src":"https:\/\/i0.wp.com\/www.24baires.com\/wp-content\/uploads\/2016\/09\/triaca.jpg?resize=350%2C200","width":350,"height":200,"srcset":"https:\/\/i0.wp.com\/www.24baires.com\/wp-content\/uploads\/2016\/09\/triaca.jpg?resize=350%2C200 1x, https:\/\/i0.wp.com\/www.24baires.com\/wp-content\/uploads\/2016\/09\/triaca.jpg?resize=525%2C300 1.5x"},"classes":[]},{"id":100430,"url":"http:\/\/www.24baires.com\/?p=100430","url_meta":{"origin":75662,"position":3},"title":"El decreto de Macri contra el nepotismo apenas dej\u00f3 a 12 familiares afuera del Estado","author":"GB","date":"08\/02\/2018","format":false,"excerpt":"El anuncio del Presidente y el decreto 93\/2018 para que los familiares de los funcionarios abandonen sus cargos en el Estado termin\u00f3 solo en un mero anuncio ya que solo 12 accedieron a dejar sus cargos. La hermana de Frigerio, las primas de Stanley, Michetti y Laura Alonso por ejemplo,\u2026","rel":"","context":"En \u00abPol\u00edtica\u00bb","block_context":{"text":"Pol\u00edtica","link":"http:\/\/www.24baires.com\/?cat=51"},"img":{"alt_text":"","src":"https:\/\/i0.wp.com\/www.24baires.com\/wp-content\/uploads\/2017\/12\/mariana-triaca.jpg?resize=350%2C200","width":350,"height":200,"srcset":"https:\/\/i0.wp.com\/www.24baires.com\/wp-content\/uploads\/2017\/12\/mariana-triaca.jpg?resize=350%2C200 1x, https:\/\/i0.wp.com\/www.24baires.com\/wp-content\/uploads\/2017\/12\/mariana-triaca.jpg?resize=525%2C300 1.5x"},"classes":[]},{"id":100371,"url":"http:\/\/www.24baires.com\/?p=100371","url_meta":{"origin":75662,"position":4},"title":"Sandra, exempleada de Triaca: \u201cTengo miedo de lo que me pueda llegar a pasar\u00bb","author":"AF","date":"05\/02\/2018","format":false,"excerpt":"La ex empleada en negro del ministro de Trabajo habl\u00f3 de la situaci\u00f3n legal del caso y revel\u00f3 cu\u00e1nto le quedaron debiendo. Sandra Heredia, la empleada que e, ministro de Trabajo Jorge Triaca ten\u00eda en negro, habl\u00f3 de su preocupaci\u00f3n a ra\u00edz del esc\u00e1ndalo: \u201cTengo miedo de lo que me\u2026","rel":"","context":"En \u00abSociedad\u00bb","block_context":{"text":"Sociedad","link":"http:\/\/www.24baires.com\/?cat=1"},"img":{"alt_text":"","src":"https:\/\/i0.wp.com\/www.24baires.com\/wp-content\/uploads\/2016\/09\/triaca.jpg?resize=350%2C200","width":350,"height":200,"srcset":"https:\/\/i0.wp.com\/www.24baires.com\/wp-content\/uploads\/2016\/09\/triaca.jpg?resize=350%2C200 1x, https:\/\/i0.wp.com\/www.24baires.com\/wp-content\/uploads\/2016\/09\/triaca.jpg?resize=525%2C300 1.5x"},"classes":[]},{"id":82197,"url":"http:\/\/www.24baires.com\/?p=82197","url_meta":{"origin":75662,"position":5},"title":"\u00abNo s\u00e9 si podemos capar monos, pero Macri de pol\u00edtica algo debe saber\u00bb","author":"AF","date":"03\/05\/2016","format":false,"excerpt":"El ministro de Trabajo, Jorge Triaca, sali\u00f3 al cruce de las declaraciones formuladas por el titular de la CGT, Hugo Moyano, quien hab\u00eda dicho que Mauricio Macri \"entiende menos de pol\u00edtica\" que \u00e9l \"de capar monos\". \"No s\u00e9 si podemos capar monos, pero de pol\u00edtica algo el Presidente debe saber,\u2026","rel":"","context":"En \u00abSociedad\u00bb","block_context":{"text":"Sociedad","link":"http:\/\/www.24baires.com\/?cat=1"},"img":{"alt_text":"jorge triaca","src":"https:\/\/i0.wp.com\/www.24baires.com\/wp-content\/uploads\/2015\/11\/jorge-triaca.jpg?resize=350%2C200","width":350,"height":200,"srcset":"https:\/\/i0.wp.com\/www.24baires.com\/wp-content\/uploads\/2015\/11\/jorge-triaca.jpg?resize=350%2C200 1x, https:\/\/i0.wp.com\/www.24baires.com\/wp-content\/uploads\/2015\/11\/jorge-triaca.jpg?resize=525%2C300 1.5x"},"classes":[]}],"jetpack_sharing_enabled":true,"jetpack_likes_enabled":true,"jetpack_featured_media_url":"","_links":{"self":[{"href":"http:\/\/www.24baires.com\/index.php?rest_route=\/wp\/v2\/posts\/75662","targetHints":{"allow":["GET"]}}],"collection":[{"href":"http:\/\/www.24baires.com\/index.php?rest_route=\/wp\/v2\/posts"}],"about":[{"href":"http:\/\/www.24baires.com\/index.php?rest_route=\/wp\/v2\/types\/post"}],"author":[{"embeddable":true,"href":"http:\/\/www.24baires.com\/index.php?rest_route=\/wp\/v2\/users\/8"}],"replies":[{"embeddable":true,"href":"http:\/\/www.24baires.com\/index.php?rest_route=%2Fwp%2Fv2%2Fcomments&post=75662"}],"version-history":[{"count":1,"href":"http:\/\/www.24baires.com\/index.php?rest_route=\/wp\/v2\/posts\/75662\/revisions"}],"predecessor-version":[{"id":75664,"href":"http:\/\/www.24baires.com\/index.php?rest_route=\/wp\/v2\/posts\/75662\/revisions\/75664"}],"wp:attachment":[{"href":"http:\/\/www.24baires.com\/index.php?rest_route=%2Fwp%2Fv2%2Fmedia&parent=75662"}],"wp:term":[{"taxonomy":"category","embeddable":true,"href":"http:\/\/www.24baires.com\/index.php?rest_route=%2Fwp%2Fv2%2Fcategories&post=75662"},{"taxonomy":"post_tag","embeddable":true,"href":"http:\/\/www.24baires.com\/index.php?rest_route=%2Fwp%2Fv2%2Ftags&post=75662"}],"curies":[{"name":"wp","href":"https:\/\/api.w.org\/{rel}","templated":true}]}}