{"id":75659,"date":"2015-11-26T17:20:54","date_gmt":"2015-11-26T20:20:54","guid":{"rendered":"http:\/\/www.24baires.com\/?p=75659"},"modified":"2015-11-26T16:39:42","modified_gmt":"2015-11-26T19:39:42","slug":"diputados-aprobo-la-creacion-de-yacimientos-carboniferos-fiscales","status":"publish","type":"post","link":"http:\/\/www.24baires.com\/?p=75659","title":{"rendered":"Diputados aprob\u00f3 la creaci\u00f3n de Yacimientos Carbon\u00edferos Fiscales"},"content":{"rendered":"<p><img data-recalc-dims=\"1\" loading=\"lazy\" decoding=\"async\" src=\"https:\/\/i0.wp.com\/www.24baires.com\/wp-content\/uploads\/2014\/10\/c%C3%B3digo-civil-diputados-c%C3%A1mara.jpg?resize=560%2C373\" alt=\"c\u00f3digo civil diputados c\u00e1mara\" width=\"560\" height=\"373\" class=\"aligncenter size-full wp-image-54620\" srcset=\"https:\/\/i0.wp.com\/www.24baires.com\/wp-content\/uploads\/2014\/10\/c%C3%B3digo-civil-diputados-c%C3%A1mara.jpg?w=560 560w, https:\/\/i0.wp.com\/www.24baires.com\/wp-content\/uploads\/2014\/10\/c%C3%B3digo-civil-diputados-c%C3%A1mara.jpg?resize=300%2C199 300w\" sizes=\"auto, (max-width: 560px) 100vw, 560px\" \/>Fue en una sesi\u00f3n especial que no cont\u00f3 con la participaci\u00f3n de la mayor\u00eda de los bloques opositores, que argumentaron no haber consensuado una agenda previa. Hay cuarto intermedio hasta las 16.<!--more--><\/p>\n<p>El oficialismo de la C\u00e1mara de Diputados dio media sanci\u00f3n al proyecto y busca aprobar otras iniciativas en una sesi\u00f3n especial.<\/p>\n<p>Sin la oposici\u00f3n, el Frente para la Victoria y sus aliados reunieron el qu\u00f3rum necesario para iniciar la sesi\u00f3n.<\/p>\n<p>Es que el temario fue elaborado por el bloque que preside Juliana Di Tullio en base a proyectos que por lo general son de exclusivo inter\u00e9s de esa bancada, como el que declara de Inter\u00e9s Nacional el desarrollo de la exploraci\u00f3n y explotaci\u00f3n del carb\u00f3n mineral y sus derivados como recurso para la generaci\u00f3n de energ\u00eda el\u00e9ctrica.<\/p>\n<p>Tambi\u00e9n incluye el proyecto que contempla la emisi\u00f3n de bonos de participaci\u00f3n en las ganancias de los trabajadores dependientes de las empresas prestatarias del servicio nacional de telecomunicaciones que resultaron adjudicatarias en la privatizaci\u00f3n.<\/p>\n<p>Otro de los proyectos es el que declara de utilidad p\u00fablica y sujeto a expropiaci\u00f3n al Hotel Bauen y todas sus instalaciones; el que propone la reparaci\u00f3n de legajos de los trabajadores del sector privado detenidos-desaparecidos y el que establece el programa de propiedad participada de exagentes de Gas del Estado Sociedad del Estado.<\/p>\n<p>Adem\u00e1s, se tratar\u00e1 un proyecto de ley en revisi\u00f3n por el cual se crea la ley de honorarios profesionales de abogados, procuradores y auxiliares de la justicia nacional y federal y otro que crea el acceso equitativo de las mujeres a las empresas p\u00fablicas y privadas del sector hidrocarbur\u00edfero.<\/p>\n","protected":false},"excerpt":{"rendered":"<p>Fue en una sesi\u00f3n especial que no cont\u00f3 con la participaci\u00f3n de la mayor\u00eda de los bloques opositores, que argumentaron no haber consensuado una agenda previa. Hay cuarto intermedio hasta las 16.<\/p>\n","protected":false},"author":8,"featured_media":0,"comment_status":"open","ping_status":"open","sticky":false,"template":"","format":"standard","meta":{"_jetpack_newsletter_access":"","_jetpack_dont_email_post_to_subs":false,"_jetpack_newsletter_tier_id":0,"_jetpack_memberships_contains_paywalled_content":false,"_jetpack_memberships_contains_paid_content":false,"footnotes":""},"categories":[51],"tags":[],"class_list":["post-75659","post","type-post","status-publish","format-standard","hentry","category-politica"],"jetpack_shortlink":"https:\/\/wp.me\/p2JWE0-jGj","jetpack-related-posts":[{"id":122200,"url":"http:\/\/www.24baires.com\/?p=122200","url_meta":{"origin":75659,"position":0},"title":"Finalmente, el Senado aprob\u00f3 la suspensi\u00f3n de las PASO en la Provincia","author":"GB","date":"15\/04\/2025","format":false,"excerpt":"Con el desdoblamiento de las elecciones confirmado, el Senado Bonaerense realiz\u00f3 la sesi\u00f3n especial y le dio media sanci\u00f3n al proyecto del Ejecutivo para suspender las PASO provinciales. Todos los bloques acompa\u00f1aron la iniciativa, el senador de UP Federico Fagioli (responde a Grabois) fue el \u00fanico que se abstuvo. Los\u2026","rel":"","context":"En \u00abProvincia\u00bb","block_context":{"text":"Provincia","link":"http:\/\/www.24baires.com\/?cat=40"},"img":{"alt_text":"","src":"https:\/\/i0.wp.com\/www.24baires.com\/wp-content\/uploads\/2025\/04\/senado-pba.jpg?resize=350%2C200","width":350,"height":200,"srcset":"https:\/\/i0.wp.com\/www.24baires.com\/wp-content\/uploads\/2025\/04\/senado-pba.jpg?resize=350%2C200 1x, https:\/\/i0.wp.com\/www.24baires.com\/wp-content\/uploads\/2025\/04\/senado-pba.jpg?resize=525%2C300 1.5x, https:\/\/i0.wp.com\/www.24baires.com\/wp-content\/uploads\/2025\/04\/senado-pba.jpg?resize=700%2C400 2x"},"classes":[]},{"id":119790,"url":"http:\/\/www.24baires.com\/?p=119790","url_meta":{"origin":75659,"position":1},"title":"El oficialismo intentar\u00e1 aprobar la Moratoria Previsional","author":"GB","date":"13\/02\/2023","format":false,"excerpt":"El proyecto de la Moratoria Previsional podr\u00eda beneficiar a unas 800 mil personas que carecen de los aportes necesarios para acceder a la jubilaci\u00f3n. Todo indica que el oficialismo tendr\u00eda los n\u00fameros para aprobar el proyecto antes de que termine febrero. El oficialismo de la C\u00e1mara de Diputados, con el\u2026","rel":"","context":"En \u00abPol\u00edtica\u00bb","block_context":{"text":"Pol\u00edtica","link":"http:\/\/www.24baires.com\/?cat=51"},"img":{"alt_text":"","src":"https:\/\/i0.wp.com\/www.24baires.com\/wp-content\/uploads\/2022\/12\/camara-diputados-bonaerensejpg.jpg?resize=350%2C200","width":350,"height":200,"srcset":"https:\/\/i0.wp.com\/www.24baires.com\/wp-content\/uploads\/2022\/12\/camara-diputados-bonaerensejpg.jpg?resize=350%2C200 1x, https:\/\/i0.wp.com\/www.24baires.com\/wp-content\/uploads\/2022\/12\/camara-diputados-bonaerensejpg.jpg?resize=525%2C300 1.5x, https:\/\/i0.wp.com\/www.24baires.com\/wp-content\/uploads\/2022\/12\/camara-diputados-bonaerensejpg.jpg?resize=700%2C400 2x"},"classes":[]},{"id":107512,"url":"http:\/\/www.24baires.com\/?p=107512","url_meta":{"origin":75659,"position":2},"title":"Diputados buscar\u00e1n aprobar una ley que limite el aumento de las tarifas","author":"GB","date":"04\/04\/2019","format":false,"excerpt":"Tambi\u00e9n buscar\u00e1n que los jubilados no paguen ganancias. Intentar\u00e1n reunir hoy qu\u00f3rum para realizar una sesi\u00f3n especial. Diputados opositores buscar\u00e1n aprobar una ley que limite el aumento de las tarifas La oposici\u00f3n de la C\u00e1mara de Diputados intentar\u00e1 reunir hoy qu\u00f3rum para realizar una sesi\u00f3n especial, a fin de debatir\u2026","rel":"","context":"En \u00abPol\u00edtica\u00bb","block_context":{"text":"Pol\u00edtica","link":"http:\/\/www.24baires.com\/?cat=51"},"img":{"alt_text":"","src":"https:\/\/i0.wp.com\/www.24baires.com\/wp-content\/uploads\/2018\/10\/dipiutades.jpg?resize=350%2C200","width":350,"height":200,"srcset":"https:\/\/i0.wp.com\/www.24baires.com\/wp-content\/uploads\/2018\/10\/dipiutades.jpg?resize=350%2C200 1x, https:\/\/i0.wp.com\/www.24baires.com\/wp-content\/uploads\/2018\/10\/dipiutades.jpg?resize=525%2C300 1.5x"},"classes":[]},{"id":112034,"url":"http:\/\/www.24baires.com\/?p=112034","url_meta":{"origin":75659,"position":3},"title":"\u00abSi la oposici\u00f3n quiere ampliar el proyecto de emergencia alimentaria estaremos disponibles\u00bb","author":"GB","date":"11\/09\/2019","format":false,"excerpt":"El Presidente se mostr\u00f3 dispuesto a declarar el reclamo de las organizaciones sociales, que adem\u00e1s se debatir\u00e1 este jueves en Diputados. El presidente Mauricio Macri asegur\u00f3 este mi\u00e9rcoles que si la oposici\u00f3n \"quiere ampliar el proyecto (de emergencia alimentaria) estaremos disponibles\". Lo hizo en Santa Fe, en donde inaugur\u00f3 la\u2026","rel":"","context":"En \u00abPol\u00edtica\u00bb","block_context":{"text":"Pol\u00edtica","link":"http:\/\/www.24baires.com\/?cat=51"},"img":{"alt_text":"","src":"https:\/\/i0.wp.com\/www.24baires.com\/wp-content\/uploads\/2019\/08\/macri-voto.jpg?resize=350%2C200","width":350,"height":200,"srcset":"https:\/\/i0.wp.com\/www.24baires.com\/wp-content\/uploads\/2019\/08\/macri-voto.jpg?resize=350%2C200 1x, https:\/\/i0.wp.com\/www.24baires.com\/wp-content\/uploads\/2019\/08\/macri-voto.jpg?resize=525%2C300 1.5x"},"classes":[]},{"id":86130,"url":"http:\/\/www.24baires.com\/?p=86130","url_meta":{"origin":75659,"position":4},"title":"Se levant\u00f3 la sesi\u00f3n especial por el tarifazo","author":"Grupo Sierra","date":"10\/08\/2016","format":false,"excerpt":"Luego de que legisladores de todo el arco opositor pretendieran en sesi\u00f3n especial aprobar iniciativas para que el Gobierno se vea obligado a retroceder en la implementaci\u00f3n del tarifazo en los servicios, Cambiemos levant\u00f3 la sesi\u00f3n y fren\u00f3 la votaci\u00f3n argumentando el requisito de 2\/3 de diputados para votar sobre\u2026","rel":"","context":"En \u00abLegislativo\u00bb","block_context":{"text":"Legislativo","link":"http:\/\/www.24baires.com\/?cat=75"},"img":{"alt_text":"","src":"https:\/\/i0.wp.com\/www.24baires.com\/wp-content\/uploads\/2016\/08\/camara.jpg?resize=350%2C200","width":350,"height":200,"srcset":"https:\/\/i0.wp.com\/www.24baires.com\/wp-content\/uploads\/2016\/08\/camara.jpg?resize=350%2C200 1x, https:\/\/i0.wp.com\/www.24baires.com\/wp-content\/uploads\/2016\/08\/camara.jpg?resize=525%2C300 1.5x"},"classes":[]},{"id":104851,"url":"http:\/\/www.24baires.com\/?p=104851","url_meta":{"origin":75659,"position":5},"title":"Convocan a una sesi\u00f3n especial para derogar la compensaci\u00f3n al gas","author":"AF","date":"09\/10\/2018","format":false,"excerpt":"Diputados de distintos bloques de la oposici\u00f3n convocaron a la sesi\u00f3n especial para el pr\u00f3ximo jueves 18 a las 11.30. La oposici\u00f3n en la C\u00e1mara de Diputados present\u00f3 este martes un pedido de sesi\u00f3n especial para el jueves 18 de octubre con una bater\u00eda de iniciativas que incluye varios proyectos\u2026","rel":"","context":"En \u00abSociedad\u00bb","block_context":{"text":"Sociedad","link":"http:\/\/www.24baires.com\/?cat=1"},"img":{"alt_text":"","src":"https:\/\/i0.wp.com\/www.24baires.com\/wp-content\/uploads\/2018\/10\/dipiutades.jpg?resize=350%2C200","width":350,"height":200,"srcset":"https:\/\/i0.wp.com\/www.24baires.com\/wp-content\/uploads\/2018\/10\/dipiutades.jpg?resize=350%2C200 1x, https:\/\/i0.wp.com\/www.24baires.com\/wp-content\/uploads\/2018\/10\/dipiutades.jpg?resize=525%2C300 1.5x"},"classes":[]}],"jetpack_sharing_enabled":true,"jetpack_likes_enabled":true,"jetpack_featured_media_url":"","_links":{"self":[{"href":"http:\/\/www.24baires.com\/index.php?rest_route=\/wp\/v2\/posts\/75659","targetHints":{"allow":["GET"]}}],"collection":[{"href":"http:\/\/www.24baires.com\/index.php?rest_route=\/wp\/v2\/posts"}],"about":[{"href":"http:\/\/www.24baires.com\/index.php?rest_route=\/wp\/v2\/types\/post"}],"author":[{"embeddable":true,"href":"http:\/\/www.24baires.com\/index.php?rest_route=\/wp\/v2\/users\/8"}],"replies":[{"embeddable":true,"href":"http:\/\/www.24baires.com\/index.php?rest_route=%2Fwp%2Fv2%2Fcomments&post=75659"}],"version-history":[{"count":1,"href":"http:\/\/www.24baires.com\/index.php?rest_route=\/wp\/v2\/posts\/75659\/revisions"}],"predecessor-version":[{"id":75660,"href":"http:\/\/www.24baires.com\/index.php?rest_route=\/wp\/v2\/posts\/75659\/revisions\/75660"}],"wp:attachment":[{"href":"http:\/\/www.24baires.com\/index.php?rest_route=%2Fwp%2Fv2%2Fmedia&parent=75659"}],"wp:term":[{"taxonomy":"category","embeddable":true,"href":"http:\/\/www.24baires.com\/index.php?rest_route=%2Fwp%2Fv2%2Fcategories&post=75659"},{"taxonomy":"post_tag","embeddable":true,"href":"http:\/\/www.24baires.com\/index.php?rest_route=%2Fwp%2Fv2%2Ftags&post=75659"}],"curies":[{"name":"wp","href":"https:\/\/api.w.org\/{rel}","templated":true}]}}