{"id":75655,"date":"2015-11-26T16:36:54","date_gmt":"2015-11-26T19:36:54","guid":{"rendered":"http:\/\/www.24baires.com\/?p=75655"},"modified":"2015-11-27T09:34:49","modified_gmt":"2015-11-27T12:34:49","slug":"cristina-no-permitamos-que-nos-arrebaten-el-desarrollo-tecnologico","status":"publish","type":"post","link":"http:\/\/www.24baires.com\/?p=75655","title":{"rendered":"Cristina: \u00abNo permitamos que nos arrebaten el desarrollo tecnol\u00f3gico\u00bb"},"content":{"rendered":"<p><img data-recalc-dims=\"1\" loading=\"lazy\" decoding=\"async\" src=\"https:\/\/i0.wp.com\/www.24baires.com\/wp-content\/uploads\/2015\/11\/cristina-cientificos.jpg?resize=560%2C372\" alt=\"cristina cientificos\" width=\"560\" height=\"372\" class=\"aligncenter size-full wp-image-75656\" srcset=\"https:\/\/i0.wp.com\/www.24baires.com\/wp-content\/uploads\/2015\/11\/cristina-cientificos.jpg?w=560 560w, https:\/\/i0.wp.com\/www.24baires.com\/wp-content\/uploads\/2015\/11\/cristina-cientificos.jpg?resize=300%2C199 300w\" sizes=\"auto, (max-width: 560px) 100vw, 560px\" \/>La Presidenta recorri\u00f3 hoy las obras de la \u00faltima etapa del nuevo Centro Cient\u00edfico Tecnol\u00f3gico de YPF (Y-TEC) en la localidad bonaerense de Berisso, donde llam\u00f3 a \u00abno cerrar nunca m\u00e1s la investigaci\u00f3n\u00bb y pidi\u00f3 que \u00abnunca m\u00e1s nuestros t\u00e9cnicos y cient\u00edficos se vayan\u00bb del pa\u00eds.<!--more--><\/p>\n<p>La presidenta lo expres\u00f3 este mediod\u00eda, al recorrer la \u00faltima etapa del nuevo centro tecnol\u00f3gico de YPF, ubicado en la localidad bonaerense de Berisso, donde estuvo acompa\u00f1ada por el actual ministro de Ciencia y Teconolog\u00eda, Lino Bara\u00f1ao, a quien manifest\u00f3 su apoyo en pos de \u00abgarantizar\u00bb la continuidad de pol\u00edticas e inversiones en el \u00e1rea, dado que el funcionario continuar\u00e1 en la cartera -tras acordarlo con la Presidenta- durante la gesti\u00f3n de Mauricio Macri, el electo mandatario.<\/p>\n<p>\u00abEstas son las cosas que los argentinos tienen que defender, porque son de los 42 millones y en alg\u00fan momento nos las sacaron\u00bb, manifest\u00f3 la mandataria, que estuvo acompa\u00f1ada por el ministro de Econom\u00eda, Axel Kicillof; el jefe de Gabinete, An\u00edbal Fern\u00e1ndez; el Secretario General de la presidencia, Eduardo \u00abWado\u00bb de Pedro; el gobernador bonaerense Daniel Scioli; el ministro de Planificaci\u00f3n Federal, Julio De Vido; el ministro de Ciencia y Tecnolog\u00eda, Lino Bara\u00f1ao; y el titular de YPF, Miguel Galuccio.<\/p>\n<p>Sostuvo que \u00abesto es de todos ustedes; seguramente habr\u00e1 algunos pocos interesados en que los argentinos no desarrollemos estas tecnolog\u00edas\u00bb y a\u00f1adi\u00f3 que \u00aben alg\u00fan momento tuvimos un desarrollo petrolero muy importante y nos lo sacaron. No cerremos nunca m\u00e1s la investigaci\u00f3n. No permitamos m\u00e1s que los t\u00e9cnicos y cient\u00edficos se tengan que ir por decisi\u00f3n pol\u00edtica de que no se avance en desarrollo tecnol\u00f3gico\u00bb.<\/p>\n<p>La presidenta destac\u00f3 que \u00abtodo lo dem\u00e1s en banalidad y an\u00e9cdota con las que nos quieren distraer: si me mir\u00f3, si lo nombr\u00e9, si me corr\u00ed\u00bb y consider\u00f3 que \u00abes una estrategia comunicacional para que discutamos pavadas\u00bb.<\/p>\n<p>En esa l\u00ednea, pidi\u00f3 que \u00abno dejemos que nunca m\u00e1s nos pasen los elefantes por atr\u00e1s mientras discutimos pavadas\u00bb y manifest\u00f3 que \u00abla discusi\u00f3n debe ser por las cosas profundas y serias que pasan\u00bb.<\/p>\n<p>La obra de la nueva empresa \u00abYPF Tecnolog\u00eda SA\u00bb, es un emprendimiento integrado por YPF, el Ministerio de Ciencia y Tecnolog\u00eda e Innovaci\u00f3n Productiva de la Naci\u00f3n y el Conicet, que se dedicar\u00e1 al desarrollo de soluciones tecnol\u00f3gicas para la exploraci\u00f3n y extracci\u00f3n de petr\u00f3leo, y apuntar\u00e1 adem\u00e1s a otras l\u00edneas de investigaci\u00f3n en Berisso.<\/p>\n<p>La sede \u2013de 13.000 m2 de superficie- contar\u00e1 con un espacio para m\u00e1s de 350 personas entre investigadores, t\u00e9cnicos, y becarios doctorales y posdoctorales; 60 laboratorios equipados con tecnolog\u00eda de \u00faltima generaci\u00f3n; 12 plantas piloto y un auditorio para 190 personas.<\/p>\n<p>Tras la recorrida, Cristina precis\u00f3 que \u00abhoy estamos haciendo na nueva planta de coque, una de las m\u00e1s grandes de Latinoam\u00e9rica, que permitir\u00e1 incrementar la producci\u00f3n de gasoil en un mill\u00f3n de m3 y de nafta en m\u00e1s de 200.000 m3, lo que significa importar menos\u00bb.<\/p>\n<p>\u00abNo tenemos la suficiente capacidad de refinaci\u00f3n, hubo incremento del consumo de combustible porque hay m\u00e1s veh\u00edculos; por lo que todo esto permitir\u00e1 producir coque que tambi\u00e9n necesitan las grandes f\u00e1bricas de aluminio y acero\u00bb, explic\u00f3.<\/p>\n<p>La presidenta expres\u00f3 que la planta \u00abes una inversi\u00f3n de todos los argentinos de 1046 millones de d\u00f3lares que se hace a trav\u00e9s del Estado y que permitir\u00e1 aumentar la producci\u00f3n de nafta, coque, gasoil\u00bb y detall\u00f3 que \u00abse pondr\u00e1 en marcha en junio o julio, y permitir\u00e1 a los argentinos tener m\u00e1s nafta y gasoil\u00bb.<\/p>\n<p>\u00abTambi\u00e9n est\u00e1 aqu\u00ed uno de los tantos sue\u00f1os que pude cumplir, el Y-TEC. Recorrimos las instalaciones de este modern\u00edsimo edificio que se llev\u00f3 a cabo tras un concurso en el que participaron 6 estudios de arquitectura\u00bb, cont\u00f3 la presidenta y a\u00f1adi\u00f3 que \u00abla obra est\u00e1 en un 90% avanzada, con 60 laboratorios donde se podr\u00e1 investigar\u00bb.<\/p>\n<p>Grafic\u00f3 que \u00abse podr\u00e1n optimizar los costos en un 25 o 30%\u00bb, afirm\u00f3 que \u00aben este edificio se desarrollar\u00e1 toda la tecnolog\u00eda que permita optimizar exploraci\u00f3n y explotaci\u00f3n y tambi\u00e9n en los derivados\u00bb y consider\u00f3 que \u00abes un aporte invalorable a la industria petrolera\u00bb.<\/p>\n<p>\u00abEsto es parte de la &#8216;pesada herencia&#8217; de la que hablan algunos. S\u00ed, es pesada porque tendr\u00e1n que defenderla frente a los de afuera. No permitamos que nunca m\u00e1s vengan de afuera a quitarnos todo esto\u00bb, finaliz\u00f3 la mandataria.<\/p>\n<p>Seg\u00fan explicaron directivos de la empresa, Y-TEC buscar\u00e1 conformar una red de intercambio de informaci\u00f3n con grupos de investigaci\u00f3n y laboratorios de todo el pa\u00eds, a trav\u00e9s de espacios de innovaci\u00f3n en el \u00e1mbito acad\u00e9mico y cient\u00edfico, con el objetivo de acelerar los desarrollos tecnol\u00f3gicos.<\/p>\n<p>El prop\u00f3sito es \u00abretener y desarrollar conocimiento, y potenciar las capacidades de nuestra gente a trav\u00e9s de distintas acciones, como el Programa de Mentorazgo y la Carrera T\u00e9cnica, que ofrecen una alternativa de crecimiento profesional\u00bb.<\/p>\n<p>La integraci\u00f3n de los recursos humanos en Y-TEC est\u00e1 orientada a dar continuidad y sustentabilidad en el tiempo a las capacidades t\u00e9cnicas centrales de la compa\u00f1\u00eda.<\/p>\n<p>El proyecto se desarroll\u00f3 en el Campo 6 de Agosto de la Universidad Nacional de La Plata, ubicado en las inmediaciones del Polo Petroqu\u00edmico, en las calles 128 y 143, y desde Avenida del Petr\u00f3leo (RP N\u00ba 10) hasta la Avenida G\u00e9nova (7); un enclave estrat\u00e9gico y fundamental para Berisso, ya que articula los barrios c\u00e9ntricos con aquellos linderos al partido de la Plata, en particular el Barrio Villa Arg\u00fcello.<\/p>\n<p>El proyecto prev\u00e9 destinar 40 hect\u00e1reas al patrimonio p\u00fablico, forestal y recreativo, localizando en Berisso el \u00abTercer Bosque\u00bb de la regi\u00f3n, que acompa\u00f1ar\u00e1 al Parque Mart\u00edn Rodr\u00edguez de Ensenada y al Bosque Platense.<\/p>\n<p>La iniciativa incluye tambi\u00e9n aprovechar parte del predio para emplazar all\u00ed un gran Centro Regional de Extensi\u00f3n Universitaria, que permitir\u00e1 dotar de espacios propios a la actividad extensionista que se desarrolla en todas las facultades y dependencias de la UNLP.<\/p>\n","protected":false},"excerpt":{"rendered":"<p>La Presidenta recorri\u00f3 hoy las obras de la \u00faltima etapa del nuevo Centro Cient\u00edfico Tecnol\u00f3gico de YPF (Y-TEC) en la localidad bonaerense de Berisso, donde llam\u00f3 a \u00abno cerrar nunca m\u00e1s la investigaci\u00f3n\u00bb y pidi\u00f3 que \u00abnunca m\u00e1s nuestros t\u00e9cnicos y cient\u00edficos se vayan\u00bb del pa\u00eds.<\/p>\n","protected":false},"author":8,"featured_media":0,"comment_status":"open","ping_status":"open","sticky":false,"template":"","format":"standard","meta":{"_jetpack_newsletter_access":"","_jetpack_dont_email_post_to_subs":false,"_jetpack_newsletter_tier_id":0,"_jetpack_memberships_contains_paywalled_content":false,"_jetpack_memberships_contains_paid_content":false,"footnotes":""},"categories":[51],"tags":[],"class_list":["post-75655","post","type-post","status-publish","format-standard","hentry","category-politica"],"jetpack_shortlink":"https:\/\/wp.me\/p2JWE0-jGf","jetpack-related-posts":[{"id":119221,"url":"http:\/\/www.24baires.com\/?p=119221","url_meta":{"origin":75655,"position":0},"title":"\u00abEl mundo reclama litio como energ\u00eda y tenemos la oportunidad de brindarlo\u00bb","author":"AF","date":"16\/08\/2022","format":false,"excerpt":"El presidente destac\u00f3 las \"enormes posibilidades\" econ\u00f3micas y tecnol\u00f3gicas que genera su industrializaci\u00f3n. \"Ya no es la energ\u00eda del futuro, es del presente\", asegur\u00f3 el mandatario al visitar las obras de la primera planta del pa\u00eds. El presidente Alberto Fern\u00e1ndez destac\u00f3 este martes las \"enormes posibilidades\" econ\u00f3micas y tecnol\u00f3gicas que\u2026","rel":"","context":"En \u00abPol\u00edtica\u00bb","block_context":{"text":"Pol\u00edtica","link":"http:\/\/www.24baires.com\/?cat=51"},"img":{"alt_text":"","src":"https:\/\/i0.wp.com\/www.24baires.com\/wp-content\/uploads\/2022\/08\/fernandez.jpg?resize=350%2C200","width":350,"height":200,"srcset":"https:\/\/i0.wp.com\/www.24baires.com\/wp-content\/uploads\/2022\/08\/fernandez.jpg?resize=350%2C200 1x, https:\/\/i0.wp.com\/www.24baires.com\/wp-content\/uploads\/2022\/08\/fernandez.jpg?resize=525%2C300 1.5x, https:\/\/i0.wp.com\/www.24baires.com\/wp-content\/uploads\/2022\/08\/fernandez.jpg?resize=700%2C400 2x"},"classes":[]},{"id":119231,"url":"http:\/\/www.24baires.com\/?p=119231","url_meta":{"origin":75655,"position":1},"title":"YPF industrializar\u00e1 el litio junto a una empresa china","author":"AF","date":"18\/08\/2022","format":false,"excerpt":"El acuerdo establece la exploraci\u00f3n, explotaci\u00f3n, producci\u00f3n, comercializaci\u00f3n e industrializaci\u00f3n del mineral. El convenio se enmarca en la pol\u00edtica de promoci\u00f3n del litio entre ambos pa\u00edses. El embajador argentino en Beijing, Sabino Vaca Narvaja, el presidente de YPF Tecnolog\u00eda, Roberto Salvarezza, y el CEO de Tianqi Lithium \u2013 una de\u2026","rel":"","context":"En \u00abPol\u00edtica\u00bb","block_context":{"text":"Pol\u00edtica","link":"http:\/\/www.24baires.com\/?cat=51"},"img":{"alt_text":"","src":"https:\/\/i0.wp.com\/www.24baires.com\/wp-content\/uploads\/2022\/08\/litio-china.jpg?resize=350%2C200","width":350,"height":200,"srcset":"https:\/\/i0.wp.com\/www.24baires.com\/wp-content\/uploads\/2022\/08\/litio-china.jpg?resize=350%2C200 1x, https:\/\/i0.wp.com\/www.24baires.com\/wp-content\/uploads\/2022\/08\/litio-china.jpg?resize=525%2C300 1.5x, https:\/\/i0.wp.com\/www.24baires.com\/wp-content\/uploads\/2022\/08\/litio-china.jpg?resize=700%2C400 2x"},"classes":[]},{"id":121567,"url":"http:\/\/www.24baires.com\/?p=121567","url_meta":{"origin":75655,"position":2},"title":"Con un mega operativo, se extingui\u00f3 el incendio en la refiner\u00eda de YPF en Ensenada","author":"GB","date":"23\/08\/2024","format":false,"excerpt":"Un incendio en la unidad K15 de la Refiner\u00eda YPF en Ensenada alarm\u00f3 a los vecinos de las ciudades de La Plata, Berisso y Ensenada. Un incendio en la unidad K15 de la Refiner\u00eda YPF en Ensenada alarm\u00f3 a los vecinos de las ciudades de La Plata, Berisso y Ensenada\u2026","rel":"","context":"En \u00abMunicipios\u00bb","block_context":{"text":"Municipios","link":"http:\/\/www.24baires.com\/?cat=44"},"img":{"alt_text":"","src":"https:\/\/i0.wp.com\/www.24baires.com\/wp-content\/uploads\/2024\/08\/incendio-ypf.webp?resize=350%2C200","width":350,"height":200,"srcset":"https:\/\/i0.wp.com\/www.24baires.com\/wp-content\/uploads\/2024\/08\/incendio-ypf.webp?resize=350%2C200 1x, https:\/\/i0.wp.com\/www.24baires.com\/wp-content\/uploads\/2024\/08\/incendio-ypf.webp?resize=525%2C300 1.5x, https:\/\/i0.wp.com\/www.24baires.com\/wp-content\/uploads\/2024\/08\/incendio-ypf.webp?resize=700%2C400 2x"},"classes":[]},{"id":112515,"url":"http:\/\/www.24baires.com\/?p=112515","url_meta":{"origin":75655,"position":3},"title":"Kicillof: \u201cEstamos escribiendo el final de un cap\u00edtulo negro en la historia argentina\u201d","author":"GB","date":"16\/10\/2019","format":false,"excerpt":"El candidato a gobernador bonaerense por el Frente de Todos estuvo en Magdalena y Berisso y critic\u00f3 la gesti\u00f3n de Mauricio Macri. Axel Kicillof, candidato a gobernador bonaerense por el Frente de Todos, viaj\u00f3 hasta la tercera secci\u00f3n electoral y se reuni\u00f3 con sectores productivos, organizaciones y agrupaciones sociales. Desde\u2026","rel":"","context":"En \u00abProvincia\u00bb","block_context":{"text":"Provincia","link":"http:\/\/www.24baires.com\/?cat=40"},"img":{"alt_text":"","src":"https:\/\/i0.wp.com\/www.24baires.com\/wp-content\/uploads\/2019\/08\/kicillof-1-300x200.jpg?resize=350%2C200","width":350,"height":200},"classes":[]},{"id":10446,"url":"http:\/\/www.24baires.com\/?p=10446","url_meta":{"origin":75655,"position":4},"title":"Fundaci\u00f3n YPF otorgar\u00e1 cien becas de grado para egresados de escuelas t\u00e9cnicas","author":"AF","date":"26\/12\/2012","format":false,"excerpt":"Es para las \u00e1reas cient\u00edfico-tecnol\u00f3gicas y tiene como objetivo principal incrementar el ingreso, la permanencia y la graduaci\u00f3n de estudiantes de carreras del sector energ\u00e9tico, fundamentales para el desarrollo productivo y tecnol\u00f3gico del pa\u00eds. Para contribuir a la formaci\u00f3n de estudiantes de \u00e1reas cient\u00edfico-tecnol\u00f3gicas, la Fundaci\u00f3n YPF abri\u00f3 la convocatoria\u2026","rel":"","context":"En \u00abSociedad\u00bb","block_context":{"text":"Sociedad","link":"http:\/\/www.24baires.com\/?cat=1"},"img":{"alt_text":"","src":"https:\/\/i0.wp.com\/www.24baires.com\/wp-content\/uploads\/2012\/12\/ypf.jpg?resize=350%2C200","width":350,"height":200},"classes":[]},{"id":46717,"url":"http:\/\/www.24baires.com\/?p=46717","url_meta":{"origin":75655,"position":5},"title":"Provincia presenta herramientas de gesti\u00f3n para creaci\u00f3n de pymes","author":"AF","date":"25\/05\/2014","format":false,"excerpt":"El ministro de la Producci\u00f3n, Ciencia y Tecnolog\u00eda, Cristian Breitenstein, presentar\u00e1 el pr\u00f3ximo martes las herramientas y pol\u00edticas de gesti\u00f3n para la creaci\u00f3n y el fortalecimiento de peque\u00f1as y medianas empresas e industrias en la provincia de Buenos Aires 2014-2015, en el marco de una Jornada de Desarrollo Productivo. El\u2026","rel":"","context":"En \u00abEconom\u00eda\u00bb","block_context":{"text":"Econom\u00eda","link":"http:\/\/www.24baires.com\/?cat=45"},"img":{"alt_text":"breitenstein2","src":"https:\/\/i0.wp.com\/www.24baires.com\/wp-content\/uploads\/2014\/05\/breitenstein2.jpg?resize=350%2C200","width":350,"height":200,"srcset":"https:\/\/i0.wp.com\/www.24baires.com\/wp-content\/uploads\/2014\/05\/breitenstein2.jpg?resize=350%2C200 1x, https:\/\/i0.wp.com\/www.24baires.com\/wp-content\/uploads\/2014\/05\/breitenstein2.jpg?resize=525%2C300 1.5x"},"classes":[]}],"jetpack_sharing_enabled":true,"jetpack_likes_enabled":true,"jetpack_featured_media_url":"","_links":{"self":[{"href":"http:\/\/www.24baires.com\/index.php?rest_route=\/wp\/v2\/posts\/75655","targetHints":{"allow":["GET"]}}],"collection":[{"href":"http:\/\/www.24baires.com\/index.php?rest_route=\/wp\/v2\/posts"}],"about":[{"href":"http:\/\/www.24baires.com\/index.php?rest_route=\/wp\/v2\/types\/post"}],"author":[{"embeddable":true,"href":"http:\/\/www.24baires.com\/index.php?rest_route=\/wp\/v2\/users\/8"}],"replies":[{"embeddable":true,"href":"http:\/\/www.24baires.com\/index.php?rest_route=%2Fwp%2Fv2%2Fcomments&post=75655"}],"version-history":[{"count":1,"href":"http:\/\/www.24baires.com\/index.php?rest_route=\/wp\/v2\/posts\/75655\/revisions"}],"predecessor-version":[{"id":75657,"href":"http:\/\/www.24baires.com\/index.php?rest_route=\/wp\/v2\/posts\/75655\/revisions\/75657"}],"wp:attachment":[{"href":"http:\/\/www.24baires.com\/index.php?rest_route=%2Fwp%2Fv2%2Fmedia&parent=75655"}],"wp:term":[{"taxonomy":"category","embeddable":true,"href":"http:\/\/www.24baires.com\/index.php?rest_route=%2Fwp%2Fv2%2Fcategories&post=75655"},{"taxonomy":"post_tag","embeddable":true,"href":"http:\/\/www.24baires.com\/index.php?rest_route=%2Fwp%2Fv2%2Ftags&post=75655"}],"curies":[{"name":"wp","href":"https:\/\/api.w.org\/{rel}","templated":true}]}}