{"id":75632,"date":"2015-11-26T11:00:43","date_gmt":"2015-11-26T14:00:43","guid":{"rendered":"http:\/\/www.24baires.com\/?p=75632"},"modified":"2015-11-26T11:10:20","modified_gmt":"2015-11-26T14:10:20","slug":"carlos-melconian-sera-el-nuevo-presidente-del-banco-nacion","status":"publish","type":"post","link":"http:\/\/www.24baires.com\/?p=75632","title":{"rendered":"Carlos Melconian ser\u00e1 el nuevo presidente del Banco Naci\u00f3n"},"content":{"rendered":"<p><img data-recalc-dims=\"1\" loading=\"lazy\" decoding=\"async\" class=\"aligncenter size-full wp-image-69797\" src=\"https:\/\/i0.wp.com\/www.24baires.com\/wp-content\/uploads\/2015\/07\/i20671-espert-y-melconian-631.jpg?resize=560%2C248\" alt=\"i20671-espert-y-melconian-631\" width=\"560\" height=\"248\" srcset=\"https:\/\/i0.wp.com\/www.24baires.com\/wp-content\/uploads\/2015\/07\/i20671-espert-y-melconian-631.jpg?w=560 560w, https:\/\/i0.wp.com\/www.24baires.com\/wp-content\/uploads\/2015\/07\/i20671-espert-y-melconian-631.jpg?resize=300%2C133 300w\" sizes=\"auto, (max-width: 560px) 100vw, 560px\" \/>El economista anunci\u00f3 que estar\u00e1 al frente del Banco de la Naci\u00f3n Argentina a partir del pr\u00f3ximo 10 de diciembre, cuando asuma Mauricio Macri como presidente.<!--more--><\/p>\n<p>\u00abVoy a estar al frente de una entidad que tiene una enorme capacidad de llegada y me he dado cuenta de eso con el solo nombramiento; desde ese lugar voy a trabajar\u00bb, dijo uno de los principales asesores de Macri, en declaraciones formuladas esta ma\u00f1ana a Radio Con Vos.<\/p>\n<p>El economista ocupar\u00e1 el cargo que se encuentra vacante en la entidad tras la renuncia de Juan Ignacio Forl\u00f3n, quien fue designado para integrar la Auditor\u00eda General de la Naci\u00f3n.<\/p>\n<p>Por otra parte, consultado sobre la unificaci\u00f3n del tipo de cambio, Melconian explic\u00f3 que \u00abla devaluaci\u00f3n no es una medida en s\u00ed misma, es parte de un programa que acompa\u00f1a, hay que ponerla en un contexto\u00bb.<\/p>\n<p>En ese sentido, explic\u00f3 que \u00abla moneda ya est\u00e1 devaluada en Argentina, el gobierno que m\u00e1s devalu\u00f3 fue \u00e9ste, y se acordaron tarde del salario\u00bb, y consider\u00f3 que \u00abel mayor problema macro de Argentina es que hace cuatro a\u00f1os que no crece\u00bb.<\/p>\n","protected":false},"excerpt":{"rendered":"<p>El economista anunci\u00f3 que estar\u00e1 al frente del Banco de la Naci\u00f3n Argentina a partir del pr\u00f3ximo 10 de diciembre, cuando asuma Mauricio Macri como presidente.<\/p>\n","protected":false},"author":4,"featured_media":0,"comment_status":"open","ping_status":"open","sticky":false,"template":"","format":"standard","meta":{"_jetpack_newsletter_access":"","_jetpack_dont_email_post_to_subs":false,"_jetpack_newsletter_tier_id":0,"_jetpack_memberships_contains_paywalled_content":false,"_jetpack_memberships_contains_paid_content":false,"footnotes":""},"categories":[51],"tags":[],"class_list":["post-75632","post","type-post","status-publish","format-standard","hentry","category-politica"],"jetpack_shortlink":"https:\/\/wp.me\/p2JWE0-jFS","jetpack-related-posts":[{"id":91704,"url":"http:\/\/www.24baires.com\/?p=91704","url_meta":{"origin":75632,"position":0},"title":"Siguen las bajas en el Gobierno: se van Melconian del Banco Naci\u00f3n y Cha\u00edn de Obras P\u00fablicas","author":"GB","date":"18\/01\/2017","format":false,"excerpt":"El economista Javier Gonz\u00e1lez Fraga fue designado hoy como presidente del Banco de la Naci\u00f3n Argentina, en lugar de Carlos Melconi\u00e1n, inform\u00f3 oficialmente la Presidencia de la Naci\u00f3n. Tambi\u00e9n renunci\u00f3 Daniel Cha\u00edn. Un comunicado del Gobierno de las 13 horas inform\u00f3 que \"Javier Gonz\u00e1lez Fraga es el nuevo Presidente del\u2026","rel":"","context":"En \u00abEconom\u00eda\u00bb","block_context":{"text":"Econom\u00eda","link":"http:\/\/www.24baires.com\/?cat=45"},"img":{"alt_text":"","src":"https:\/\/i0.wp.com\/www.24baires.com\/wp-content\/uploads\/2015\/11\/melconian1.jpg?resize=350%2C200","width":350,"height":200},"classes":[]},{"id":104192,"url":"http:\/\/www.24baires.com\/?p=104192","url_meta":{"origin":75632,"position":1},"title":"El peso se volvi\u00f3 a devaluar y el d\u00f3lar super\u00f3 los 40 pesos","author":"GB","date":"30\/08\/2018","format":false,"excerpt":"Casas de cambio y bancos venden la divisa estadounidense a m\u00e1s de 40 pesos. La entidad conducida por Caputo emiti\u00f3 un comunicado donde indica que sube la tasa de inter\u00e9s e incrementa los encajes bancarios 5%. El d\u00f3lar comenz\u00f3 la jornada a 35 pesos, lleg\u00f3 a los 40 y ahora\u2026","rel":"","context":"En \u00abEconom\u00eda\u00bb","block_context":{"text":"Econom\u00eda","link":"http:\/\/www.24baires.com\/?cat=45"},"img":{"alt_text":"","src":"https:\/\/i0.wp.com\/www.24baires.com\/wp-content\/uploads\/2018\/07\/d%C3%B3lar.jpg?resize=350%2C200","width":350,"height":200,"srcset":"https:\/\/i0.wp.com\/www.24baires.com\/wp-content\/uploads\/2018\/07\/d%C3%B3lar.jpg?resize=350%2C200 1x, https:\/\/i0.wp.com\/www.24baires.com\/wp-content\/uploads\/2018\/07\/d%C3%B3lar.jpg?resize=525%2C300 1.5x"},"classes":[]},{"id":70653,"url":"http:\/\/www.24baires.com\/?p=70653","url_meta":{"origin":75632,"position":2},"title":"Economistas del PRO y del Frente Renovador coinciden en que \u00abhay que devaluar\u00bb","author":"AF","date":"15\/08\/2015","format":false,"excerpt":"As\u00ed lo afirmaron Carlos Melconian y Mart\u00edn Redrado en un debate organizado por el Consejo Profesional de Ciencias Econ\u00f3micas de la Ciudad de Buenos Aires. Durante un debate organizado por el Consejo Profesional de Ciencias Econ\u00f3micas de la ciudad de Buenos Aires, Carlos Melconian y Mart\u00edn Redrado afirmaron que es\u2026","rel":"","context":"En \u00abEconom\u00eda\u00bb","block_context":{"text":"Econom\u00eda","link":"http:\/\/www.24baires.com\/?cat=45"},"img":{"alt_text":"","src":"https:\/\/i0.wp.com\/www.24baires.com\/wp-content\/uploads\/2015\/08\/redrado-melconian.jpg?resize=350%2C200","width":350,"height":200,"srcset":"https:\/\/i0.wp.com\/www.24baires.com\/wp-content\/uploads\/2015\/08\/redrado-melconian.jpg?resize=350%2C200 1x, https:\/\/i0.wp.com\/www.24baires.com\/wp-content\/uploads\/2015\/08\/redrado-melconian.jpg?resize=525%2C300 1.5x"},"classes":[]},{"id":78777,"url":"http:\/\/www.24baires.com\/?p=78777","url_meta":{"origin":75632,"position":3},"title":"Jubilados que cobren por el Naci\u00f3n podr\u00e1n solicitar hasta $80 mil de cr\u00e9dito","author":"AF","date":"11\/02\/2016","format":false,"excerpt":"Lo confirm\u00f3 el Presidente del Banco Naci\u00f3n, Carlos Melconian, para \"todos los jubilados que cobran\" sus haberes a trav\u00e9s de la entidad financiera p\u00fablica y precis\u00f3 que \"la intenci\u00f3n es ponerlo en pr\u00e1ctica el 1\u00b0 de marzo a m\u00e1s tardar\". Melconian explic\u00f3 que los pr\u00e9stamos del Naci\u00f3n a los jubilados\u2026","rel":"","context":"En \u00abEconom\u00eda\u00bb","block_context":{"text":"Econom\u00eda","link":"http:\/\/www.24baires.com\/?cat=45"},"img":{"alt_text":"jubilados2","src":"https:\/\/i0.wp.com\/www.24baires.com\/wp-content\/uploads\/2014\/05\/jubilados2.jpg?resize=350%2C200","width":350,"height":200,"srcset":"https:\/\/i0.wp.com\/www.24baires.com\/wp-content\/uploads\/2014\/05\/jubilados2.jpg?resize=350%2C200 1x, https:\/\/i0.wp.com\/www.24baires.com\/wp-content\/uploads\/2014\/05\/jubilados2.jpg?resize=525%2C300 1.5x"},"classes":[]},{"id":74570,"url":"http:\/\/www.24baires.com\/?p=74570","url_meta":{"origin":75632,"position":4},"title":"Melconian advirti\u00f3 que \u00abya no se pueden subir m\u00e1s sueldos y jubilaciones\u00bb","author":"GB","date":"03\/11\/2015","format":false,"excerpt":"Uno de los principales referentes econ\u00f3micos de Cambiemos lo dijo durante un debate en el que particip\u00f3 junto con el presidente del Banco Provincia y asesor del candidato presidencial del FpV, Gustavo Marangoni. Carlos Melconian y Gustavo Marangoni, ambos referentes econ\u00f3micos de los candidatos que van a disputar el balotaje\u2026","rel":"","context":"En \u00abEconom\u00eda\u00bb","block_context":{"text":"Econom\u00eda","link":"http:\/\/www.24baires.com\/?cat=45"},"img":{"alt_text":"","src":"https:\/\/i0.wp.com\/www.24baires.com\/wp-content\/uploads\/2015\/11\/melconian.jpg?resize=350%2C200","width":350,"height":200},"classes":[]},{"id":95011,"url":"http:\/\/www.24baires.com\/?p=95011","url_meta":{"origin":75632,"position":5},"title":"\u00abOjo, porque se puede ir todo a la mierda\u00bb, dijo Melconian","author":"GB","date":"06\/06\/2017","format":false,"excerpt":"El ex presidente del Banco Naci\u00f3n disert\u00f3 en un congreso y sorprendi\u00f3 a todos. \"Este a\u00f1o vamos a tener m\u00e1s d\u00e9ficit que en los dos a\u00f1os anteriores\", resalt\u00f3. El ex presidente del Banco Naci\u00f3n Carlos Melconi\u00e1n advirti\u00f3 este martes que en el \u00faltimo a\u00f1o y medio el gasto p\u00fablico \"aument\u00f3,\u2026","rel":"","context":"En \u00abEconom\u00eda\u00bb","block_context":{"text":"Econom\u00eda","link":"http:\/\/www.24baires.com\/?cat=45"},"img":{"alt_text":"","src":"https:\/\/i0.wp.com\/www.24baires.com\/wp-content\/uploads\/2015\/07\/i20671-espert-y-melconian-631.jpg?resize=350%2C200","width":350,"height":200,"srcset":"https:\/\/i0.wp.com\/www.24baires.com\/wp-content\/uploads\/2015\/07\/i20671-espert-y-melconian-631.jpg?resize=350%2C200 1x, https:\/\/i0.wp.com\/www.24baires.com\/wp-content\/uploads\/2015\/07\/i20671-espert-y-melconian-631.jpg?resize=525%2C300 1.5x"},"classes":[]}],"jetpack_sharing_enabled":true,"jetpack_likes_enabled":true,"jetpack_featured_media_url":"","_links":{"self":[{"href":"http:\/\/www.24baires.com\/index.php?rest_route=\/wp\/v2\/posts\/75632","targetHints":{"allow":["GET"]}}],"collection":[{"href":"http:\/\/www.24baires.com\/index.php?rest_route=\/wp\/v2\/posts"}],"about":[{"href":"http:\/\/www.24baires.com\/index.php?rest_route=\/wp\/v2\/types\/post"}],"author":[{"embeddable":true,"href":"http:\/\/www.24baires.com\/index.php?rest_route=\/wp\/v2\/users\/4"}],"replies":[{"embeddable":true,"href":"http:\/\/www.24baires.com\/index.php?rest_route=%2Fwp%2Fv2%2Fcomments&post=75632"}],"version-history":[{"count":1,"href":"http:\/\/www.24baires.com\/index.php?rest_route=\/wp\/v2\/posts\/75632\/revisions"}],"predecessor-version":[{"id":75633,"href":"http:\/\/www.24baires.com\/index.php?rest_route=\/wp\/v2\/posts\/75632\/revisions\/75633"}],"wp:attachment":[{"href":"http:\/\/www.24baires.com\/index.php?rest_route=%2Fwp%2Fv2%2Fmedia&parent=75632"}],"wp:term":[{"taxonomy":"category","embeddable":true,"href":"http:\/\/www.24baires.com\/index.php?rest_route=%2Fwp%2Fv2%2Fcategories&post=75632"},{"taxonomy":"post_tag","embeddable":true,"href":"http:\/\/www.24baires.com\/index.php?rest_route=%2Fwp%2Fv2%2Ftags&post=75632"}],"curies":[{"name":"wp","href":"https:\/\/api.w.org\/{rel}","templated":true}]}}