{"id":75629,"date":"2015-11-26T10:30:57","date_gmt":"2015-11-26T13:30:57","guid":{"rendered":"http:\/\/www.24baires.com\/?p=75629"},"modified":"2015-11-27T09:34:43","modified_gmt":"2015-11-27T12:34:43","slug":"anibal-fernandez-confirmo-que-cristina-avalo-la-continuidad-de-baranao","status":"publish","type":"post","link":"http:\/\/www.24baires.com\/?p=75629","title":{"rendered":"An\u00edbal Fern\u00e1ndez confirm\u00f3 que Cristina aval\u00f3 la continuidad de Bara\u00f1ao"},"content":{"rendered":"<p><img data-recalc-dims=\"1\" loading=\"lazy\" decoding=\"async\" class=\"aligncenter size-full wp-image-63981\" src=\"https:\/\/i0.wp.com\/www.24baires.com\/wp-content\/uploads\/2015\/04\/anibal-conferencia.jpg?resize=560%2C379\" alt=\"anibal conferencia\" width=\"560\" height=\"379\" srcset=\"https:\/\/i0.wp.com\/www.24baires.com\/wp-content\/uploads\/2015\/04\/anibal-conferencia.jpg?w=560 560w, https:\/\/i0.wp.com\/www.24baires.com\/wp-content\/uploads\/2015\/04\/anibal-conferencia.jpg?resize=300%2C203 300w\" sizes=\"auto, (max-width: 560px) 100vw, 560px\" \/>El Jefe de Gabinete confirm\u00f3 que la continuidad de Lino Bara\u00f1ao al frente de la cartera de Ciencia y Tecnolog\u00eda, en el gobierno de Mauricio Macri, ratifica que se ha aplicado \u201cuna pol\u00edtica de Estado\u201d.<!--more--><\/p>\n<p>Lo expres\u00f3 en su habitual encuentro con periodistas en la Casa Rosada y subray\u00f3 que la continuidad de Bara\u00f1ao en el gabinete de Macri significa \u201cseguir adelante con esa tarea\u201d.<\/p>\n<p>A\u00f1adi\u00f3 que \u201ccomo corresponde a cualquier persona de bien se puso al habla con la presidenta, quien le dio su aprobaci\u00f3n en tanto y en cuanto se sostuvieran los equipos y se garantizara el financiamiento\u201d de esa \u00e1rea.<\/p>\n<p>Destac\u00f3 que el ministro Bara\u00f1ao \u00abtiene muchos a\u00f1os en esa tarea y particip\u00f3 como qu\u00edmico en la clonaci\u00f3n de la primera ternera de Iberoamerica por su gran preparaci\u00f3n y conocimiento elevado\u201d, con lo cual \u201csu figura se hace patrimonio del Estado aunque parezca grueso el t\u00e9rmino que estoy utilizando\u00bb.<\/p>\n<p>En ese marco, Fern\u00e1ndez destac\u00f3 que \u00abmi futuro sucesor (Marcos Pe\u00f1a) tuvo la delicadeza de mencionar que Bara\u00f1ao consult\u00f3 a la Presidenta y que ella lo hab\u00eda avalado\u00bb.<\/p>\n<p>Subray\u00f3 que Bara\u00f1ao est\u00e1 al frente de la cartera de Ciencia y Tecnolog\u00eda desde 2007 y \u00abpor lo tanto entendemos que esta designaci\u00f3n es un reconocimiento a la pol\u00edtica cient\u00edfico-tecnol\u00f3gica que ha llevado a cabo este gobierno\u00bb.<\/p>\n","protected":false},"excerpt":{"rendered":"<p>El Jefe de Gabinete confirm\u00f3 que la continuidad de Lino Bara\u00f1ao al frente de la cartera de Ciencia y Tecnolog\u00eda, en el gobierno de Mauricio Macri, ratifica que se ha aplicado \u201cuna pol\u00edtica de Estado\u201d.<\/p>\n","protected":false},"author":4,"featured_media":0,"comment_status":"open","ping_status":"open","sticky":false,"template":"","format":"standard","meta":{"_jetpack_newsletter_access":"","_jetpack_dont_email_post_to_subs":false,"_jetpack_newsletter_tier_id":0,"_jetpack_memberships_contains_paywalled_content":false,"_jetpack_memberships_contains_paid_content":false,"footnotes":""},"categories":[51],"tags":[],"class_list":["post-75629","post","type-post","status-publish","format-standard","hentry","category-politica"],"jetpack_shortlink":"https:\/\/wp.me\/p2JWE0-jFP","jetpack-related-posts":[{"id":31108,"url":"http:\/\/www.24baires.com\/?p=31108","url_meta":{"origin":75629,"position":0},"title":"Bara\u00f1ao propuso \u201cun pa\u00eds que base su riqueza en el conocimiento\u201d","author":"GB","date":"01\/09\/2013","format":false,"excerpt":"LA MATANZA-El ministro de Ciencia y Tecnolog\u00eda de la Naci\u00f3n, Lino Bara\u00f1ao, visit\u00f3 la Universidad Nacional de La Matanza (UNLaM) en el marco de las \u201cJornadas Program.ar\u201d, que persiguen el objetivo de vincular a los j\u00f3venes con las herramientas de programaci\u00f3n. Fue recibido por el Rector Daniel Mart\u00ednez y ofreci\u00f3\u2026","rel":"","context":"En \u00abLocales\u00bb","block_context":{"text":"Locales","link":"http:\/\/www.24baires.com\/?cat=38"},"img":{"alt_text":"","src":"","width":0,"height":0},"classes":[]},{"id":93066,"url":"http:\/\/www.24baires.com\/?p=93066","url_meta":{"origin":75629,"position":1},"title":"Bara\u00f1ao fue abucheado por cient\u00edficos y debi\u00f3 abandonar un congreso","author":"GB","date":"14\/03\/2017","format":false,"excerpt":"El ministro de Ciencia y Tecnolog\u00eda intent\u00f3 disertar en el encuentro \"Cannabis sapiens\" que se realiza durante la \"Semana del Cerebro\" y fue repudiado por la comunidad cient\u00edfica. El ministro de Ciencia y Tecnolog\u00eda, Lino Bara\u00f1ao, se tuvo que ir abucheado del encuentro \"Cannabis sapiens\" que se realiza durante la\u2026","rel":"","context":"En \u00abPol\u00edtica\u00bb","block_context":{"text":"Pol\u00edtica","link":"http:\/\/www.24baires.com\/?cat=51"},"img":{"alt_text":"","src":"https:\/\/i0.wp.com\/www.24baires.com\/wp-content\/uploads\/2015\/12\/bara%C3%B1ao.jpg?resize=350%2C200","width":350,"height":200,"srcset":"https:\/\/i0.wp.com\/www.24baires.com\/wp-content\/uploads\/2015\/12\/bara%C3%B1ao.jpg?resize=350%2C200 1x, https:\/\/i0.wp.com\/www.24baires.com\/wp-content\/uploads\/2015\/12\/bara%C3%B1ao.jpg?resize=525%2C300 1.5x"},"classes":[]},{"id":75611,"url":"http:\/\/www.24baires.com\/?p=75611","url_meta":{"origin":75629,"position":2},"title":"As\u00ed ser\u00e1 el Gabinete de Macri","author":"GB","date":"25\/11\/2015","format":false,"excerpt":"El designado jefe de Gabinete anunci\u00f3 los nombres de quienes ocupar\u00e1n los ministerios: Alfonso Prat Gay, al frente de Hacienda y Finanzas; Rogelio Frigerio en Interior; Esteban Bullrich en la cartera educativa; Patricia Bullrich en Seguridad y Guillermo Dietrich en Transporte, entre otros. Adem\u00e1s, Julio Mart\u00ednez ser\u00e1 ministro de Defensa;\u2026","rel":"","context":"En \u00abPol\u00edtica\u00bb","block_context":{"text":"Pol\u00edtica","link":"http:\/\/www.24baires.com\/?cat=51"},"img":{"alt_text":"","src":"https:\/\/i0.wp.com\/www.24baires.com\/wp-content\/uploads\/2015\/11\/pe%C3%B1a.jpg?resize=350%2C200","width":350,"height":200,"srcset":"https:\/\/i0.wp.com\/www.24baires.com\/wp-content\/uploads\/2015\/11\/pe%C3%B1a.jpg?resize=350%2C200 1x, https:\/\/i0.wp.com\/www.24baires.com\/wp-content\/uploads\/2015\/11\/pe%C3%B1a.jpg?resize=525%2C300 1.5x"},"classes":[]},{"id":102576,"url":"http:\/\/www.24baires.com\/?p=102576","url_meta":{"origin":75629,"position":3},"title":"Una encuesta asegura que la mayor\u00eda de los funcionarios de Macri tiene mala imagen","author":"AF","date":"06\/06\/2018","format":false,"excerpt":"Solo cuatro funcionarios de Cambiemos tienen m\u00e1s imagen positiva que negativa. Un Gobierno impopular con todas las letras. En medio de una inflaci\u00f3n que no cesa, salarios casi congelados, recortes a las jubilaciones y el ruego al FMI por algunos miles de millones de d\u00f3lares, el gobierno de Mauricio Macri\u2026","rel":"","context":"En \u00abPol\u00edtica\u00bb","block_context":{"text":"Pol\u00edtica","link":"http:\/\/www.24baires.com\/?cat=51"},"img":{"alt_text":"","src":"https:\/\/i0.wp.com\/www.24baires.com\/wp-content\/uploads\/2016\/09\/triaca.jpg?resize=350%2C200","width":350,"height":200,"srcset":"https:\/\/i0.wp.com\/www.24baires.com\/wp-content\/uploads\/2016\/09\/triaca.jpg?resize=350%2C200 1x, https:\/\/i0.wp.com\/www.24baires.com\/wp-content\/uploads\/2016\/09\/triaca.jpg?resize=525%2C300 1.5x"},"classes":[]},{"id":103049,"url":"http:\/\/www.24baires.com\/?p=103049","url_meta":{"origin":75629,"position":4},"title":"Trabajadores ocuparon el Conicet contra el ajuste","author":"AF","date":"28\/06\/2018","format":false,"excerpt":"Son cerca de 600 becarios que tomaron de manera pac\u00edfica el ministerio de Ciencia. Las protestas se replican en los Centro Cient\u00edficos Tecnol\u00f3gicos de otras partes del pa\u00eds. El gobierno de Mauricio Macri avanza a paso firme en su pol\u00edtica de profundizar el ajuste a instancias del acuerdo alcanzado con\u2026","rel":"","context":"En \u00abSociedad\u00bb","block_context":{"text":"Sociedad","link":"http:\/\/www.24baires.com\/?cat=1"},"img":{"alt_text":"","src":"https:\/\/i0.wp.com\/www.24baires.com\/wp-content\/uploads\/2018\/06\/conicet.jpg?resize=350%2C200","width":350,"height":200,"srcset":"https:\/\/i0.wp.com\/www.24baires.com\/wp-content\/uploads\/2018\/06\/conicet.jpg?resize=350%2C200 1x, https:\/\/i0.wp.com\/www.24baires.com\/wp-content\/uploads\/2018\/06\/conicet.jpg?resize=525%2C300 1.5x"},"classes":[]},{"id":30378,"url":"http:\/\/www.24baires.com\/?p=30378","url_meta":{"origin":75629,"position":5},"title":"Se repatriar\u00e1 al cient\u00edfico n\u00famero mil","author":"GB","date":"18\/08\/2013","format":false,"excerpt":"El ministro de Ciencia, Lino Bara\u00f1ao, anticip\u00f3 que \"en breve estaremos festejando el repatriado n\u00famero mil\", gracias al Programa Ra\u00edces (Red de Argentinos Investigadores y Cient\u00edficos en el Exterior). Y destac\u00f3 que la reinserci\u00f3n laboral est\u00e1 garantizada por el Estado. El plan de la cartera, iniciado a fines de 2008,\u2026","rel":"","context":"En \u00abSociedad\u00bb","block_context":{"text":"Sociedad","link":"http:\/\/www.24baires.com\/?cat=1"},"img":{"alt_text":"","src":"","width":0,"height":0},"classes":[]}],"jetpack_sharing_enabled":true,"jetpack_likes_enabled":true,"jetpack_featured_media_url":"","_links":{"self":[{"href":"http:\/\/www.24baires.com\/index.php?rest_route=\/wp\/v2\/posts\/75629","targetHints":{"allow":["GET"]}}],"collection":[{"href":"http:\/\/www.24baires.com\/index.php?rest_route=\/wp\/v2\/posts"}],"about":[{"href":"http:\/\/www.24baires.com\/index.php?rest_route=\/wp\/v2\/types\/post"}],"author":[{"embeddable":true,"href":"http:\/\/www.24baires.com\/index.php?rest_route=\/wp\/v2\/users\/4"}],"replies":[{"embeddable":true,"href":"http:\/\/www.24baires.com\/index.php?rest_route=%2Fwp%2Fv2%2Fcomments&post=75629"}],"version-history":[{"count":1,"href":"http:\/\/www.24baires.com\/index.php?rest_route=\/wp\/v2\/posts\/75629\/revisions"}],"predecessor-version":[{"id":75630,"href":"http:\/\/www.24baires.com\/index.php?rest_route=\/wp\/v2\/posts\/75629\/revisions\/75630"}],"wp:attachment":[{"href":"http:\/\/www.24baires.com\/index.php?rest_route=%2Fwp%2Fv2%2Fmedia&parent=75629"}],"wp:term":[{"taxonomy":"category","embeddable":true,"href":"http:\/\/www.24baires.com\/index.php?rest_route=%2Fwp%2Fv2%2Fcategories&post=75629"},{"taxonomy":"post_tag","embeddable":true,"href":"http:\/\/www.24baires.com\/index.php?rest_route=%2Fwp%2Fv2%2Ftags&post=75629"}],"curies":[{"name":"wp","href":"https:\/\/api.w.org\/{rel}","templated":true}]}}