{"id":75611,"date":"2015-11-25T18:15:21","date_gmt":"2015-11-25T21:15:21","guid":{"rendered":"http:\/\/www.24baires.com\/?p=75611"},"modified":"2015-11-26T11:01:37","modified_gmt":"2015-11-26T14:01:37","slug":"asi-sera-el-gabinete-de-macri","status":"publish","type":"post","link":"http:\/\/www.24baires.com\/?p=75611","title":{"rendered":"As\u00ed ser\u00e1 el Gabinete de Macri"},"content":{"rendered":"<p><img data-recalc-dims=\"1\" loading=\"lazy\" decoding=\"async\" src=\"https:\/\/i0.wp.com\/www.24baires.com\/wp-content\/uploads\/2015\/11\/pe%C3%B1a.jpg?resize=560%2C313\" alt=\"pe\u00f1a\" width=\"560\" height=\"313\" class=\"aligncenter size-full wp-image-75612\" srcset=\"https:\/\/i0.wp.com\/www.24baires.com\/wp-content\/uploads\/2015\/11\/pe%C3%B1a.jpg?w=560 560w, https:\/\/i0.wp.com\/www.24baires.com\/wp-content\/uploads\/2015\/11\/pe%C3%B1a.jpg?resize=300%2C168 300w\" sizes=\"auto, (max-width: 560px) 100vw, 560px\" \/>El designado jefe de Gabinete anunci\u00f3 los nombres de quienes ocupar\u00e1n los ministerios: Alfonso Prat Gay, al frente de Hacienda y Finanzas; Rogelio Frigerio en Interior; Esteban Bullrich en la cartera educativa; Patricia Bullrich en Seguridad y Guillermo Dietrich en Transporte, entre otros.<!--more--><\/p>\n<p>Adem\u00e1s, Julio Mart\u00ednez ser\u00e1 ministro de Defensa; Lino Bara\u00f1ao continuar\u00e1 al frente del Ministerio de Ciencia y Tecnolog\u00eda y Patricia Bullrich ser\u00e1 designada en el Ministerio de Seguridad.<\/p>\n<p>Carolina Stanley conducir\u00e1 la cartera de Desarrollo Social y Francisco Cabrera ser\u00e1 ministro de Desarrollo, mientras que Jorge Lemus ser\u00e1 ministro de Salud y Ricardo Buryaile, de Agricultura.<\/p>\n<p>Pe\u00f1a dijo adem\u00e1s que Oscar Aguad ser\u00e1 el nuevo ministro de Comunicaciones y ratific\u00f3 que Hern\u00e1n Lombardi estar\u00e1 al frente de los medios p\u00fablicos. <\/p>\n<p>Resta a\u00fan definir al ministro de Trabajo.<\/p>\n","protected":false},"excerpt":{"rendered":"<p>El designado jefe de Gabinete anunci\u00f3 los nombres de quienes ocupar\u00e1n los ministerios: Alfonso Prat Gay, al frente de Hacienda y Finanzas; Rogelio Frigerio en Interior; Esteban Bullrich en la cartera educativa; Patricia Bullrich en Seguridad y Guillermo Dietrich en Transporte, entre otros.<\/p>\n","protected":false},"author":8,"featured_media":0,"comment_status":"open","ping_status":"open","sticky":false,"template":"","format":"standard","meta":{"_jetpack_newsletter_access":"","_jetpack_dont_email_post_to_subs":false,"_jetpack_newsletter_tier_id":0,"_jetpack_memberships_contains_paywalled_content":false,"_jetpack_memberships_contains_paid_content":false,"footnotes":""},"categories":[51],"tags":[],"class_list":["post-75611","post","type-post","status-publish","format-standard","hentry","category-politica"],"jetpack_shortlink":"https:\/\/wp.me\/p2JWE0-jFx","jetpack-related-posts":[{"id":120690,"url":"http:\/\/www.24baires.com\/?p=120690","url_meta":{"origin":75611,"position":0},"title":"Bullrich vuelve a Seguridad y crece la influencia de Macri","author":"AF","date":"24\/11\/2023","format":false,"excerpt":"La excandidata a presidente de Juntos por el Cambio volver\u00e1 a estar al frente de la cartera que ejerci\u00f3 entre 2015 y 2019. Tambi\u00e9n, este jueves se inform\u00f3 que Carolina P\u00edparo no estar\u00e1 al frente de la ANSES, tal como se hab\u00eda anunciado. El presidente electo Javier Milei continu\u00f3 en\u2026","rel":"","context":"En \u00abPol\u00edtica\u00bb","block_context":{"text":"Pol\u00edtica","link":"http:\/\/www.24baires.com\/?cat=51"},"img":{"alt_text":"","src":"https:\/\/i0.wp.com\/www.24baires.com\/wp-content\/uploads\/2023\/11\/bullrich.jpg?resize=350%2C200","width":350,"height":200,"srcset":"https:\/\/i0.wp.com\/www.24baires.com\/wp-content\/uploads\/2023\/11\/bullrich.jpg?resize=350%2C200 1x, https:\/\/i0.wp.com\/www.24baires.com\/wp-content\/uploads\/2023\/11\/bullrich.jpg?resize=525%2C300 1.5x, https:\/\/i0.wp.com\/www.24baires.com\/wp-content\/uploads\/2023\/11\/bullrich.jpg?resize=700%2C400 2x, https:\/\/i0.wp.com\/www.24baires.com\/wp-content\/uploads\/2023\/11\/bullrich.jpg?resize=1050%2C600 3x"},"classes":[]},{"id":113316,"url":"http:\/\/www.24baires.com\/?p=113316","url_meta":{"origin":75611,"position":1},"title":"\u00abHay una situaci\u00f3n de emergencia en la provincia\u00bb","author":"AF","date":"09\/12\/2019","format":false,"excerpt":"El gobernador bonaerense electo, Axel Kicillof, confirm\u00f3 esta tarde su Gabinete, con Pablo L\u00f3pez como ministro de Hacienda y Sergio Berni al frente de la cartera de Seguridad. En tanto, Augusto Costa ser\u00e1 ministro de Producci\u00f3n, Ciencia e Innovaci\u00f3n Tecnol\u00f3gica; Julio Alak encabezar\u00e1 la cartera de Justicia y Derechos Humanos,\u2026","rel":"","context":"En \u00abProvincia\u00bb","block_context":{"text":"Provincia","link":"http:\/\/www.24baires.com\/?cat=40"},"img":{"alt_text":"","src":"https:\/\/i0.wp.com\/www.24baires.com\/wp-content\/uploads\/2014\/01\/axelkicillof.jpg?resize=350%2C200","width":350,"height":200,"srcset":"https:\/\/i0.wp.com\/www.24baires.com\/wp-content\/uploads\/2014\/01\/axelkicillof.jpg?resize=350%2C200 1x, https:\/\/i0.wp.com\/www.24baires.com\/wp-content\/uploads\/2014\/01\/axelkicillof.jpg?resize=525%2C300 1.5x"},"classes":[]},{"id":120723,"url":"http:\/\/www.24baires.com\/?p=120723","url_meta":{"origin":75611,"position":2},"title":"A d\u00edas de asumir, Milei a\u00fan no logra completar su gabinete","author":"AF","date":"05\/12\/2023","format":false,"excerpt":"Desde la AFI a Salud, varias de las \u00e1reas de gesti\u00f3n contin\u00faan vacantes. Apurado por la cercan\u00eda del 10 de diciembre, Milei atiende posibles candidatos en un hotel de Retiro y apura definiciones. Reuniones, una tras otra. Tel\u00e9fonos sonando a toda hora y definiciones a contrarreloj. As\u00ed fue la jornada\u2026","rel":"","context":"En \u00abPol\u00edtica\u00bb","block_context":{"text":"Pol\u00edtica","link":"http:\/\/www.24baires.com\/?cat=51"},"img":{"alt_text":"","src":"https:\/\/i0.wp.com\/www.24baires.com\/wp-content\/uploads\/2023\/12\/milei.jpg?resize=350%2C200","width":350,"height":200,"srcset":"https:\/\/i0.wp.com\/www.24baires.com\/wp-content\/uploads\/2023\/12\/milei.jpg?resize=350%2C200 1x, https:\/\/i0.wp.com\/www.24baires.com\/wp-content\/uploads\/2023\/12\/milei.jpg?resize=525%2C300 1.5x, https:\/\/i0.wp.com\/www.24baires.com\/wp-content\/uploads\/2023\/12\/milei.jpg?resize=700%2C400 2x"},"classes":[]},{"id":112457,"url":"http:\/\/www.24baires.com\/?p=112457","url_meta":{"origin":75611,"position":3},"title":"Alberto Fern\u00e1ndez sobre Patricia Bullrich: \u00abDeja que la polic\u00eda mate por la espalda\u201d","author":"AF","date":"11\/10\/2019","format":false,"excerpt":"El candidato del Frente de Todos Alberto Fern\u00e1ndez le respondi\u00f3 a la ministra de Seguridad Patricia Bullrich, quien le hab\u00eda dicho que \u201cmentir est\u00e1 mal y es inmoral\u201d, luego de sus cuestionamientos a la \u201cley mentira\u201d que impulsa el oficialismo sobre el filo de las elecciones. El representante del partido\u2026","rel":"","context":"En \u00abPol\u00edtica\u00bb","block_context":{"text":"Pol\u00edtica","link":"http:\/\/www.24baires.com\/?cat=51"},"img":{"alt_text":"","src":"https:\/\/i0.wp.com\/www.24baires.com\/wp-content\/uploads\/2019\/10\/alberto-fernandez.jpg?resize=350%2C200","width":350,"height":200,"srcset":"https:\/\/i0.wp.com\/www.24baires.com\/wp-content\/uploads\/2019\/10\/alberto-fernandez.jpg?resize=350%2C200 1x, https:\/\/i0.wp.com\/www.24baires.com\/wp-content\/uploads\/2019\/10\/alberto-fernandez.jpg?resize=525%2C300 1.5x"},"classes":[]},{"id":112826,"url":"http:\/\/www.24baires.com\/?p=112826","url_meta":{"origin":75611,"position":4},"title":"Bullrich ser\u00e1 investigada por espiar y reprimir a los mapuches","author":"AF","date":"01\/11\/2019","format":false,"excerpt":"\"En funci\u00f3n de la denuncia de la APDH y los hechos all\u00ed plasmados, as\u00ed como de los elementos colectados hasta el momento, es que este Ministerio P\u00fablico considera pertinente iniciar una investigaci\u00f3n penal a los fines de determinar si la Ministra de Seguridad de la Naci\u00f3n, Patricia Bullrich, y funcionarios\u2026","rel":"","context":"En \u00abJUDICIALES\u00bb","block_context":{"text":"JUDICIALES","link":"http:\/\/www.24baires.com\/?cat=68"},"img":{"alt_text":"","src":"https:\/\/i0.wp.com\/www.24baires.com\/wp-content\/uploads\/2019\/10\/macri-bullrich.jpg?resize=350%2C200","width":350,"height":200,"srcset":"https:\/\/i0.wp.com\/www.24baires.com\/wp-content\/uploads\/2019\/10\/macri-bullrich.jpg?resize=350%2C200 1x, https:\/\/i0.wp.com\/www.24baires.com\/wp-content\/uploads\/2019\/10\/macri-bullrich.jpg?resize=525%2C300 1.5x"},"classes":[]},{"id":105398,"url":"http:\/\/www.24baires.com\/?p=105398","url_meta":{"origin":75611,"position":5},"title":"Bullrich descart\u00f3 atentados durante el G-20","author":"AF","date":"12\/11\/2018","format":false,"excerpt":"La ministra de Seguridad dijo que \"no hay razones\" para pensar en esa posibilidad al responder sobre una advertencia de Gran Breta\u00f1a, naci\u00f3n de la cual pidi\u00f3 una retractaci\u00f3n. Tambi\u00e9n habl\u00f3 del operativo para el mi\u00e9rcoles, en ocasi\u00f3n del tratamiento del Presupuesto 2019. La ministra de Seguridad, Patricia Bullrich, aclar\u00f3\u2026","rel":"","context":"En \u00abPol\u00edtica\u00bb","block_context":{"text":"Pol\u00edtica","link":"http:\/\/www.24baires.com\/?cat=51"},"img":{"alt_text":"","src":"https:\/\/i0.wp.com\/www.24baires.com\/wp-content\/uploads\/2017\/09\/bullrich.jpg?resize=350%2C200","width":350,"height":200,"srcset":"https:\/\/i0.wp.com\/www.24baires.com\/wp-content\/uploads\/2017\/09\/bullrich.jpg?resize=350%2C200 1x, https:\/\/i0.wp.com\/www.24baires.com\/wp-content\/uploads\/2017\/09\/bullrich.jpg?resize=525%2C300 1.5x"},"classes":[]}],"jetpack_sharing_enabled":true,"jetpack_likes_enabled":true,"jetpack_featured_media_url":"","_links":{"self":[{"href":"http:\/\/www.24baires.com\/index.php?rest_route=\/wp\/v2\/posts\/75611","targetHints":{"allow":["GET"]}}],"collection":[{"href":"http:\/\/www.24baires.com\/index.php?rest_route=\/wp\/v2\/posts"}],"about":[{"href":"http:\/\/www.24baires.com\/index.php?rest_route=\/wp\/v2\/types\/post"}],"author":[{"embeddable":true,"href":"http:\/\/www.24baires.com\/index.php?rest_route=\/wp\/v2\/users\/8"}],"replies":[{"embeddable":true,"href":"http:\/\/www.24baires.com\/index.php?rest_route=%2Fwp%2Fv2%2Fcomments&post=75611"}],"version-history":[{"count":1,"href":"http:\/\/www.24baires.com\/index.php?rest_route=\/wp\/v2\/posts\/75611\/revisions"}],"predecessor-version":[{"id":75613,"href":"http:\/\/www.24baires.com\/index.php?rest_route=\/wp\/v2\/posts\/75611\/revisions\/75613"}],"wp:attachment":[{"href":"http:\/\/www.24baires.com\/index.php?rest_route=%2Fwp%2Fv2%2Fmedia&parent=75611"}],"wp:term":[{"taxonomy":"category","embeddable":true,"href":"http:\/\/www.24baires.com\/index.php?rest_route=%2Fwp%2Fv2%2Fcategories&post=75611"},{"taxonomy":"post_tag","embeddable":true,"href":"http:\/\/www.24baires.com\/index.php?rest_route=%2Fwp%2Fv2%2Ftags&post=75611"}],"curies":[{"name":"wp","href":"https:\/\/api.w.org\/{rel}","templated":true}]}}