{"id":75597,"date":"2015-11-25T15:00:40","date_gmt":"2015-11-25T18:00:40","guid":{"rendered":"http:\/\/www.24baires.com\/?p=75597"},"modified":"2015-11-25T13:54:43","modified_gmt":"2015-11-25T16:54:43","slug":"marcos-pena-anunciara-esta-tarde-quienes-seran-los-ministros-de-macri","status":"publish","type":"post","link":"http:\/\/www.24baires.com\/?p=75597","title":{"rendered":"Marcos Pe\u00f1a anunciar\u00e1 esta tarde qui\u00e9nes ser\u00e1n los ministros de Macri"},"content":{"rendered":"<p><img data-recalc-dims=\"1\" loading=\"lazy\" decoding=\"async\" class=\"alignleft size-medium wp-image-75598\" src=\"https:\/\/i0.wp.com\/www.24baires.com\/wp-content\/uploads\/2015\/11\/pe%C3%B1a-marcos.jpg?resize=300%2C200\" alt=\"pe\u00f1a marcos\" width=\"300\" height=\"200\" srcset=\"https:\/\/i0.wp.com\/www.24baires.com\/wp-content\/uploads\/2015\/11\/pe%C3%B1a-marcos.jpg?resize=300%2C200 300w, https:\/\/i0.wp.com\/www.24baires.com\/wp-content\/uploads\/2015\/11\/pe%C3%B1a-marcos.jpg?w=380 380w\" sizes=\"auto, (max-width: 300px) 100vw, 300px\" \/>El designado jefe de Gabinete, Marcos Pe\u00f1a, ofrecer\u00e1 esta tarde una conferencia de prensa para anunciar los ministros del futuro gabinete del presidente electo, que estar\u00e1n en funciones a partir del 10 de diciembre.<!--more--><\/p>\n<p>\u00abA las 17 horas dar\u00e9 una conferencia de prensa para anunciar los Ministros del futuro gabinete del Presidente Macri\u00bb, escribi\u00f3 Pe\u00f1a en su cuenta oficial de Twitter.<\/p>\n","protected":false},"excerpt":{"rendered":"<p>El designado jefe de Gabinete, Marcos Pe\u00f1a, ofrecer\u00e1 esta tarde una conferencia de prensa para anunciar los ministros del futuro gabinete del presidente electo, que estar\u00e1n en funciones a partir del 10 de diciembre.<\/p>\n","protected":false},"author":4,"featured_media":0,"comment_status":"open","ping_status":"open","sticky":false,"template":"","format":"standard","meta":{"_jetpack_newsletter_access":"","_jetpack_dont_email_post_to_subs":false,"_jetpack_newsletter_tier_id":0,"_jetpack_memberships_contains_paywalled_content":false,"_jetpack_memberships_contains_paid_content":false,"footnotes":""},"categories":[51],"tags":[],"class_list":["post-75597","post","type-post","status-publish","format-standard","hentry","category-politica"],"jetpack_shortlink":"https:\/\/wp.me\/p2JWE0-jFj","jetpack-related-posts":[{"id":102048,"url":"http:\/\/www.24baires.com\/?p=102048","url_meta":{"origin":75597,"position":0},"title":"Pe\u00f1a justific\u00f3 el acuerdo con el FMI","author":"AF","date":"09\/05\/2018","format":false,"excerpt":"El jefe de Gabinete neg\u00f3 que Macri tenga pensado un cambio de ministros. Dijo que el Gobierno recurri\u00f3 al Fondo Monetario Internacional en busca de \"un cr\u00e9dito que nos haga menos vulnerable\", sin precisar qu\u00e9 monto se solicitar\u00e1. \"No nos vamos a quedar en la mitad del camino\", dijo y\u2026","rel":"","context":"En \u00abPol\u00edtica\u00bb","block_context":{"text":"Pol\u00edtica","link":"http:\/\/www.24baires.com\/?cat=51"},"img":{"alt_text":"","src":"https:\/\/i0.wp.com\/www.24baires.com\/wp-content\/uploads\/2016\/08\/marcos-pe%C3%B1a.jpg?resize=350%2C200","width":350,"height":200,"srcset":"https:\/\/i0.wp.com\/www.24baires.com\/wp-content\/uploads\/2016\/08\/marcos-pe%C3%B1a.jpg?resize=350%2C200 1x, https:\/\/i0.wp.com\/www.24baires.com\/wp-content\/uploads\/2016\/08\/marcos-pe%C3%B1a.jpg?resize=525%2C300 1.5x"},"classes":[]},{"id":107620,"url":"http:\/\/www.24baires.com\/?p=107620","url_meta":{"origin":75597,"position":1},"title":"Cambiemos se re\u00fane en Casa Rosada para intentar frenar la inflaci\u00f3n","author":"GB","date":"11\/04\/2019","format":false,"excerpt":"Los gobernadores piden un programa de reactivaci\u00f3n. En el encuentro participar\u00e1n Frigerio, Pe\u00f1a, Vidal, Rodr\u00edguez Larreta y referentes radicales. El jefe de Gabinete, Marcos Pe\u00f1a, y el ministro del Interior, Obras P\u00fablicas y Vivienda, Rogelio Frigerio, se reunir\u00e1n este jueves en la Casa Rosada con los cinco gobernadores de Cambiemos\u2026","rel":"","context":"En \u00abPol\u00edtica\u00bb","block_context":{"text":"Pol\u00edtica","link":"http:\/\/www.24baires.com\/?cat=51"},"img":{"alt_text":"","src":"https:\/\/i0.wp.com\/www.24baires.com\/wp-content\/uploads\/2018\/10\/MACRI-IDEA.jpg?resize=350%2C200","width":350,"height":200,"srcset":"https:\/\/i0.wp.com\/www.24baires.com\/wp-content\/uploads\/2018\/10\/MACRI-IDEA.jpg?resize=350%2C200 1x, https:\/\/i0.wp.com\/www.24baires.com\/wp-content\/uploads\/2018\/10\/MACRI-IDEA.jpg?resize=525%2C300 1.5x"},"classes":[]},{"id":104185,"url":"http:\/\/www.24baires.com\/?p=104185","url_meta":{"origin":75597,"position":2},"title":"\u00abHay una transformaci\u00f3n, no hay un fracaso econ\u00f3mico\u00bb, consider\u00f3 Pe\u00f1a","author":"GB","date":"30\/08\/2018","format":false,"excerpt":"El jefe de Gabinete admiti\u00f3 que tuvieron expectativas demasiado ambiciosas sobre la inflaci\u00f3n y neg\u00f3 cambios en el Gobierno. \"Hay una transformaci\u00f3n, no hay un fracaso\", opin\u00f3. El d\u00eda despu\u00e9s del anuncios del presidente Mauricio Macri sobre los adelantos de fondos pedidos al FMI y la negativa reacci\u00f3n de los\u2026","rel":"","context":"En \u00abPol\u00edtica\u00bb","block_context":{"text":"Pol\u00edtica","link":"http:\/\/www.24baires.com\/?cat=51"},"img":{"alt_text":"","src":"https:\/\/i0.wp.com\/www.24baires.com\/wp-content\/uploads\/2018\/05\/pe%C3%B1a.jpg?resize=350%2C200","width":350,"height":200,"srcset":"https:\/\/i0.wp.com\/www.24baires.com\/wp-content\/uploads\/2018\/05\/pe%C3%B1a.jpg?resize=350%2C200 1x, https:\/\/i0.wp.com\/www.24baires.com\/wp-content\/uploads\/2018\/05\/pe%C3%B1a.jpg?resize=525%2C300 1.5x"},"classes":[]},{"id":110754,"url":"http:\/\/www.24baires.com\/?p=110754","url_meta":{"origin":75597,"position":3},"title":"Pe\u00f1a reconoci\u00f3 que Cambiemos ya no es m\u00e1s Cambiemos","author":"AF","date":"11\/06\/2019","format":false,"excerpt":"El jefe de Gabinete lo hizo en conferencia de prensa en Casa Rosada, tras el anuncio de la f\u00f3rmula oficialista para las pr\u00f3ximas elecciones. El jefe de Gabinete, Marcos Pe\u00f1a, admiti\u00f3 que \"es una posibilidad\" que se modifique el nombre de la alianza gubernamental Cambiemos, pero a\u00fan \"no est\u00e1 confirmado\",\u2026","rel":"","context":"En \u00abPol\u00edtica\u00bb","block_context":{"text":"Pol\u00edtica","link":"http:\/\/www.24baires.com\/?cat=51"},"img":{"alt_text":"","src":"https:\/\/i0.wp.com\/www.24baires.com\/wp-content\/uploads\/2018\/05\/pe%C3%B1a.jpg?resize=350%2C200","width":350,"height":200,"srcset":"https:\/\/i0.wp.com\/www.24baires.com\/wp-content\/uploads\/2018\/05\/pe%C3%B1a.jpg?resize=350%2C200 1x, https:\/\/i0.wp.com\/www.24baires.com\/wp-content\/uploads\/2018\/05\/pe%C3%B1a.jpg?resize=525%2C300 1.5x"},"classes":[]},{"id":92375,"url":"http:\/\/www.24baires.com\/?p=92375","url_meta":{"origin":75597,"position":4},"title":"Pe\u00f1a sostiene que el acuerdo de Correo Argentino es \u00abun tema judicial\u00bb","author":"AF","date":"14\/02\/2017","format":false,"excerpt":"As\u00ed lo anunciaron en conferencia de prensa el jefe de Gabinete, Marcos Pe\u00f1a, y el ministro de Comunicaci\u00f3n, Oscar Aguad. Insistieron en que le Mauricio Macri no intervino en el acuerdo. El jefe de Gabinete, Marcos Pe\u00f1a, anunci\u00f3 durante una conferencia de prensa en el marco del acuerdo por la\u2026","rel":"","context":"En \u00abPol\u00edtica\u00bb","block_context":{"text":"Pol\u00edtica","link":"http:\/\/www.24baires.com\/?cat=51"},"img":{"alt_text":"","src":"https:\/\/i0.wp.com\/www.24baires.com\/wp-content\/uploads\/2015\/12\/marcos-pe%C3%B1a.jpg?resize=350%2C200","width":350,"height":200,"srcset":"https:\/\/i0.wp.com\/www.24baires.com\/wp-content\/uploads\/2015\/12\/marcos-pe%C3%B1a.jpg?resize=350%2C200 1x, https:\/\/i0.wp.com\/www.24baires.com\/wp-content\/uploads\/2015\/12\/marcos-pe%C3%B1a.jpg?resize=525%2C300 1.5x"},"classes":[]},{"id":100842,"url":"http:\/\/www.24baires.com\/?p=100842","url_meta":{"origin":75597,"position":5},"title":"Marcos Pe\u00f1a ratific\u00f3 el respaldo del Gobierno a Arribas","author":"AF","date":"02\/03\/2018","format":false,"excerpt":"El jefe de Gabinete brind\u00f3 una conferencia de prensa tras la reuni\u00f3n encabezada por el presidente Mauricio Macri en el CCK y brind\u00f3 un nuevo espaldarazo al titular de la Agencia Federal de Inteligencia, relacionado con operaciones de lavado de activos en Brasil. El jefe de Gabinete de Ministros Marcos\u2026","rel":"","context":"En \u00abPol\u00edtica\u00bb","block_context":{"text":"Pol\u00edtica","link":"http:\/\/www.24baires.com\/?cat=51"},"img":{"alt_text":"","src":"https:\/\/i0.wp.com\/www.24baires.com\/wp-content\/uploads\/2015\/11\/pe%C3%B1a.jpg?resize=350%2C200","width":350,"height":200,"srcset":"https:\/\/i0.wp.com\/www.24baires.com\/wp-content\/uploads\/2015\/11\/pe%C3%B1a.jpg?resize=350%2C200 1x, https:\/\/i0.wp.com\/www.24baires.com\/wp-content\/uploads\/2015\/11\/pe%C3%B1a.jpg?resize=525%2C300 1.5x"},"classes":[]}],"jetpack_sharing_enabled":true,"jetpack_likes_enabled":true,"jetpack_featured_media_url":"","_links":{"self":[{"href":"http:\/\/www.24baires.com\/index.php?rest_route=\/wp\/v2\/posts\/75597","targetHints":{"allow":["GET"]}}],"collection":[{"href":"http:\/\/www.24baires.com\/index.php?rest_route=\/wp\/v2\/posts"}],"about":[{"href":"http:\/\/www.24baires.com\/index.php?rest_route=\/wp\/v2\/types\/post"}],"author":[{"embeddable":true,"href":"http:\/\/www.24baires.com\/index.php?rest_route=\/wp\/v2\/users\/4"}],"replies":[{"embeddable":true,"href":"http:\/\/www.24baires.com\/index.php?rest_route=%2Fwp%2Fv2%2Fcomments&post=75597"}],"version-history":[{"count":1,"href":"http:\/\/www.24baires.com\/index.php?rest_route=\/wp\/v2\/posts\/75597\/revisions"}],"predecessor-version":[{"id":75599,"href":"http:\/\/www.24baires.com\/index.php?rest_route=\/wp\/v2\/posts\/75597\/revisions\/75599"}],"wp:attachment":[{"href":"http:\/\/www.24baires.com\/index.php?rest_route=%2Fwp%2Fv2%2Fmedia&parent=75597"}],"wp:term":[{"taxonomy":"category","embeddable":true,"href":"http:\/\/www.24baires.com\/index.php?rest_route=%2Fwp%2Fv2%2Fcategories&post=75597"},{"taxonomy":"post_tag","embeddable":true,"href":"http:\/\/www.24baires.com\/index.php?rest_route=%2Fwp%2Fv2%2Ftags&post=75597"}],"curies":[{"name":"wp","href":"https:\/\/api.w.org\/{rel}","templated":true}]}}