{"id":75589,"date":"2015-11-25T13:00:11","date_gmt":"2015-11-25T16:00:11","guid":{"rendered":"http:\/\/www.24baires.com\/?p=75589"},"modified":"2015-11-25T12:40:19","modified_gmt":"2015-11-25T15:40:19","slug":"lombardi-adelanto-las-metas-de-su-futura-gestion","status":"publish","type":"post","link":"http:\/\/www.24baires.com\/?p=75589","title":{"rendered":"Lombardi adelant\u00f3 las metas de su futura gesti\u00f3n"},"content":{"rendered":"<p><img data-recalc-dims=\"1\" loading=\"lazy\" decoding=\"async\" class=\"alignleft size-medium wp-image-75594\" src=\"https:\/\/i0.wp.com\/www.24baires.com\/wp-content\/uploads\/2015\/11\/lombardi.jpg?resize=300%2C200\" alt=\"lombardi\" width=\"300\" height=\"200\" srcset=\"https:\/\/i0.wp.com\/www.24baires.com\/wp-content\/uploads\/2015\/11\/lombardi.jpg?resize=300%2C200 300w, https:\/\/i0.wp.com\/www.24baires.com\/wp-content\/uploads\/2015\/11\/lombardi.jpg?w=380 380w\" sizes=\"auto, (max-width: 300px) 100vw, 300px\" \/>El designado titular del Sistema Nacional de Medios P\u00fablicos sostuvo que, entre ellas, \u00abla idea es ir a un sistema como el espa\u00f1ol, brit\u00e1nico o franc\u00e9s, donde los gobiernos tengan poco lugar, que sea una pol\u00edtica estatal y no gubernamental\u00bb.<!--more--><\/p>\n<p>\u00abDifundir lo m\u00e1s objetivamente la informaci\u00f3n y que en el an\u00e1lisis haya diversos matices\u00bb, se\u00f1al\u00f3 el actual ministro de Cultura porte\u00f1o en di\u00e1logo con Radio Vorterix.<\/p>\n<p>En ese sentido tambi\u00e9n coment\u00f3 que su idea es \u00abrecuperar el loable oficio del comunicador social\u00bb y que tiene una trayectoria de \u00abrespeto a la diversidad\u00bb para mostrar.<\/p>\n<p>Por \u00faltimo, estim\u00f3 que hubiese preferido que durante la transici\u00f3n se pudieran tratar \u00abtemas concretos\u00bb como la continuidad en los cargos que prev\u00e9 la ley en casos como el del titular de la AFSCA, Mart\u00edn Sabbatella.<\/p>\n","protected":false},"excerpt":{"rendered":"<p>El designado titular del Sistema Nacional de Medios P\u00fablicos sostuvo que, entre ellas, \u00abla idea es ir a un sistema como el espa\u00f1ol, brit\u00e1nico o franc\u00e9s, donde los gobiernos tengan poco lugar, que sea una pol\u00edtica estatal y no gubernamental\u00bb.<\/p>\n","protected":false},"author":4,"featured_media":0,"comment_status":"open","ping_status":"open","sticky":false,"template":"","format":"standard","meta":{"_jetpack_newsletter_access":"","_jetpack_dont_email_post_to_subs":false,"_jetpack_newsletter_tier_id":0,"_jetpack_memberships_contains_paywalled_content":false,"_jetpack_memberships_contains_paid_content":false,"footnotes":""},"categories":[51],"tags":[],"class_list":["post-75589","post","type-post","status-publish","format-standard","hentry","category-politica"],"jetpack_shortlink":"https:\/\/wp.me\/p2JWE0-jFb","jetpack-related-posts":[{"id":95041,"url":"http:\/\/www.24baires.com\/?p=95041","url_meta":{"origin":75589,"position":0},"title":"El Gobierno de Macri reconoci\u00f3 que quiere flexibilizar la edad jubilatoria y que \u00absea voluntaria\u00bb","author":"GB","date":"07\/06\/2017","format":false,"excerpt":"A meses de las elecciones de medio t\u00e9rmino, el titular de la Anses, Emilio Basavilbaso, revel\u00f3 la mirada del macrismo sobre la edad jubilatoria y asegur\u00f3 que \"el retiro deber\u00eda ser voluntario m\u00e1s all\u00e1 de los 65 a\u00f1os\". Adem\u00e1s, admiti\u00f3 que el sistema argentino \"est\u00e1 bastante bien comparado con el\u2026","rel":"","context":"En \u00abPol\u00edtica\u00bb","block_context":{"text":"Pol\u00edtica","link":"http:\/\/www.24baires.com\/?cat=51"},"img":{"alt_text":"","src":"https:\/\/i0.wp.com\/www.24baires.com\/wp-content\/uploads\/2017\/04\/macri-1.jpg?resize=350%2C200","width":350,"height":200,"srcset":"https:\/\/i0.wp.com\/www.24baires.com\/wp-content\/uploads\/2017\/04\/macri-1.jpg?resize=350%2C200 1x, https:\/\/i0.wp.com\/www.24baires.com\/wp-content\/uploads\/2017\/04\/macri-1.jpg?resize=525%2C300 1.5x"},"classes":[]},{"id":117272,"url":"http:\/\/www.24baires.com\/?p=117272","url_meta":{"origin":75589,"position":1},"title":"\u00abMi funci\u00f3n como Presidente es poner armon\u00eda en la diversidad\u00bb","author":"AF","date":"05\/03\/2021","format":false,"excerpt":"El Presidente habl\u00f3 ante sectores sindicales, empresarios y funcionarios al cerrar la primera jornada del Consejo Econ\u00f3mico y Social que se desarroll\u00f3 en Parque Norte. El presidente Alberto Fern\u00e1ndez asegur\u00f3 esta tarde que su funci\u00f3n como mandatario es \"poner armon\u00eda en la diversidad\" y compar\u00f3 su rol con el de\u2026","rel":"","context":"En \u00abPol\u00edtica\u00bb","block_context":{"text":"Pol\u00edtica","link":"http:\/\/www.24baires.com\/?cat=51"},"img":{"alt_text":"","src":"https:\/\/i0.wp.com\/www.24baires.com\/wp-content\/uploads\/2021\/03\/fern%C3%A1ndez.jpg?resize=350%2C200","width":350,"height":200,"srcset":"https:\/\/i0.wp.com\/www.24baires.com\/wp-content\/uploads\/2021\/03\/fern%C3%A1ndez.jpg?resize=350%2C200 1x, https:\/\/i0.wp.com\/www.24baires.com\/wp-content\/uploads\/2021\/03\/fern%C3%A1ndez.jpg?resize=525%2C300 1.5x"},"classes":[]},{"id":40173,"url":"http:\/\/www.24baires.com\/?p=40173","url_meta":{"origin":75589,"position":2},"title":"Lanzaron libros infantiles sobre diversidad sexual","author":"Grupo Sierra","date":"10\/02\/2014","format":false,"excerpt":"Molinos de Viento es una editorial con t\u00edtulos sobre la diversidad familiar que se consolid\u00f3 en los \u00faltimos a\u00f1os a la par de las leyes de inclusi\u00f3n y respeto sexual. El proyecto naci\u00f3 desde la necesidad, ya que no hab\u00eda material para familias homoparentales en la Argentina. Una pareja de\u2026","rel":"","context":"En \u00abSociedad\u00bb","block_context":{"text":"Sociedad","link":"http:\/\/www.24baires.com\/?cat=1"},"img":{"alt_text":"","src":"https:\/\/i0.wp.com\/www.24baires.com\/wp-content\/uploads\/2014\/02\/diversidad.jpg?resize=350%2C200","width":350,"height":200,"srcset":"https:\/\/i0.wp.com\/www.24baires.com\/wp-content\/uploads\/2014\/02\/diversidad.jpg?resize=350%2C200 1x, https:\/\/i0.wp.com\/www.24baires.com\/wp-content\/uploads\/2014\/02\/diversidad.jpg?resize=525%2C300 1.5x"},"classes":[]},{"id":45297,"url":"http:\/\/www.24baires.com\/?p=45297","url_meta":{"origin":75589,"position":3},"title":"Dom\u00ednguez lanz\u00f3 &#8216;dedicatorias&#8217;: \u00abCandidatearse de forma anticipada es un error\u00bb","author":"Grupo Sierra","date":"04\/05\/2014","format":false,"excerpt":"El titular de la C\u00e1mara de Diputados critic\u00f3 las postulaciones de aquellos pol\u00edticos que lo hacen \"de manera anticipada\" con miras a las elecciones presidenciales del 2015. En ese marco, sostuvo que el pueblo \"no necesita candidatos, necesita l\u00edderes\". El presidente de la C\u00e1mara de Diputados asegur\u00f3 que candidatearse de\u2026","rel":"","context":"En \u00abPol\u00edtica\u00bb","block_context":{"text":"Pol\u00edtica","link":"http:\/\/www.24baires.com\/?cat=51"},"img":{"alt_text":"dominguez julian","src":"https:\/\/i0.wp.com\/www.24baires.com\/wp-content\/uploads\/2012\/09\/dominguez-julian.jpg?resize=350%2C200","width":350,"height":200,"srcset":"https:\/\/i0.wp.com\/www.24baires.com\/wp-content\/uploads\/2012\/09\/dominguez-julian.jpg?resize=350%2C200 1x, https:\/\/i0.wp.com\/www.24baires.com\/wp-content\/uploads\/2012\/09\/dominguez-julian.jpg?resize=525%2C300 1.5x"},"classes":[]},{"id":39933,"url":"http:\/\/www.24baires.com\/?p=39933","url_meta":{"origin":75589,"position":4},"title":"Alex Freyre: \u201cEn la cancha no es lo mismo cuando va una pareja heterosexual que una gay\u00bb","author":"Grupo Sierra","date":"06\/02\/2014","format":false,"excerpt":"En plena campa\u00f1a \"En el deporte somos todos diversidad\", el referente de la comunidad homesexual argentina, consider\u00f3 que se debe buscar el cambio cultural para evitar la discriminaci\u00f3n. Durante el pasado cl\u00e1sico de verano entre Gimnasia y Estudiantes, se realiz\u00f3 una vuelta ol\u00edmpica simb\u00f3lica en funci\u00f3n de promover la campa\u00f1a\u2026","rel":"","context":"En \u00abSociedad\u00bb","block_context":{"text":"Sociedad","link":"http:\/\/www.24baires.com\/?cat=1"},"img":{"alt_text":"","src":"","width":0,"height":0},"classes":[]},{"id":69887,"url":"http:\/\/www.24baires.com\/?p=69887","url_meta":{"origin":75589,"position":5},"title":"\u00abLos economistas de las corporaciones hablan como si no existiera la gente, como si fueran solo n\u00fameros\u00bb","author":"AF","date":"01\/08\/2015","format":false,"excerpt":"El candidato a primer diputado por el Frente para la Victoria en la Ciudad de Buenos Aires, el ministro de Econom\u00eda Axel Kicillof, critic\u00f3 hoy a los referentes econ\u00f3micos de los partidos opositores que \"hablan como si no existiera la gente, como si fueran solo n\u00fameros\" y sostuvo que las\u2026","rel":"","context":"En \u00abEconom\u00eda\u00bb","block_context":{"text":"Econom\u00eda","link":"http:\/\/www.24baires.com\/?cat=45"},"img":{"alt_text":"kicillof onu","src":"https:\/\/i0.wp.com\/www.24baires.com\/wp-content\/uploads\/2015\/04\/kicillof-onu.jpg?resize=350%2C200","width":350,"height":200,"srcset":"https:\/\/i0.wp.com\/www.24baires.com\/wp-content\/uploads\/2015\/04\/kicillof-onu.jpg?resize=350%2C200 1x, https:\/\/i0.wp.com\/www.24baires.com\/wp-content\/uploads\/2015\/04\/kicillof-onu.jpg?resize=525%2C300 1.5x"},"classes":[]}],"jetpack_sharing_enabled":true,"jetpack_likes_enabled":true,"jetpack_featured_media_url":"","_links":{"self":[{"href":"http:\/\/www.24baires.com\/index.php?rest_route=\/wp\/v2\/posts\/75589","targetHints":{"allow":["GET"]}}],"collection":[{"href":"http:\/\/www.24baires.com\/index.php?rest_route=\/wp\/v2\/posts"}],"about":[{"href":"http:\/\/www.24baires.com\/index.php?rest_route=\/wp\/v2\/types\/post"}],"author":[{"embeddable":true,"href":"http:\/\/www.24baires.com\/index.php?rest_route=\/wp\/v2\/users\/4"}],"replies":[{"embeddable":true,"href":"http:\/\/www.24baires.com\/index.php?rest_route=%2Fwp%2Fv2%2Fcomments&post=75589"}],"version-history":[{"count":1,"href":"http:\/\/www.24baires.com\/index.php?rest_route=\/wp\/v2\/posts\/75589\/revisions"}],"predecessor-version":[{"id":75595,"href":"http:\/\/www.24baires.com\/index.php?rest_route=\/wp\/v2\/posts\/75589\/revisions\/75595"}],"wp:attachment":[{"href":"http:\/\/www.24baires.com\/index.php?rest_route=%2Fwp%2Fv2%2Fmedia&parent=75589"}],"wp:term":[{"taxonomy":"category","embeddable":true,"href":"http:\/\/www.24baires.com\/index.php?rest_route=%2Fwp%2Fv2%2Fcategories&post=75589"},{"taxonomy":"post_tag","embeddable":true,"href":"http:\/\/www.24baires.com\/index.php?rest_route=%2Fwp%2Fv2%2Ftags&post=75589"}],"curies":[{"name":"wp","href":"https:\/\/api.w.org\/{rel}","templated":true}]}}