{"id":75580,"date":"2015-11-25T11:00:00","date_gmt":"2015-11-25T14:00:00","guid":{"rendered":"http:\/\/www.24baires.com\/?p=75580"},"modified":"2015-11-25T10:50:40","modified_gmt":"2015-11-25T13:50:40","slug":"anibal-fernandez-dijo-que-macri-hizo-un-showcete-televisivo","status":"publish","type":"post","link":"http:\/\/www.24baires.com\/?p=75580","title":{"rendered":"An\u00edbal Fern\u00e1ndez dijo que Macri hizo un \u201cshowcete televisivo\u201d"},"content":{"rendered":"<p><img data-recalc-dims=\"1\" loading=\"lazy\" decoding=\"async\" class=\"aligncenter size-full wp-image-75470\" src=\"https:\/\/i0.wp.com\/www.24baires.com\/wp-content\/uploads\/2015\/11\/an%C3%ADbal-fern%C3%A1ndezz.jpg?resize=560%2C372\" alt=\"an\u00edbal fern\u00e1ndezz\" width=\"560\" height=\"372\" srcset=\"https:\/\/i0.wp.com\/www.24baires.com\/wp-content\/uploads\/2015\/11\/an%C3%ADbal-fern%C3%A1ndezz.jpg?w=560 560w, https:\/\/i0.wp.com\/www.24baires.com\/wp-content\/uploads\/2015\/11\/an%C3%ADbal-fern%C3%A1ndezz.jpg?resize=300%2C199 300w\" sizes=\"auto, (max-width: 560px) 100vw, 560px\" \/>El jefe de Gabinete, An\u00edbal Fern\u00e1ndez, sostuvo hoy que el presidente electo no tuvo \u00abdiscreci\u00f3n, ni vocaci\u00f3n\u00bb de lograr una transici\u00f3n ordenada al reunirse ayer en la quinta de Olivos con la mandataria Cristina Fern\u00e1ndez de Kirchner.<!--more--><\/p>\n<p>\u00abEste se\u00f1or no conoce nada de la cosa publica nacional y la Presidenta le puede dar c\u00e1tedra. Y decir que una reuni\u00f3n es en vano es insensato\u00bb, afirm\u00f3 Fern\u00e1ndez.<\/p>\n<p>El jefe de ministros lo expres\u00f3 en su habitual encuentro con periodistas al ingresar a la casa de Gobierno, tras ser consultado sobre el encuentro que mantuvo ayer la Jefa de Estado con el presidente electo, tras el cual Macri declar\u00f3 que fue \u00abest\u00e9ril\u201d y que \u201cno vali\u00f3 la pena\u201d.<\/p>\n<p>El funcionario nacional relato que \u201clas reuniones deben ser cordiales\u201d y \u201cprecisamente la Presidenta lo recibi\u00f3 a su sucesor con toda la buena fe y con la vocaci\u00f3n de colaborar de la mejor manera\u00bb.<\/p>\n<p>Agreg\u00f3 que \u201cla \u00fanica condici\u00f3n\u201d que pidi\u00f3 la jefa de Estado fue \u201cdiscreci\u00f3n\u00bb y que parte de lo conversado \u00abno se hiciera p\u00fablico, porque si no entramos a discutir de pol\u00edtica por los medios de comunicaci\u00f3n social, lo que no tiene mucho sentido\u00bb.<\/p>\n<p>Luego confi\u00f3 que convoc\u00f3 a su sucesor y actual funcionario del Gobierno porte\u00f1o, Marcos Pe\u00f1a, y que este \u201cse neg\u00f3 a un encuentro\u201d.<\/p>\n<p>\u00abAnoche la Presidenta me cit\u00f3 a Olivos y me pidi\u00f3 que lo convoque a Marcos Pe\u00f1a con el prop\u00f3sito de mantener un encuentro. Lo llam\u00e9 para encontrarnos y me dijo que no. Que hab\u00edan estado hablando con el presidente electo y que este tipo de encuentros deb\u00edan ser p\u00fablicos\u201d, explic\u00f3 el jefe de Gabinete.<\/p>\n<p>Remarc\u00f3 que lo invit\u00f3 (a Marcos Pe\u00f1a) a su despacho en la Casa Rosada, y ampli\u00f3: \u00abno lo estaba citando en un bar en el barrio porte\u00f1o de Pompeya, sino en mi despacho\u201d.<\/p>\n<p>Tras sostener que el presidente electo y su equipo no son \u00abserios\u00bb, An\u00edbal Fern\u00e1ndez remarc\u00f3 que \u00abno han tenido vocaci\u00f3n de hacer una transici\u00f3n. Si la vocaci\u00f3n es hacer una transici\u00f3n para las c\u00e1maras, porque la intenci\u00f3n es hacer un showcete televisivo, no es nuestra vocaci\u00f3n. Queremos aportar datos, pero sin este gesto de chiquilines\u201d.<\/p>\n<p>El martes por la tarde, Cristina recibi\u00f3 a Macri en la quinta de Olivos en un encuentro que se extendi\u00f3 por 40 minutos con el prop\u00f3sito de acordar los detalles de la ceremonia de traspaso del mando presidencial.<\/p>\n","protected":false},"excerpt":{"rendered":"<p>El jefe de Gabinete, An\u00edbal Fern\u00e1ndez, sostuvo hoy que el presidente electo no tuvo \u00abdiscreci\u00f3n, ni vocaci\u00f3n\u00bb de lograr una transici\u00f3n ordenada al reunirse ayer en la quinta de Olivos con la mandataria Cristina Fern\u00e1ndez de Kirchner.<\/p>\n","protected":false},"author":4,"featured_media":0,"comment_status":"open","ping_status":"open","sticky":false,"template":"","format":"standard","meta":{"_jetpack_newsletter_access":"","_jetpack_dont_email_post_to_subs":false,"_jetpack_newsletter_tier_id":0,"_jetpack_memberships_contains_paywalled_content":false,"_jetpack_memberships_contains_paid_content":false,"footnotes":""},"categories":[51],"tags":[],"class_list":["post-75580","post","type-post","status-publish","format-standard","hentry","category-politica"],"jetpack_shortlink":"https:\/\/wp.me\/p2JWE0-jF2","jetpack-related-posts":[{"id":112752,"url":"http:\/\/www.24baires.com\/?p=112752","url_meta":{"origin":75580,"position":0},"title":"Alberto Fern\u00e1ndez design\u00f3 el equipo que coordinar\u00e1 la transici\u00f3n","author":"AF","date":"28\/10\/2019","format":false,"excerpt":"El presidente electo Alberto Fern\u00e1ndez dispuso que Santiago Cafiero, Eduardo \"Wado\" De Pedro, Vilma Ibarra y Gustavo B\u00e9liz lideren la transici\u00f3n hasta su asunci\u00f3n. El presidente saliente Mauricio Macri recibi\u00f3 este lunes en Casa Rosada al presidente electo Alberto Fern\u00e1ndez para dar inicio al a transici\u00f3n que culminar\u00e1 el pr\u00f3ximo\u2026","rel":"","context":"En \u00abPol\u00edtica\u00bb","block_context":{"text":"Pol\u00edtica","link":"http:\/\/www.24baires.com\/?cat=51"},"img":{"alt_text":"","src":"https:\/\/i0.wp.com\/www.24baires.com\/wp-content\/uploads\/2019\/10\/equipo.jpg?resize=350%2C200","width":350,"height":200,"srcset":"https:\/\/i0.wp.com\/www.24baires.com\/wp-content\/uploads\/2019\/10\/equipo.jpg?resize=350%2C200 1x, https:\/\/i0.wp.com\/www.24baires.com\/wp-content\/uploads\/2019\/10\/equipo.jpg?resize=525%2C300 1.5x"},"classes":[]},{"id":112866,"url":"http:\/\/www.24baires.com\/?p=112866","url_meta":{"origin":75580,"position":1},"title":"Alberto advirti\u00f3 sobre \u00abla situaci\u00f3n cr\u00edtica que deja el macrismo\u00bb","author":"AF","date":"05\/11\/2019","format":false,"excerpt":"El presidente electo habl\u00f3 sobre la herencia econ\u00f3mica que recibir\u00e1 y rechaz\u00f3 el informe que elabor\u00f3 el gobierno de Macri, \"La crisis de deuda que hoy tenemos hace cuatro a\u00f1os no exist\u00eda y es producto de la gran inoperancia del gobierno\", replic\u00f3 Fern\u00e1ndez. El presidente electo, Alberto Fern\u00e1ndez, subray\u00f3 que\u2026","rel":"","context":"En \u00abPol\u00edtica\u00bb","block_context":{"text":"Pol\u00edtica","link":"http:\/\/www.24baires.com\/?cat=51"},"img":{"alt_text":"","src":"https:\/\/i0.wp.com\/www.24baires.com\/wp-content\/uploads\/2019\/10\/alberto1.jpeg?resize=350%2C200","width":350,"height":200,"srcset":"https:\/\/i0.wp.com\/www.24baires.com\/wp-content\/uploads\/2019\/10\/alberto1.jpeg?resize=350%2C200 1x, https:\/\/i0.wp.com\/www.24baires.com\/wp-content\/uploads\/2019\/10\/alberto1.jpeg?resize=525%2C300 1.5x"},"classes":[]},{"id":75698,"url":"http:\/\/www.24baires.com\/?p=75698","url_meta":{"origin":75580,"position":2},"title":"An\u00edbal Fern\u00e1ndez y Marcos Pe\u00f1a tuvieron un primer encuentro \u201cmuy positivo\u201d","author":"GB","date":"27\/11\/2015","format":false,"excerpt":"El jefe de Gabinete de Mauricio Macri se reuni\u00f3 esta ma\u00f1ana con su antecesor en Casa de Gobierno de cara al 10 de diciembre. \u201cFue una muy buena charla para trabajar en la transici\u00f3n que viene\u201d, asegur\u00f3. Los jefes de Gabinete saliente y entrante, An\u00edbal Fern\u00e1ndez y Marcos Pe\u00f1a, respectivamente,\u2026","rel":"","context":"En \u00abPol\u00edtica\u00bb","block_context":{"text":"Pol\u00edtica","link":"http:\/\/www.24baires.com\/?cat=51"},"img":{"alt_text":"pe\u00f1a","src":"https:\/\/i0.wp.com\/www.24baires.com\/wp-content\/uploads\/2015\/11\/pe%C3%B1a.jpg?resize=350%2C200","width":350,"height":200,"srcset":"https:\/\/i0.wp.com\/www.24baires.com\/wp-content\/uploads\/2015\/11\/pe%C3%B1a.jpg?resize=350%2C200 1x, https:\/\/i0.wp.com\/www.24baires.com\/wp-content\/uploads\/2015\/11\/pe%C3%B1a.jpg?resize=525%2C300 1.5x"},"classes":[]},{"id":120676,"url":"http:\/\/www.24baires.com\/?p=120676","url_meta":{"origin":75580,"position":3},"title":"\u00abLos cambios en democracia deben ser f\u00e1ciles y r\u00e1pidos\u00bb","author":"AF","date":"21\/11\/2023","format":false,"excerpt":"\"Era una reuni\u00f3n que reclamaba seriedad, fue cordial y amable, donde tocamos temas nacionales e internacionales\", indic\u00f3 el mandatario. El presidente Alberto Fern\u00e1ndez asegur\u00f3 que la reuni\u00f3n que mantuvo con su sucesor electo, Javier Milei, fue \"cordial y amable\" y ambos intercambiaron \"opiniones mutuamente\", a la vez que llam\u00f3 a\u2026","rel":"","context":"En \u00abPol\u00edtica\u00bb","block_context":{"text":"Pol\u00edtica","link":"http:\/\/www.24baires.com\/?cat=51"},"img":{"alt_text":"","src":"https:\/\/i0.wp.com\/www.24baires.com\/wp-content\/uploads\/2023\/11\/WhatsApp-Image-2023-11-21-at-23.35.02.jpeg?resize=350%2C200","width":350,"height":200,"srcset":"https:\/\/i0.wp.com\/www.24baires.com\/wp-content\/uploads\/2023\/11\/WhatsApp-Image-2023-11-21-at-23.35.02.jpeg?resize=350%2C200 1x, https:\/\/i0.wp.com\/www.24baires.com\/wp-content\/uploads\/2023\/11\/WhatsApp-Image-2023-11-21-at-23.35.02.jpeg?resize=525%2C300 1.5x, https:\/\/i0.wp.com\/www.24baires.com\/wp-content\/uploads\/2023\/11\/WhatsApp-Image-2023-11-21-at-23.35.02.jpeg?resize=700%2C400 2x, https:\/\/i0.wp.com\/www.24baires.com\/wp-content\/uploads\/2023\/11\/WhatsApp-Image-2023-11-21-at-23.35.02.jpeg?resize=1050%2C600 3x"},"classes":[]},{"id":75469,"url":"http:\/\/www.24baires.com\/?p=75469","url_meta":{"origin":75580,"position":4},"title":"\u00abSer\u00e1 la primera vez que un gobierno entrega a otro un pa\u00eds sin conflictos\u201d","author":"AF","date":"23\/11\/2015","format":false,"excerpt":"El jefe de Gabinete subray\u00f3 que este gobierno entrega un pa\u00eds distinto\". A su vez, minimiz\u00f3 la diferencia que obtuvo el presidente electo, Mauricio Macri, sobre Daniel Scioli, en el balotaje celebrado ayer. \u201cSiempre vamos a estar al pie del ca\u00f1\u00f3n, defendiendo los derechos de los otros y prepar\u00e1ndonos para\u2026","rel":"","context":"En \u00abPol\u00edtica\u00bb","block_context":{"text":"Pol\u00edtica","link":"http:\/\/www.24baires.com\/?cat=51"},"img":{"alt_text":"","src":"https:\/\/i0.wp.com\/www.24baires.com\/wp-content\/uploads\/2015\/11\/an%C3%ADbal-fern%C3%A1ndezz.jpg?resize=350%2C200","width":350,"height":200,"srcset":"https:\/\/i0.wp.com\/www.24baires.com\/wp-content\/uploads\/2015\/11\/an%C3%ADbal-fern%C3%A1ndezz.jpg?resize=350%2C200 1x, https:\/\/i0.wp.com\/www.24baires.com\/wp-content\/uploads\/2015\/11\/an%C3%ADbal-fern%C3%A1ndezz.jpg?resize=525%2C300 1.5x"},"classes":[]},{"id":103789,"url":"http:\/\/www.24baires.com\/?p=103789","url_meta":{"origin":75580,"position":5},"title":"\u00abEl blindaje al gobierno se termina cuando quer\u00e9s darle de comer a los pibes y no te alcanza\u00bb","author":"AF","date":"09\/08\/2018","format":false,"excerpt":"A contramano del remanido \"lo peor ya pas\u00f3\" del presidente Mauricio Macri, An\u00edbal Fern\u00e1ndez advirti\u00f3 que el estancamiento econ\u00f3mico y la crisis va camino a profundizarse a\u00fan m\u00e1s. El ex jefe de Gabinete de la Naci\u00f3n, An\u00edbal Fern\u00e1ndez carg\u00f3 este jueves con dureza contra el gobierno de Mauricio Macri, al\u2026","rel":"","context":"En \u00abPol\u00edtica\u00bb","block_context":{"text":"Pol\u00edtica","link":"http:\/\/www.24baires.com\/?cat=51"},"img":{"alt_text":"","src":"https:\/\/i0.wp.com\/www.24baires.com\/wp-content\/uploads\/2015\/08\/an%C3%ADbal-cierre.jpg?resize=350%2C200","width":350,"height":200,"srcset":"https:\/\/i0.wp.com\/www.24baires.com\/wp-content\/uploads\/2015\/08\/an%C3%ADbal-cierre.jpg?resize=350%2C200 1x, https:\/\/i0.wp.com\/www.24baires.com\/wp-content\/uploads\/2015\/08\/an%C3%ADbal-cierre.jpg?resize=525%2C300 1.5x"},"classes":[]}],"jetpack_sharing_enabled":true,"jetpack_likes_enabled":true,"jetpack_featured_media_url":"","_links":{"self":[{"href":"http:\/\/www.24baires.com\/index.php?rest_route=\/wp\/v2\/posts\/75580","targetHints":{"allow":["GET"]}}],"collection":[{"href":"http:\/\/www.24baires.com\/index.php?rest_route=\/wp\/v2\/posts"}],"about":[{"href":"http:\/\/www.24baires.com\/index.php?rest_route=\/wp\/v2\/types\/post"}],"author":[{"embeddable":true,"href":"http:\/\/www.24baires.com\/index.php?rest_route=\/wp\/v2\/users\/4"}],"replies":[{"embeddable":true,"href":"http:\/\/www.24baires.com\/index.php?rest_route=%2Fwp%2Fv2%2Fcomments&post=75580"}],"version-history":[{"count":1,"href":"http:\/\/www.24baires.com\/index.php?rest_route=\/wp\/v2\/posts\/75580\/revisions"}],"predecessor-version":[{"id":75581,"href":"http:\/\/www.24baires.com\/index.php?rest_route=\/wp\/v2\/posts\/75580\/revisions\/75581"}],"wp:attachment":[{"href":"http:\/\/www.24baires.com\/index.php?rest_route=%2Fwp%2Fv2%2Fmedia&parent=75580"}],"wp:term":[{"taxonomy":"category","embeddable":true,"href":"http:\/\/www.24baires.com\/index.php?rest_route=%2Fwp%2Fv2%2Fcategories&post=75580"},{"taxonomy":"post_tag","embeddable":true,"href":"http:\/\/www.24baires.com\/index.php?rest_route=%2Fwp%2Fv2%2Ftags&post=75580"}],"curies":[{"name":"wp","href":"https:\/\/api.w.org\/{rel}","templated":true}]}}