{"id":75574,"date":"2015-11-24T21:43:28","date_gmt":"2015-11-25T00:43:28","guid":{"rendered":"http:\/\/www.24baires.com\/?p=75574"},"modified":"2015-11-25T11:20:13","modified_gmt":"2015-11-25T14:20:13","slug":"la-presidenta-inaugurara-manana-obras-en-el-posadas","status":"publish","type":"post","link":"http:\/\/www.24baires.com\/?p=75574","title":{"rendered":"La Presidenta inaugura hoy obras en el Posadas"},"content":{"rendered":"<p><img data-recalc-dims=\"1\" loading=\"lazy\" decoding=\"async\" src=\"https:\/\/i0.wp.com\/www.24baires.com\/wp-content\/uploads\/2015\/08\/cristina-cadena.jpg?resize=560%2C313\" alt=\"cristina cadena\" width=\"560\" height=\"313\" class=\"aligncenter size-full wp-image-70904\" srcset=\"https:\/\/i0.wp.com\/www.24baires.com\/wp-content\/uploads\/2015\/08\/cristina-cadena.jpg?w=560 560w, https:\/\/i0.wp.com\/www.24baires.com\/wp-content\/uploads\/2015\/08\/cristina-cadena.jpg?resize=300%2C168 300w\" sizes=\"auto, (max-width: 560px) 100vw, 560px\" \/>La Presidenta inaugurar\u00e1 obras en el Posadas, y mantendr\u00e1 videoconferencias con Entre R\u00edos, para presentar las nuevas instalaciones del hospital de Paran\u00e1, y en los centros de Ituzaing\u00f3 y Esteban Echeverr\u00eda<!--more--><\/p>\n<p>El acto, anunciado para las 13 horas, tendr\u00e1 como ejes las obras realizadas sobre el Hospital Posadas: un nuevo edificio para la guardia pedi\u00e1trica y el hall central del centro sanitario totalmente renovado.<\/p>\n<p>Adem\u00e1s se har\u00e1 entrega de once legajos a familiares de trabajadores del hospital detenidos y desaparecidos durante la \u00faltima dictadura militar.<\/p>\n<p>En lo que ser\u00e1 su primera aparici\u00f3n p\u00fablica tras el balotaje, Cristina adem\u00e1s establecer\u00e1 contacto con Paran\u00e1, para inaugurar por videoconferencia los consultorios externos y las \u00e1reas de laboratorio y diagn\u00f3stico por im\u00e1genes del hospital de la capital entrerriana.<\/p>\n<p>Seg\u00fan sus autoridades, en dicho centro de salud actualmente est\u00e1n siendo atendidas unas cuatrocientas personas por d\u00eda en los diferentes servicios.<\/p>\n<p>Tambi\u00e9n, en el hospital general de Agudos de Ituzaing\u00f3 y en el del Bicentenario de Esteban Echeverr\u00eda, la mandataria presentar\u00e1 obras en salas de terapia intermedia e intensiva, adem\u00e1s de equipamiento.<\/p>\n","protected":false},"excerpt":{"rendered":"<p>La Presidenta inaugurar\u00e1 obras en el Posadas, y mantendr\u00e1 videoconferencias con Entre R\u00edos, para presentar las nuevas instalaciones del hospital de Paran\u00e1, y en los centros de Ituzaing\u00f3 y Esteban Echeverr\u00eda<\/p>\n","protected":false},"author":8,"featured_media":0,"comment_status":"open","ping_status":"open","sticky":false,"template":"","format":"standard","meta":{"_jetpack_newsletter_access":"","_jetpack_dont_email_post_to_subs":false,"_jetpack_newsletter_tier_id":0,"_jetpack_memberships_contains_paywalled_content":false,"_jetpack_memberships_contains_paid_content":false,"footnotes":""},"categories":[51],"tags":[],"class_list":["post-75574","post","type-post","status-publish","format-standard","hentry","category-politica"],"jetpack_shortlink":"https:\/\/wp.me\/p2JWE0-jEW","jetpack-related-posts":[{"id":32181,"url":"http:\/\/www.24baires.com\/?p=32181","url_meta":{"origin":75574,"position":0},"title":"\u00abNosotros ponemos los recursos y otros que pongan la voluntad para construir juntos una Argentina mejor\u00bb","author":"GB","date":"20\/09\/2013","format":false,"excerpt":"Lo dijo Cristina Fern\u00e1ndez de Kirchner al inaugurar obras realizadas por la Confederaci\u00f3n Nacional de Cooperativas de Trabajo en los Bosques de Ezeiza. La acompa\u00f1aron Scioli, Alicia Kirchner, Granados e Insaurralde. La Jefa de Estado pidi\u00f3 a los representantes de otros partidos pol\u00edticos \"que apoyen en el Congreso\" cuando se\u2026","rel":"","context":"En \u00abPol\u00edtica\u00bb","block_context":{"text":"Pol\u00edtica","link":"http:\/\/www.24baires.com\/?cat=51"},"img":{"alt_text":"","src":"https:\/\/i0.wp.com\/www.24baires.com\/wp-content\/uploads\/2013\/09\/cristina-en-ezeiza.jpg?resize=350%2C200","width":350,"height":200},"classes":[]},{"id":115857,"url":"http:\/\/www.24baires.com\/?p=115857","url_meta":{"origin":75574,"position":1},"title":"El Presidente inaugura el sector Covid-19 del Hospital del Bicentenario de Ituzaing\u00f3","author":"GB","date":"05\/08\/2020","format":false,"excerpt":"El mandatario estar\u00e1 acompa\u00f1ado en la residencia de Olivos por la directora Ejecutiva del PAMI, Luana Volnovich, mientras que participar\u00e1n desde Ituzaing\u00f3 el ministro de Salud de la Naci\u00f3n, Gin\u00e9s Gonz\u00e1lez Garc\u00eda; el gobernador bonaerense, Axel Kicillof, y el intendente local, Alberto Descalzo. El presidente Alberto Fern\u00e1ndez encabezar\u00e1 a las\u2026","rel":"","context":"En \u00abPol\u00edtica\u00bb","block_context":{"text":"Pol\u00edtica","link":"http:\/\/www.24baires.com\/?cat=51"},"img":{"alt_text":"","src":"https:\/\/i0.wp.com\/www.24baires.com\/wp-content\/uploads\/2020\/05\/alberto-despacho.jpg?resize=350%2C200","width":350,"height":200,"srcset":"https:\/\/i0.wp.com\/www.24baires.com\/wp-content\/uploads\/2020\/05\/alberto-despacho.jpg?resize=350%2C200 1x, https:\/\/i0.wp.com\/www.24baires.com\/wp-content\/uploads\/2020\/05\/alberto-despacho.jpg?resize=525%2C300 1.5x"},"classes":[]},{"id":27033,"url":"http:\/\/www.24baires.com\/?p=27033","url_meta":{"origin":75574,"position":2},"title":"Cristina se puso la campa\u00f1a al hombro y se mostr\u00f3 con varios de sus candidatos","author":"Grupo Sierra","date":"27\/06\/2013","format":false,"excerpt":"\"No saben lo que es gestionar un pa\u00eds como la Argentina, 365 d\u00edas del a\u00f1o con las antenas paradas\", sostuvo la Presidenta y agreg\u00f3 que \"hay que seguir poniendo trabajo, esfuerzo, coherencia y mucha honestidad intelectual para seguir trabajando por la Argentina\".\u00a0 Tambi\u00e9n mantuvo otra videoconferencia con La Plata, en\u2026","rel":"","context":"En \u00abPol\u00edtica\u00bb","block_context":{"text":"Pol\u00edtica","link":"http:\/\/www.24baires.com\/?cat=51"},"img":{"alt_text":"","src":"https:\/\/i0.wp.com\/www.24baires.com\/wp-content\/uploads\/2013\/06\/cristina-churruca.jpg?resize=350%2C200","width":350,"height":200,"srcset":"https:\/\/i0.wp.com\/www.24baires.com\/wp-content\/uploads\/2013\/06\/cristina-churruca.jpg?resize=350%2C200 1x, https:\/\/i0.wp.com\/www.24baires.com\/wp-content\/uploads\/2013\/06\/cristina-churruca.jpg?resize=525%2C300 1.5x"},"classes":[]},{"id":65500,"url":"http:\/\/www.24baires.com\/?p=65500","url_meta":{"origin":75574,"position":3},"title":"Cristina inaugura un hospital pedi\u00e1trico en Chaco","author":"AF","date":"07\/05\/2015","format":false,"excerpt":"Cristina Fern\u00e1ndez de Kichner encabeza el acto de habilitaci\u00f3n del nuevo edificio del hospital Avelino Castel\u00e1n. Adem\u00e1s, inaugura por videoconferencia el Pabell\u00f3n argentino en la Bienal de Venecia 2015. La presidenta Cristina Fern\u00e1ndez encabeza desde las 13.25 en el Chaco el acto de habilitaci\u00f3n del nuevo edificio del hospital Pedi\u00e1trico\u2026","rel":"","context":"En \u00abSociedad\u00bb","block_context":{"text":"Sociedad","link":"http:\/\/www.24baires.com\/?cat=1"},"img":{"alt_text":"","src":"https:\/\/i0.wp.com\/www.24baires.com\/wp-content\/uploads\/2015\/05\/crist.jpg?resize=350%2C200","width":350,"height":200,"srcset":"https:\/\/i0.wp.com\/www.24baires.com\/wp-content\/uploads\/2015\/05\/crist.jpg?resize=350%2C200 1x, https:\/\/i0.wp.com\/www.24baires.com\/wp-content\/uploads\/2015\/05\/crist.jpg?resize=525%2C300 1.5x"},"classes":[]},{"id":117171,"url":"http:\/\/www.24baires.com\/?p=117171","url_meta":{"origin":75574,"position":4},"title":"Alberto Fern\u00e1ndez presentar\u00e1 cinco nuevos hospitales modulares","author":"GB","date":"11\/02\/2021","format":false,"excerpt":"Se trata de los primeros cinco hospitales modulares de un total de diecinueve que se est\u00e1n construyendo en ciudades tur\u00edsticas. El presidente Alberto Fern\u00e1ndez presentar\u00e1 los primeros 5 de los 19 hospitales modulares que se est\u00e1n construyendo en ciudades tur\u00edsticas. El mandatario encabezar\u00e1 el acto por videoconferencia donde mantendr\u00e1 contacto\u2026","rel":"","context":"En \u00abPol\u00edtica\u00bb","block_context":{"text":"Pol\u00edtica","link":"http:\/\/www.24baires.com\/?cat=51"},"img":{"alt_text":"","src":"https:\/\/i0.wp.com\/www.24baires.com\/wp-content\/uploads\/2021\/02\/alberto-medicos.jpg?resize=350%2C200","width":350,"height":200,"srcset":"https:\/\/i0.wp.com\/www.24baires.com\/wp-content\/uploads\/2021\/02\/alberto-medicos.jpg?resize=350%2C200 1x, https:\/\/i0.wp.com\/www.24baires.com\/wp-content\/uploads\/2021\/02\/alberto-medicos.jpg?resize=525%2C300 1.5x"},"classes":[]},{"id":115888,"url":"http:\/\/www.24baires.com\/?p=115888","url_meta":{"origin":75574,"position":5},"title":"Fern\u00e1ndez y Kicillof criticaron el hacinamiento en las c\u00e1rceles del pa\u00eds","author":"AF","date":"07\/08\/2020","format":false,"excerpt":"Los mandatarios inauguraron nuevas plazas en tres c\u00e1rceles del Servicio Penitenciario Bonaerense y anunciaron un plan de obras para el sector. Con la llegada de la pandemia y el Aislamiento Social Preventivo y Obligatorio, volvi\u00f3 a la escena p\u00fablica el debate sobre la superpoblaci\u00f3n en los lugares de encierro y\u2026","rel":"","context":"En \u00abSociedad\u00bb","block_context":{"text":"Sociedad","link":"http:\/\/www.24baires.com\/?cat=1"},"img":{"alt_text":"","src":"https:\/\/i0.wp.com\/www.24baires.com\/wp-content\/uploads\/2018\/04\/c%C3%A1rcel-virrey-del-pino.jpg?resize=350%2C200","width":350,"height":200,"srcset":"https:\/\/i0.wp.com\/www.24baires.com\/wp-content\/uploads\/2018\/04\/c%C3%A1rcel-virrey-del-pino.jpg?resize=350%2C200 1x, https:\/\/i0.wp.com\/www.24baires.com\/wp-content\/uploads\/2018\/04\/c%C3%A1rcel-virrey-del-pino.jpg?resize=525%2C300 1.5x"},"classes":[]}],"jetpack_sharing_enabled":true,"jetpack_likes_enabled":true,"jetpack_featured_media_url":"","_links":{"self":[{"href":"http:\/\/www.24baires.com\/index.php?rest_route=\/wp\/v2\/posts\/75574","targetHints":{"allow":["GET"]}}],"collection":[{"href":"http:\/\/www.24baires.com\/index.php?rest_route=\/wp\/v2\/posts"}],"about":[{"href":"http:\/\/www.24baires.com\/index.php?rest_route=\/wp\/v2\/types\/post"}],"author":[{"embeddable":true,"href":"http:\/\/www.24baires.com\/index.php?rest_route=\/wp\/v2\/users\/8"}],"replies":[{"embeddable":true,"href":"http:\/\/www.24baires.com\/index.php?rest_route=%2Fwp%2Fv2%2Fcomments&post=75574"}],"version-history":[{"count":2,"href":"http:\/\/www.24baires.com\/index.php?rest_route=\/wp\/v2\/posts\/75574\/revisions"}],"predecessor-version":[{"id":75590,"href":"http:\/\/www.24baires.com\/index.php?rest_route=\/wp\/v2\/posts\/75574\/revisions\/75590"}],"wp:attachment":[{"href":"http:\/\/www.24baires.com\/index.php?rest_route=%2Fwp%2Fv2%2Fmedia&parent=75574"}],"wp:term":[{"taxonomy":"category","embeddable":true,"href":"http:\/\/www.24baires.com\/index.php?rest_route=%2Fwp%2Fv2%2Fcategories&post=75574"},{"taxonomy":"post_tag","embeddable":true,"href":"http:\/\/www.24baires.com\/index.php?rest_route=%2Fwp%2Fv2%2Ftags&post=75574"}],"curies":[{"name":"wp","href":"https:\/\/api.w.org\/{rel}","templated":true}]}}