{"id":75571,"date":"2015-11-24T20:40:20","date_gmt":"2015-11-24T23:40:20","guid":{"rendered":"http:\/\/www.24baires.com\/?p=75571"},"modified":"2015-11-24T20:40:20","modified_gmt":"2015-11-24T23:40:20","slug":"scioli-insistio-en-tener-un-espiritu-de-colaboracion-con-macri","status":"publish","type":"post","link":"http:\/\/www.24baires.com\/?p=75571","title":{"rendered":"Scioli insisti\u00f3 en tener \u00abun esp\u00edritu de colaboraci\u00f3n\u00bb con Macri"},"content":{"rendered":"<p><img data-recalc-dims=\"1\" loading=\"lazy\" decoding=\"async\" src=\"https:\/\/i0.wp.com\/www.24baires.com\/wp-content\/uploads\/2015\/11\/scioli-abrazo.jpg?resize=380%2C253\" alt=\"scioli abrazo\" width=\"380\" height=\"253\" class=\"alignleft size-full wp-image-75235\" srcset=\"https:\/\/i0.wp.com\/www.24baires.com\/wp-content\/uploads\/2015\/11\/scioli-abrazo.jpg?w=380 380w, https:\/\/i0.wp.com\/www.24baires.com\/wp-content\/uploads\/2015\/11\/scioli-abrazo.jpg?resize=300%2C200 300w\" sizes=\"auto, (max-width: 380px) 100vw, 380px\" \/>El gobernador bonaerense y ex candidato presidencial del Frente para la Victoria (FpV), Daniel Scioli, lo asegur\u00f3 al participar por primera vez de un acto tras la derrota sufrida el domingo, y advirti\u00f3 que defender\u00e1 a quienes votaron al FpV.<!--more--><\/p>\n<p>Respecto a su futuro pol\u00edtico y a la relaci\u00f3n que tendr\u00e1 con el presidente electo, Scioli defini\u00f3: \u00abVoy a tener un esp\u00edritu de colaboraci\u00f3n porque soy respetuoso de la voluntad popular, pero siempre teniendo muy presente a esos 12 millones de trabajadores y buscar\u00e9 influenciar positivamente en el progreso del pa\u00eds\u00bb.<\/p>\n<p>Emocionado, el gobernador bonaerense declar\u00f3 a la prensa: \u00ab\u00bfSaben cu\u00e1l es mi orgullo? Nunca tuve que disfrazarme o cambiar, o prometer cosas que nunca iba a cumplir\u00bb.<\/p>\n<p>En la primera aparici\u00f3n p\u00fablica tras el balotaje del pasado domingo, Scioli visit\u00f3 el hospital &#8216;Alberto Balestrini&#8217; y entreg\u00f3 ambulancias y hospitales m\u00f3viles, acompa\u00f1ado por el intendente de La Matanza Fernando Espinoza, el ministro de Salud de la provincia Alejandro Collia y la ministra de Gobierno y diputada nacional electa Cristina \u00c1lvarez Rodr\u00edguez y la intendenta de La Matanza, Ver\u00f3nica Magario.<\/p>\n<p>Los llamados \u00abhospitales m\u00f3viles\u00bb son grandes unidades sanitarias en s\u00ed mismo que cuentan con tres consultorios para atenci\u00f3n m\u00e9dica ginecol\u00f3gica, cl\u00ednica m\u00e9dica, pediatr\u00eda y vacunaci\u00f3n, seg\u00fan explicaron desde la Gobernaci\u00f3n.<\/p>\n<p>El primero en tomar la palabra en el acto fue Espinoza, quien no dud\u00f3 en hablar sobre el rol que tendr\u00e1n junto a Daniel Scioli desde lo que defini\u00f3 una \u00aboposici\u00f3n constructiva\u00bb y resalt\u00f3 el rol del peronismo en el pr\u00f3ximo per\u00edodo.<\/p>\n<p>\u201cDaniel est\u00e1 hoy ac\u00e1, a dos d\u00edas de la elecci\u00f3n, para decirnos: &#8216;Tuvimos un traspi\u00e9, pero seguimos trabajando por la reorganizaci\u00f3n del peronismo para volver de ac\u00e1 a cuatro a\u00f1os a la Presidencia de la Naci\u00f3n&#8217;\u201d, remarc\u00f3 enf\u00e1tico el l\u00edder matancero.<\/p>\n<p>En ese sentido, el presidente del PJ bonaerense remarc\u00f3 que tanto \u00e9l como toda la militancia peronista ser\u00e1n \u201ccustodios de los derechos\u201d de los trabajadores.<\/p>\n<p>\u00abSabemos respetar la decisi\u00f3n popular y La Matanza le dice al presidente electo que le deseamos la mejor de la suertes en la gesti\u00f3n. Pero tambi\u00e9n le prometemos que vamos seguir defendiendo los derechos de los abuelos, de los j\u00f3venes de los descamisados y por eso seguimos trabajando dentro del peronismo\u00bb, concluy\u00f3.<\/p>\n<p>A su turno, Magario tambi\u00e9n se comprometi\u00f3 a seguir con la construcci\u00f3n de justicia social y a encarar todo un programa de desarrollo con base en el plan estrat\u00e9gico que se pens\u00f3 para el municipio desde la era de Alberto Balestrini y que se prosigui\u00f3 con Fernando Espinoza.<\/p>\n<p>\u00abVamos a poner en marcha la agenda de desarrollo que tenemos pensada para La Matanza. Sabemos qu\u00e9 es lo que debemos resolver y cu\u00e1les son las prioridades para que nuestros vecinos sigan ganando dignidad\u201d, dijo Magario quien se\u00f1al\u00f3: \u201cEstamos completamente abiertos al trabajo en conjunto con los nuevos gobiernos de la provincia y de la Naci\u00f3n, porque entendemos lo que el pueblo quiere\u201d.<\/p>\n<p>La intendenta electa de La Matanza sostuvo que \u201clos argentinos, los bonaerenses y los matanceros, queremos que todos los dirigentes podamos ponernos de acuerdo para hacer posible las obras que hacen falta\u00bb.<\/p>\n","protected":false},"excerpt":{"rendered":"<p>El gobernador bonaerense y ex candidato presidencial del Frente para la Victoria (FpV), Daniel Scioli, lo asegur\u00f3 al participar por primera vez de un acto tras la derrota sufrida el domingo, y advirti\u00f3 que defender\u00e1 a quienes votaron al FpV.<\/p>\n","protected":false},"author":8,"featured_media":0,"comment_status":"open","ping_status":"open","sticky":false,"template":"","format":"standard","meta":{"_jetpack_newsletter_access":"","_jetpack_dont_email_post_to_subs":false,"_jetpack_newsletter_tier_id":0,"_jetpack_memberships_contains_paywalled_content":false,"_jetpack_memberships_contains_paid_content":false,"footnotes":""},"categories":[51],"tags":[],"class_list":["post-75571","post","type-post","status-publish","format-standard","hentry","category-politica"],"jetpack_shortlink":"https:\/\/wp.me\/p2JWE0-jET","jetpack-related-posts":[{"id":101122,"url":"http:\/\/www.24baires.com\/?p=101122","url_meta":{"origin":75571,"position":0},"title":"Indagar\u00e1n a Scioli por irregularidades en la construcci\u00f3n de las UPA 24","author":"AF","date":"17\/03\/2018","format":false,"excerpt":"El ex gobernador Daniel Scioli y quien fuera su ministro de Salud, Alejandro Collia, fueron imputados y citados a prestar declaraci\u00f3n indagatoria en el marco de una causa que investiga presuntas irregularidades en la adjudicaci\u00f3n de ocho Unidades de Pronta Atenci\u00f3n (UPA 24) para las que se destinaron m\u00e1s de\u2026","rel":"","context":"En \u00abJUDICIALES\u00bb","block_context":{"text":"JUDICIALES","link":"http:\/\/www.24baires.com\/?cat=68"},"img":{"alt_text":"","src":"https:\/\/i0.wp.com\/www.24baires.com\/wp-content\/uploads\/2014\/05\/Daniel-Scioli.jpg?resize=350%2C200","width":350,"height":200,"srcset":"https:\/\/i0.wp.com\/www.24baires.com\/wp-content\/uploads\/2014\/05\/Daniel-Scioli.jpg?resize=350%2C200 1x, https:\/\/i0.wp.com\/www.24baires.com\/wp-content\/uploads\/2014\/05\/Daniel-Scioli.jpg?resize=525%2C300 1.5x"},"classes":[]},{"id":108387,"url":"http:\/\/www.24baires.com\/?p=108387","url_meta":{"origin":75571,"position":1},"title":"Scioli ratific\u00f3 su candidatura presidencial","author":"GB","date":"25\/05\/2019","format":false,"excerpt":"El exgobernador de la Provincia de Buenos Aires particip\u00f3 del Congreso Educativo de Ajedrez que se realiz\u00f3 en la ciudad balnearia y manifest\u00f3 sus deseos de ser el primer mandatario del pa\u00eds despu\u00e9s del 10 de diciembre, sin embargo aclar\u00f3: \u201cVer\u00e9 como peronista en qu\u00e9 lugar puedo hacer mi mayor\u2026","rel":"","context":"En \u00abPol\u00edtica\u00bb","block_context":{"text":"Pol\u00edtica","link":"http:\/\/www.24baires.com\/?cat=51"},"img":{"alt_text":"","src":"https:\/\/i0.wp.com\/www.24baires.com\/wp-content\/uploads\/2019\/05\/scioli-mar-del.jpg?resize=350%2C200","width":350,"height":200,"srcset":"https:\/\/i0.wp.com\/www.24baires.com\/wp-content\/uploads\/2019\/05\/scioli-mar-del.jpg?resize=350%2C200 1x, https:\/\/i0.wp.com\/www.24baires.com\/wp-content\/uploads\/2019\/05\/scioli-mar-del.jpg?resize=525%2C300 1.5x"},"classes":[]},{"id":120181,"url":"http:\/\/www.24baires.com\/?p=120181","url_meta":{"origin":75571,"position":2},"title":"El Frente de Todos pasa a llamarse \u00abUni\u00f3n por la Patria\u00bb","author":"AF","date":"14\/06\/2023","format":false,"excerpt":"Los distintos sectores que componen el frente oficialista mantienen reuniones para definir, entre otras cosas, la constituci\u00f3n de su junta partidaria y el reglamento electoral que fijar\u00e1 pisos y porcentajes para la integraci\u00f3n de listas. El Frente de Todos (FdT) se llamar\u00e1 Uni\u00f3n por la Patria (UxP) en las pr\u00f3ximas\u2026","rel":"","context":"En \u00abPol\u00edtica\u00bb","block_context":{"text":"Pol\u00edtica","link":"http:\/\/www.24baires.com\/?cat=51"},"img":{"alt_text":"","src":"https:\/\/i0.wp.com\/www.24baires.com\/wp-content\/uploads\/2023\/06\/cfk-25-5.png?resize=350%2C200","width":350,"height":200,"srcset":"https:\/\/i0.wp.com\/www.24baires.com\/wp-content\/uploads\/2023\/06\/cfk-25-5.png?resize=350%2C200 1x, https:\/\/i0.wp.com\/www.24baires.com\/wp-content\/uploads\/2023\/06\/cfk-25-5.png?resize=525%2C300 1.5x, https:\/\/i0.wp.com\/www.24baires.com\/wp-content\/uploads\/2023\/06\/cfk-25-5.png?resize=700%2C400 2x, https:\/\/i0.wp.com\/www.24baires.com\/wp-content\/uploads\/2023\/06\/cfk-25-5.png?resize=1050%2C600 3x"},"classes":[]},{"id":102717,"url":"http:\/\/www.24baires.com\/?p=102717","url_meta":{"origin":75571,"position":3},"title":"Stolbizer: \u00abLa gesti\u00f3n de Vidal es tan mala como la de Scioli\u00bb","author":"GB","date":"13\/06\/2018","format":false,"excerpt":"La l\u00edder del GEN endureci\u00f3 su discurso contra la Gobernadora y afirm\u00f3 que \"no puede mostrar avances\" en educaci\u00f3n, salud y seguridad. Margarita Stolbizer abandon\u00f3 el discurso conciliador con Mar\u00eda Eugenia Vidal y afirm\u00f3 que su gesti\u00f3n \"es tan mala\" como la de su antecesor Daniel Scioli. Durante una visita\u2026","rel":"","context":"En \u00abPol\u00edtica\u00bb","block_context":{"text":"Pol\u00edtica","link":"http:\/\/www.24baires.com\/?cat=51"},"img":{"alt_text":"","src":"https:\/\/i0.wp.com\/www.24baires.com\/wp-content\/uploads\/2016\/08\/vidal-stolbizer.jpg?resize=350%2C200","width":350,"height":200,"srcset":"https:\/\/i0.wp.com\/www.24baires.com\/wp-content\/uploads\/2016\/08\/vidal-stolbizer.jpg?resize=350%2C200 1x, https:\/\/i0.wp.com\/www.24baires.com\/wp-content\/uploads\/2016\/08\/vidal-stolbizer.jpg?resize=525%2C300 1.5x"},"classes":[]},{"id":120226,"url":"http:\/\/www.24baires.com\/?p=120226","url_meta":{"origin":75571,"position":4},"title":"Cristina recibi\u00f3 a Scioli: \u201cA seguir trabajando, que es lo que hay que hacer\u201d","author":"AF","date":"28\/06\/2023","format":false,"excerpt":"\"Hablamos mucho, con sinceridad y con el respeto de siempre. Me transmiti\u00f3 que su vocaci\u00f3n es ayudar y colaborar como un compa\u00f1ero m\u00e1s\", asegur\u00f3 a trav\u00e9s de las redes sociales la Vicepresidenta sobre el encuentro. La Vicepresidenta Cristina Fern\u00e1ndez de Kirchner public\u00f3 en redes sociales una foto con el embajador\u2026","rel":"","context":"En \u00abPol\u00edtica\u00bb","block_context":{"text":"Pol\u00edtica","link":"http:\/\/www.24baires.com\/?cat=51"},"img":{"alt_text":"","src":"https:\/\/i0.wp.com\/www.24baires.com\/wp-content\/uploads\/2023\/06\/WhatsApp-Image-2023-06-28-at-23.30.42.jpeg?resize=350%2C200","width":350,"height":200,"srcset":"https:\/\/i0.wp.com\/www.24baires.com\/wp-content\/uploads\/2023\/06\/WhatsApp-Image-2023-06-28-at-23.30.42.jpeg?resize=350%2C200 1x, https:\/\/i0.wp.com\/www.24baires.com\/wp-content\/uploads\/2023\/06\/WhatsApp-Image-2023-06-28-at-23.30.42.jpeg?resize=525%2C300 1.5x, https:\/\/i0.wp.com\/www.24baires.com\/wp-content\/uploads\/2023\/06\/WhatsApp-Image-2023-06-28-at-23.30.42.jpeg?resize=700%2C400 2x"},"classes":[]},{"id":103352,"url":"http:\/\/www.24baires.com\/?p=103352","url_meta":{"origin":75571,"position":5},"title":"In\u00e9dito: La Provincia no tiene opositores en los \u00f3rganos de contralor del gobierno","author":"Grupo Sierra","date":"15\/07\/2018","format":false,"excerpt":"El nombramiento de Mar\u00eda Fernanda Inza como contadora general de la Provincia, que Mar\u00eda Eugenia Vidal apur\u00f3 la semana que pas\u00f3 a favor de la mayor\u00eda que posee en el Senado y el oportuno apoyo de un representante del massismo, termin\u00f3 de consolidar una situaci\u00f3n con pocos antecedentes: todos los\u2026","rel":"","context":"En \u00abProvincia\u00bb","block_context":{"text":"Provincia","link":"http:\/\/www.24baires.com\/?cat=40"},"img":{"alt_text":"","src":"https:\/\/i0.wp.com\/www.dib.com.ar\/gestion\/images\/blogmanagement\/noticias\/thumb\/5b4b9524cb0ac1531680036.jpg?resize=350%2C200","width":350,"height":200,"srcset":"https:\/\/i0.wp.com\/www.dib.com.ar\/gestion\/images\/blogmanagement\/noticias\/thumb\/5b4b9524cb0ac1531680036.jpg?resize=350%2C200 1x, https:\/\/i0.wp.com\/www.dib.com.ar\/gestion\/images\/blogmanagement\/noticias\/thumb\/5b4b9524cb0ac1531680036.jpg?resize=525%2C300 1.5x"},"classes":[]}],"jetpack_sharing_enabled":true,"jetpack_likes_enabled":true,"jetpack_featured_media_url":"","_links":{"self":[{"href":"http:\/\/www.24baires.com\/index.php?rest_route=\/wp\/v2\/posts\/75571","targetHints":{"allow":["GET"]}}],"collection":[{"href":"http:\/\/www.24baires.com\/index.php?rest_route=\/wp\/v2\/posts"}],"about":[{"href":"http:\/\/www.24baires.com\/index.php?rest_route=\/wp\/v2\/types\/post"}],"author":[{"embeddable":true,"href":"http:\/\/www.24baires.com\/index.php?rest_route=\/wp\/v2\/users\/8"}],"replies":[{"embeddable":true,"href":"http:\/\/www.24baires.com\/index.php?rest_route=%2Fwp%2Fv2%2Fcomments&post=75571"}],"version-history":[{"count":1,"href":"http:\/\/www.24baires.com\/index.php?rest_route=\/wp\/v2\/posts\/75571\/revisions"}],"predecessor-version":[{"id":75572,"href":"http:\/\/www.24baires.com\/index.php?rest_route=\/wp\/v2\/posts\/75571\/revisions\/75572"}],"wp:attachment":[{"href":"http:\/\/www.24baires.com\/index.php?rest_route=%2Fwp%2Fv2%2Fmedia&parent=75571"}],"wp:term":[{"taxonomy":"category","embeddable":true,"href":"http:\/\/www.24baires.com\/index.php?rest_route=%2Fwp%2Fv2%2Fcategories&post=75571"},{"taxonomy":"post_tag","embeddable":true,"href":"http:\/\/www.24baires.com\/index.php?rest_route=%2Fwp%2Fv2%2Ftags&post=75571"}],"curies":[{"name":"wp","href":"https:\/\/api.w.org\/{rel}","templated":true}]}}