{"id":75568,"date":"2015-11-24T20:17:00","date_gmt":"2015-11-24T23:17:00","guid":{"rendered":"http:\/\/www.24baires.com\/?p=75568"},"modified":"2015-11-24T20:17:00","modified_gmt":"2015-11-24T23:17:00","slug":"susana-malcorra-sera-la-canciller-del-gobierno-de-macri","status":"publish","type":"post","link":"http:\/\/www.24baires.com\/?p=75568","title":{"rendered":"Susana Malcorra ser\u00e1 la canciller del gobierno de Macri"},"content":{"rendered":"<p>As\u00ed lo anunci\u00f3 el propio presidente electo a trav\u00e9s de la redes sociales. La futura ministra de Relaciones Exteriores es rosarina y actualmente se desempe\u00f1a como jefa de Gabinete del Secretario General de la ONU.<!--more--><\/p>\n<p>As\u00ed lo anunci\u00f3 el propio presidente electo a trav\u00e9s de la redes sociales. La futura ministra de Relaciones Exteriores es rosarina y actualmente se desempe\u00f1a como jefa de Gabinete  del Secretario General de la ONU, Ban Ki-moon.<\/p>\n<p>\u201cEstoy muy contento y orgulloso de anunciar que Susana Malcorra ser\u00e1 la canciller de mi gobierno\u201d, destac\u00f3 esta tarde Macri en sus cuentas de Twitter y Facebook.<br \/>\nEl presidente electo explic\u00f3 que  actualmente Malcorra es la jefa de Gabinete del Secretario General de las Naciones Unidas, Ban Ki-moon.<\/p>\n<p>Y a\u00f1adi\u00f3 que la rosarina es \u201cuna persona de ampl\u00edsimo conocimiento que comprende en detalle la agenda internacional que hoy mueve al mundo\u201d.<\/p>\n<p>\u201cEn las Naciones Unidas, antes de su actual posici\u00f3n, se desempe\u00f1\u00f3 como Secretaria General Adjunta del Departamento de<br \/>\nApoyo a las Actividades sobre el Terreno, donde brindaba ayuda log\u00edstica a las misiones de paz desplegadas en los distintos puntos del planeta\u201d, consign\u00f3 Macri.<\/p>\n<p>El pr\u00f3ximo presidente describi\u00f3 a su futura canciller \u201ces una mujer inteligente, vigorosa y sabia\u201d y resalt\u00f3 que \u201cviene a sumar su visi\u00f3n de la pol\u00edtica internacional en esta nueva etapa de cambio que pronto empezaremos\u201d.<\/p>\n","protected":false},"excerpt":{"rendered":"<p>As\u00ed lo anunci\u00f3 el propio presidente electo a trav\u00e9s de la redes sociales. La futura ministra de Relaciones Exteriores es rosarina y actualmente se desempe\u00f1a como jefa de Gabinete del Secretario General de la ONU.<\/p>\n","protected":false},"author":8,"featured_media":0,"comment_status":"open","ping_status":"open","sticky":false,"template":"","format":"standard","meta":{"_jetpack_newsletter_access":"","_jetpack_dont_email_post_to_subs":false,"_jetpack_newsletter_tier_id":0,"_jetpack_memberships_contains_paywalled_content":false,"_jetpack_memberships_contains_paid_content":false,"footnotes":""},"categories":[51],"tags":[],"class_list":["post-75568","post","type-post","status-publish","format-standard","hentry","category-politica"],"jetpack_shortlink":"https:\/\/wp.me\/p2JWE0-jEQ","jetpack-related-posts":[{"id":82965,"url":"http:\/\/www.24baires.com\/?p=82965","url_meta":{"origin":75568,"position":0},"title":"Confirman la candidatura de Malcorra a la secretar\u00eda general de la ONU","author":"GB","date":"20\/05\/2016","format":false,"excerpt":"De ser electa, Malcorra se convertir\u00eda en la primera mujer en ocupar el cargo que hoy detenta el surcoreano Ban Ki Moon al tiempo que por segunda vez desde el nacimiento de la ONU en 1945 un latinoamericano estar\u00eda al frente del organismo multilateral. El presidente Mauricio Macri present\u00f3 este\u2026","rel":"","context":"En \u00abPol\u00edtica\u00bb","block_context":{"text":"Pol\u00edtica","link":"http:\/\/www.24baires.com\/?cat=51"},"img":{"alt_text":"susana malcorra","src":"https:\/\/i0.wp.com\/www.24baires.com\/wp-content\/uploads\/2015\/12\/susana-malcorra.jpg?resize=350%2C200","width":350,"height":200,"srcset":"https:\/\/i0.wp.com\/www.24baires.com\/wp-content\/uploads\/2015\/12\/susana-malcorra.jpg?resize=350%2C200 1x, https:\/\/i0.wp.com\/www.24baires.com\/wp-content\/uploads\/2015\/12\/susana-malcorra.jpg?resize=525%2C300 1.5x"},"classes":[]},{"id":81793,"url":"http:\/\/www.24baires.com\/?p=81793","url_meta":{"origin":75568,"position":1},"title":"Malcorra no descarta postularse para la Secretar\u00eda de la ONU","author":"AF","date":"22\/04\/2016","format":false,"excerpt":"La canciller argentina se mostr\u00f3 abierta a la posibilidad de postularse para ese cargo aunque aclar\u00f3 que \"es un tema que est\u00e1 en manos del Presidente Macri y en manos de la regi\u00f3n\". La canciller Susana Malcorra no descart\u00f3 ser candidata a suceder a Ban Ki-moon en la secretar\u00eda general\u2026","rel":"","context":"En \u00abPol\u00edtica\u00bb","block_context":{"text":"Pol\u00edtica","link":"http:\/\/www.24baires.com\/?cat=51"},"img":{"alt_text":"susana malcorra","src":"https:\/\/i0.wp.com\/www.24baires.com\/wp-content\/uploads\/2015\/12\/susana-malcorra.jpg?resize=350%2C200","width":350,"height":200,"srcset":"https:\/\/i0.wp.com\/www.24baires.com\/wp-content\/uploads\/2015\/12\/susana-malcorra.jpg?resize=350%2C200 1x, https:\/\/i0.wp.com\/www.24baires.com\/wp-content\/uploads\/2015\/12\/susana-malcorra.jpg?resize=525%2C300 1.5x"},"classes":[]},{"id":85281,"url":"http:\/\/www.24baires.com\/?p=85281","url_meta":{"origin":75568,"position":2},"title":"Malcorra qued\u00f3 pr\u00e1cticamente fuera de carrera para presidir la ONU","author":"Grupo Sierra","date":"21\/07\/2016","format":false,"excerpt":"En la primera votaci\u00f3n para secretario general del organismo, el portugu\u00e9s Antonio Guterres se qued\u00f3 con el primer lugar, relegando las expectativas de la candidata argentina promocionada por el jefe de Gabinete, Marcos Pe\u00f1a. Se prev\u00e9 que el procedimiento de selecci\u00f3n culmine en octubre. Una extensa gira por m\u00e1s de\u2026","rel":"","context":"En \u00abInternacionales\u00bb","block_context":{"text":"Internacionales","link":"http:\/\/www.24baires.com\/?cat=73"},"img":{"alt_text":"","src":"https:\/\/i0.wp.com\/www.24baires.com\/wp-content\/uploads\/2016\/07\/malcorra.jpg?resize=350%2C200","width":350,"height":200,"srcset":"https:\/\/i0.wp.com\/www.24baires.com\/wp-content\/uploads\/2016\/07\/malcorra.jpg?resize=350%2C200 1x, https:\/\/i0.wp.com\/www.24baires.com\/wp-content\/uploads\/2016\/07\/malcorra.jpg?resize=525%2C300 1.5x"},"classes":[]},{"id":87362,"url":"http:\/\/www.24baires.com\/?p=87362","url_meta":{"origin":75568,"position":3},"title":"Malcorra anunci\u00f3 que Argentina se quiere asociar a Gran Breta\u00f1a en Malvinas","author":"GB","date":"08\/09\/2016","format":false,"excerpt":"Es para que ambos pa\u00edses exploten en conjunto el petr\u00f3leo de la islas. Adem\u00e1s, la canciller asegur\u00f3 que en el corto plazo volver\u00e1n los vuelvos directos al territorio ocupado por los ingleses y critic\u00f3 con dureza al gobierno anterior. Calific\u00f3 a los Kelpers como \"buenos vecinos\". Todos los detalles. La\u2026","rel":"","context":"En \u00abPol\u00edtica\u00bb","block_context":{"text":"Pol\u00edtica","link":"http:\/\/www.24baires.com\/?cat=51"},"img":{"alt_text":"","src":"https:\/\/i0.wp.com\/www.24baires.com\/wp-content\/uploads\/2016\/09\/malcorra..jpg?resize=350%2C200","width":350,"height":200,"srcset":"https:\/\/i0.wp.com\/www.24baires.com\/wp-content\/uploads\/2016\/09\/malcorra..jpg?resize=350%2C200 1x, https:\/\/i0.wp.com\/www.24baires.com\/wp-content\/uploads\/2016\/09\/malcorra..jpg?resize=525%2C300 1.5x"},"classes":[]},{"id":75888,"url":"http:\/\/www.24baires.com\/?p=75888","url_meta":{"origin":75568,"position":4},"title":"Lousteau ser\u00e1 el nuevo embajador en los Estados Unidos","author":"GB","date":"02\/12\/2015","format":false,"excerpt":"El presidente electo, Mauricio Macri, quien hoy present\u00f3 a su gabinete, lo design\u00f3 luego de una reuni\u00f3n que mantuvo con el futuro jefe de Gabinete, Marcos Pe\u00f1a, y la futura canciller, Susana Malcorra. Lousteau, que cumplir\u00e1 45 a\u00f1os el martes pr\u00f3ximo, es diputado nacional y anteriormente se desempe\u00f1\u00f3 como ministro\u2026","rel":"","context":"En \u00abPol\u00edtica\u00bb","block_context":{"text":"Pol\u00edtica","link":"http:\/\/www.24baires.com\/?cat=51"},"img":{"alt_text":"lousteau","src":"https:\/\/i0.wp.com\/www.24baires.com\/wp-content\/uploads\/2014\/03\/lousteau.jpg?resize=350%2C200","width":350,"height":200,"srcset":"https:\/\/i0.wp.com\/www.24baires.com\/wp-content\/uploads\/2014\/03\/lousteau.jpg?resize=350%2C200 1x, https:\/\/i0.wp.com\/www.24baires.com\/wp-content\/uploads\/2014\/03\/lousteau.jpg?resize=525%2C300 1.5x"},"classes":[]},{"id":92149,"url":"http:\/\/www.24baires.com\/?p=92149","url_meta":{"origin":75568,"position":5},"title":"Imputan a Malcorra por uso de fondos para impulsar su candidatura en la ONU","author":"GB","date":"05\/02\/2017","format":false,"excerpt":"El fiscal tambi\u00e9n pidi\u00f3 que el Jefe de Gabinete informe si los gastos utilizados en la candidatura de Malcorra para acceder a la Secretar\u00eda General de la ONU fueron autorizados por el Presidente. El fiscal federal Patricio Evers imput\u00f3 a la canciller Susana Malcorra por haber utilizado m\u00e1s de $\u2026","rel":"","context":"En \u00abPol\u00edtica\u00bb","block_context":{"text":"Pol\u00edtica","link":"http:\/\/www.24baires.com\/?cat=51"},"img":{"alt_text":"","src":"https:\/\/i0.wp.com\/www.24baires.com\/wp-content\/uploads\/2016\/09\/malcorra..jpg?resize=350%2C200","width":350,"height":200,"srcset":"https:\/\/i0.wp.com\/www.24baires.com\/wp-content\/uploads\/2016\/09\/malcorra..jpg?resize=350%2C200 1x, https:\/\/i0.wp.com\/www.24baires.com\/wp-content\/uploads\/2016\/09\/malcorra..jpg?resize=525%2C300 1.5x"},"classes":[]}],"jetpack_sharing_enabled":true,"jetpack_likes_enabled":true,"jetpack_featured_media_url":"","_links":{"self":[{"href":"http:\/\/www.24baires.com\/index.php?rest_route=\/wp\/v2\/posts\/75568","targetHints":{"allow":["GET"]}}],"collection":[{"href":"http:\/\/www.24baires.com\/index.php?rest_route=\/wp\/v2\/posts"}],"about":[{"href":"http:\/\/www.24baires.com\/index.php?rest_route=\/wp\/v2\/types\/post"}],"author":[{"embeddable":true,"href":"http:\/\/www.24baires.com\/index.php?rest_route=\/wp\/v2\/users\/8"}],"replies":[{"embeddable":true,"href":"http:\/\/www.24baires.com\/index.php?rest_route=%2Fwp%2Fv2%2Fcomments&post=75568"}],"version-history":[{"count":1,"href":"http:\/\/www.24baires.com\/index.php?rest_route=\/wp\/v2\/posts\/75568\/revisions"}],"predecessor-version":[{"id":75569,"href":"http:\/\/www.24baires.com\/index.php?rest_route=\/wp\/v2\/posts\/75568\/revisions\/75569"}],"wp:attachment":[{"href":"http:\/\/www.24baires.com\/index.php?rest_route=%2Fwp%2Fv2%2Fmedia&parent=75568"}],"wp:term":[{"taxonomy":"category","embeddable":true,"href":"http:\/\/www.24baires.com\/index.php?rest_route=%2Fwp%2Fv2%2Fcategories&post=75568"},{"taxonomy":"post_tag","embeddable":true,"href":"http:\/\/www.24baires.com\/index.php?rest_route=%2Fwp%2Fv2%2Ftags&post=75568"}],"curies":[{"name":"wp","href":"https:\/\/api.w.org\/{rel}","templated":true}]}}