{"id":75565,"date":"2015-11-24T19:40:11","date_gmt":"2015-11-24T22:40:11","guid":{"rendered":"http:\/\/www.24baires.com\/?p=75565"},"modified":"2015-11-24T19:40:11","modified_gmt":"2015-11-24T22:40:11","slug":"lombardi-aseguro-que-seguiran-encuentro-paka-paka-tecnopolis-y-el-cck","status":"publish","type":"post","link":"http:\/\/www.24baires.com\/?p=75565","title":{"rendered":"Lombardi asegur\u00f3 que seguir\u00e1n Encuentro, Paka Paka, Tecn\u00f3polis y el CCK"},"content":{"rendered":"<p><img data-recalc-dims=\"1\" loading=\"lazy\" decoding=\"async\" src=\"https:\/\/i0.wp.com\/www.24baires.com\/wp-content\/uploads\/2014\/07\/tecnopolis.jpg?resize=560%2C34\" alt=\"----tecnopolis\" width=\"560\" height=\"34\" class=\"aligncenter size-full wp-image-50137\" srcset=\"https:\/\/i0.wp.com\/www.24baires.com\/wp-content\/uploads\/2014\/07\/tecnopolis.jpg?w=560 560w, https:\/\/i0.wp.com\/www.24baires.com\/wp-content\/uploads\/2014\/07\/tecnopolis.jpg?resize=300%2C18 300w\" sizes=\"auto, (max-width: 560px) 100vw, 560px\" \/>Lo indic\u00f3 el actual ministro de Cultura porte\u00f1o y designado por el presidente electo Mauricio Macri como el nuevo encargado de los medios p\u00fablicos de la Naci\u00f3n. Destac\u00f3, adem\u00e1s, que su gesti\u00f3n buscar\u00e1 la \u00abpluralidad de voces\u00bb.<!--more--><\/p>\n<p>Lombardi explic\u00f3 tambi\u00e9n que una definici\u00f3n \u00abde valores: el primero ser\u00e1 la pluralidad, la tolerancia y el respeto para que todas las voces tengan lugar\u00bb al poner en valor el \u00abnoble oficio del periodismo\u00bb; y tambi\u00e9n de revisar \u00abla calidad de la cultura que no tiene por qu\u00e9 ser elitista, pero s\u00ed de gran calidad\u00bb.<\/p>\n<p>En di\u00e1logo con radio Del Plata, Lombardi explic\u00f3 que ser\u00e1 encargado de los medios p\u00fablicos, pero tambi\u00e9n pedir\u00e1 la administraci\u00f3n de los canales Paka Paka y Encuentro (actualmente en la \u00f3rbita del Ministerio de Educaci\u00f3n), Tecn\u00f3polis -al que calific\u00f3 como un lugar \u00abvalioso\u00bb- y el Centro Cultural N\u00e9stor Kirchner.<\/p>\n<p>Sobre este \u00faltimo, mencion\u00f3 que \u00abseguramente\u00bb enviar\u00e1n un \u00abproyecto de Ley al Congreso pidiendo restaurar lo que el mismo N\u00e9stor Kirchner propuso, es decir, que se llamara Centro Cultural del Bicentenario\u00bb; aunque asever\u00f3 que el ex mandatario \u00abcomo cualquier presidente constitucional que fue electo por los argentinos, merece siempre ser reconocido\u00bb, sin embargo, juzg\u00f3 que \u00abha habido una exageraci\u00f3n con la toponimia\u00bb.<\/p>\n<p>Para Lombardi, la decisi\u00f3n de Macri de \u00abhaber nombrado a Esteban Bullrich como ministro de Educaci\u00f3n y ahora hablar de c\u00f3mo poder construir medios p\u00fablicos que sean de todos y no de algunos, del Estado y no del gobierno, es un orgullo\u00bb y lo pone \u00abmuy contento\u00bb.<\/p>\n<p>\u00abTiene que ver con asegurar la libertad y circulaci\u00f3n de la informaci\u00f3n de los argentinos: empezar con la educaci\u00f3n y trabajar con esto muestra un esp\u00edritu de lo que est\u00e1 pensando Mauricio Macri para el futuro\u00bb, asever\u00f3.<\/p>\n<p>Adem\u00e1s, rescat\u00f3 el \u00abnoble oficio\u00bb del periodista al hacer \u00e9nfasis en \u00ablo que pas\u00f3 ayer tras el editorial de La Naci\u00f3n; o con los trabajadores del noticiero de la Televisi\u00f3n P\u00fablica\u00bb, ya que \u00abno hay que pensarlo como alguien que recibe \u00f3rdenes mec\u00e1nicamente ni de un funcionario ni de un propietario: cuando cada uno eligi\u00f3 su vocaci\u00f3n, eligi\u00f3 el servicio\u00bb.<\/p>\n<p>\u00abAdem\u00e1s hay medios muy vinculados con la calidad de la cultura, que no tiene por qu\u00e9 ser elitista: de hecho, la calidad no tiene nada que ver con el elitismo\u00bb, asever\u00f3 Lombardi, y ejemplific\u00f3 con algunas de las pol\u00edticas que llev\u00f3 adelante en el ministerio porte\u00f1o: \u00abse pueden hacer cosas de gran calidad y simult\u00e1neamente tener mucha audiencia, alejados de todo elitismo pero buscando una transmisi\u00f3n cultural de calidad\u00bb, afirm\u00f3.<\/p>\n<p>En relaci\u00f3n a los contenidos de la Televisi\u00f3n P\u00fablica, el funcionario asegur\u00f3 que est\u00e1n \u00abreflexionando\u00bb sobre ellos, pero \u00aben principio deber\u00eda haber programas period\u00edsticos y de an\u00e1lisis que reflejen las diversas tendencias de los argentinos\u00bb.<\/p>\n<p>\u00abEl que realiza un trabajo socialmente necesario tiene que tener la tranquilidad de que va a tener un lugar de respeto como sucedi\u00f3 en la Ciudad\u00bb, en donde \u00abse consiguieron cosas respecto de la planta de empleados p\u00fablicos que nunca se han conseguido, como escalonamientos y escalafones\u00bb, plante\u00f3 y afirm\u00f3 que \u00abno han habido casi conflictos pero s\u00ed exigencias, porque el trabajador p\u00fablico valora eso porque se siente respetado\u00bb.<\/p>\n<p>Lombardi confirm\u00f3 \u00abla continuidad de todo\u00bb, y asever\u00f3: \u00abHay que despartidizar, pero no decimos nunca desideologizar; porque todas las voces tienen que tener lugar\u00bb.<\/p>\n<p>\u00abEst\u00e1n pensados los valores que vamos a defender: el valor de la pluralidad, la tolerancia, el respeto y la diversidad, y mucha gente que ha tenido voz la seguir\u00e1 teniendo, porque construiremos un futuro para todos de verdad, no para unos que excluyan a los otros\u00bb, concluy\u00f3.<\/p>\n","protected":false},"excerpt":{"rendered":"<p>Lo indic\u00f3 el actual ministro de Cultura porte\u00f1o y designado por el presidente electo Mauricio Macri como el nuevo encargado de los medios p\u00fablicos de la Naci\u00f3n. Destac\u00f3, adem\u00e1s, que su gesti\u00f3n buscar\u00e1 la \u00abpluralidad de voces\u00bb.<\/p>\n","protected":false},"author":8,"featured_media":0,"comment_status":"open","ping_status":"open","sticky":false,"template":"","format":"standard","meta":{"_jetpack_newsletter_access":"","_jetpack_dont_email_post_to_subs":false,"_jetpack_newsletter_tier_id":0,"_jetpack_memberships_contains_paywalled_content":false,"_jetpack_memberships_contains_paid_content":false,"footnotes":""},"categories":[51],"tags":[],"class_list":["post-75565","post","type-post","status-publish","format-standard","hentry","category-politica"],"jetpack_shortlink":"https:\/\/wp.me\/p2JWE0-jEN","jetpack-related-posts":[{"id":90522,"url":"http:\/\/www.24baires.com\/?p=90522","url_meta":{"origin":75565,"position":0},"title":"Encuentro y Paka Paka pasan al Sistema Federal de Medios P\u00fablicos","author":"AF","date":"05\/12\/2016","format":false,"excerpt":"El gobierno cre\u00f3 la estructura \u201cContenidos P\u00fablicos Sociedad del Estado\u201d, bajo la \u00f3rbita del Sistema Federal de Medios y Contenidos P\u00fablicos de la jefatura de Gabinete, que gestionar\u00e1 y operar\u00e1 las se\u00f1ales Encuentro, Paka Paka y Depor TV, entre otras, que actualmente depend\u00edan del ministerio de Educaci\u00f3n. As\u00ed lo dispuso\u2026","rel":"","context":"En \u00abSociedad\u00bb","block_context":{"text":"Sociedad","link":"http:\/\/www.24baires.com\/?cat=1"},"img":{"alt_text":"ZAMBA PAKA","src":"https:\/\/i0.wp.com\/www.24baires.com\/wp-content\/uploads\/2015\/02\/ZAMBA-PAKA.jpg?resize=350%2C200","width":350,"height":200,"srcset":"https:\/\/i0.wp.com\/www.24baires.com\/wp-content\/uploads\/2015\/02\/ZAMBA-PAKA.jpg?resize=350%2C200 1x, https:\/\/i0.wp.com\/www.24baires.com\/wp-content\/uploads\/2015\/02\/ZAMBA-PAKA.jpg?resize=525%2C300 1.5x"},"classes":[]},{"id":13069,"url":"http:\/\/www.24baires.com\/?p=13069","url_meta":{"origin":75565,"position":1},"title":"El AFSCA inaugur\u00f3 su parador en Mar del Plata","author":"Grupo Sierra","date":"21\/01\/2013","format":false,"excerpt":"La Autoridad Federal de Servicios de Comunicaci\u00f3n Audiovisual (AFSCA) inaugur\u00f3 su stand en el Espacio Cultural \u201cInstituto Saturnino Unzu\u00e9\u201d de la ciudad de Mar del Plata, en el marco de la campa\u00f1a \u201cArgentina, el verano de un amor. M\u00e1s la conoc\u00e9s, m\u00e1s la quer\u00e9s\u201d del Gobierno Nacional.\u00a0 El espacio del\u2026","rel":"","context":"En \u00abSociedad\u00bb","block_context":{"text":"Sociedad","link":"http:\/\/www.24baires.com\/?cat=1"},"img":{"alt_text":"","src":"https:\/\/i0.wp.com\/www.24baires.com\/wp-content\/uploads\/2013\/01\/afsca-parador.jpg?resize=350%2C200","width":350,"height":200,"srcset":"https:\/\/i0.wp.com\/www.24baires.com\/wp-content\/uploads\/2013\/01\/afsca-parador.jpg?resize=350%2C200 1x, https:\/\/i0.wp.com\/www.24baires.com\/wp-content\/uploads\/2013\/01\/afsca-parador.jpg?resize=525%2C300 1.5x"},"classes":[]},{"id":99647,"url":"http:\/\/www.24baires.com\/?p=99647","url_meta":{"origin":75565,"position":2},"title":"Despidieron 180 trabajadores de la Televisi\u00f3n Digital Abierta","author":"GB","date":"27\/12\/2017","format":false,"excerpt":"Las se\u00f1ales Paka Paka, Encuentro y DeporTV, que emplean a 240 personas, quedar\u00e1n sin planta para poner a esas se\u00f1ales en el aire. Al 60% de los empleados se les ofreci\u00f3 un retiro voluntario y los que fueron echados recibieron una \u00fanica oferta de dos meses de indemnizaci\u00f3n como \u00fanico\u2026","rel":"","context":"En \u00abPol\u00edtica\u00bb","block_context":{"text":"Pol\u00edtica","link":"http:\/\/www.24baires.com\/?cat=51"},"img":{"alt_text":"","src":"","width":0,"height":0},"classes":[]},{"id":51360,"url":"http:\/\/www.24baires.com\/?p=51360","url_meta":{"origin":75565,"position":3},"title":"Mercedes: La televisi\u00f3n digital abierta gana cada vez m\u00e1s terreno","author":"GB","date":"07\/08\/2014","format":false,"excerpt":"Cada vez son m\u00e1s los domicilios en los que se instala la peque\u00f1a antena que permite ver cerca de veinte canales y con tecnolog\u00eda HD. A las entregas realizadas por Anses y Pami, algunos comercios confirmaron una buena venta, que se increment\u00f3 previo y durante el mundial del f\u00fatbol Cuando\u2026","rel":"","context":"En \u00abMedios\u00bb","block_context":{"text":"Medios","link":"http:\/\/www.24baires.com\/?cat=54"},"img":{"alt_text":"","src":"https:\/\/i0.wp.com\/www.24baires.com\/wp-content\/uploads\/2014\/08\/grila-cable.jpg?resize=350%2C200","width":350,"height":200,"srcset":"https:\/\/i0.wp.com\/www.24baires.com\/wp-content\/uploads\/2014\/08\/grila-cable.jpg?resize=350%2C200 1x, https:\/\/i0.wp.com\/www.24baires.com\/wp-content\/uploads\/2014\/08\/grila-cable.jpg?resize=525%2C300 1.5x"},"classes":[]},{"id":28894,"url":"http:\/\/www.24baires.com\/?p=28894","url_meta":{"origin":75565,"position":4},"title":"La TDA llega a Pehuaj\u00f3 y a Vedia","author":"AF","date":"25\/07\/2013","format":false,"excerpt":"El pr\u00f3ximo 15 de agosto los pehuajenses podr\u00e1n comenzar a disfrutar de los canales gratuitos y de alta calidad que ofrece la televisi\u00f3n digital abierta. En tanto, ya desde hace unas semanas la TDA ya es una realidad para muchos vedienses y, en los pr\u00f3ximos d\u00edas, llegar\u00e1n a la ciudad\u2026","rel":"","context":"En \u00abLocales\u00bb","block_context":{"text":"Locales","link":"http:\/\/www.24baires.com\/?cat=38"},"img":{"alt_text":"","src":"https:\/\/i0.wp.com\/www.24baires.com\/wp-content\/uploads\/2013\/07\/tda.jpg?resize=350%2C200","width":350,"height":200,"srcset":"https:\/\/i0.wp.com\/www.24baires.com\/wp-content\/uploads\/2013\/07\/tda.jpg?resize=350%2C200 1x, https:\/\/i0.wp.com\/www.24baires.com\/wp-content\/uploads\/2013\/07\/tda.jpg?resize=525%2C300 1.5x"},"classes":[]},{"id":12529,"url":"http:\/\/www.24baires.com\/?p=12529","url_meta":{"origin":75565,"position":5},"title":"Inauguraron parque tem\u00e1tico para ni\u00f1os en el Partido de la Costa","author":"AF","date":"17\/01\/2013","format":false,"excerpt":"El ministro de Educaci\u00f3n de la Naci\u00f3n, Alberto Sileoni, inaugura el Parque Tem\u00e1tico del Partido de la Costa, organizado en una l\u00ednea argumental para que los chicos puedan tener una experiencia de disfrute y diversi\u00f3n en torno a la historia junto a Zamba, el popular personaje de la se\u00f1al infantil\u2026","rel":"","context":"En \u00abLocales\u00bb","block_context":{"text":"Locales","link":"http:\/\/www.24baires.com\/?cat=38"},"img":{"alt_text":"","src":"","width":0,"height":0},"classes":[]}],"jetpack_sharing_enabled":true,"jetpack_likes_enabled":true,"jetpack_featured_media_url":"","_links":{"self":[{"href":"http:\/\/www.24baires.com\/index.php?rest_route=\/wp\/v2\/posts\/75565","targetHints":{"allow":["GET"]}}],"collection":[{"href":"http:\/\/www.24baires.com\/index.php?rest_route=\/wp\/v2\/posts"}],"about":[{"href":"http:\/\/www.24baires.com\/index.php?rest_route=\/wp\/v2\/types\/post"}],"author":[{"embeddable":true,"href":"http:\/\/www.24baires.com\/index.php?rest_route=\/wp\/v2\/users\/8"}],"replies":[{"embeddable":true,"href":"http:\/\/www.24baires.com\/index.php?rest_route=%2Fwp%2Fv2%2Fcomments&post=75565"}],"version-history":[{"count":1,"href":"http:\/\/www.24baires.com\/index.php?rest_route=\/wp\/v2\/posts\/75565\/revisions"}],"predecessor-version":[{"id":75566,"href":"http:\/\/www.24baires.com\/index.php?rest_route=\/wp\/v2\/posts\/75565\/revisions\/75566"}],"wp:attachment":[{"href":"http:\/\/www.24baires.com\/index.php?rest_route=%2Fwp%2Fv2%2Fmedia&parent=75565"}],"wp:term":[{"taxonomy":"category","embeddable":true,"href":"http:\/\/www.24baires.com\/index.php?rest_route=%2Fwp%2Fv2%2Fcategories&post=75565"},{"taxonomy":"post_tag","embeddable":true,"href":"http:\/\/www.24baires.com\/index.php?rest_route=%2Fwp%2Fv2%2Ftags&post=75565"}],"curies":[{"name":"wp","href":"https:\/\/api.w.org\/{rel}","templated":true}]}}