{"id":75561,"date":"2015-11-24T19:16:21","date_gmt":"2015-11-24T22:16:21","guid":{"rendered":"http:\/\/www.24baires.com\/?p=75561"},"modified":"2015-11-25T10:44:02","modified_gmt":"2015-11-25T13:44:02","slug":"cristina-mantiene-una-reunion-con-macri-en-olivos","status":"publish","type":"post","link":"http:\/\/www.24baires.com\/?p=75561","title":{"rendered":"Cristina mantiene una reuni\u00f3n con Macri en Olivos"},"content":{"rendered":"<p><img data-recalc-dims=\"1\" loading=\"lazy\" decoding=\"async\" src=\"https:\/\/i0.wp.com\/www.24baires.com\/wp-content\/uploads\/2014\/06\/cristina-macr.jpg?resize=560%2C333\" alt=\"cristina macr\" width=\"560\" height=\"333\" class=\"aligncenter size-full wp-image-47297\" srcset=\"https:\/\/i0.wp.com\/www.24baires.com\/wp-content\/uploads\/2014\/06\/cristina-macr.jpg?w=560 560w, https:\/\/i0.wp.com\/www.24baires.com\/wp-content\/uploads\/2014\/06\/cristina-macr.jpg?resize=300%2C178 300w\" sizes=\"auto, (max-width: 560px) 100vw, 560px\" \/>La jefa de Estado mantiene un encuentro con el presidente electo, a quien convoc\u00f3 el domingo a la noche tras conocerse el resultado del balotaje.<!--more--><\/p>\n<p>La Presidenta mantiene un encuentro con el presidente electo, a quien convoc\u00f3 el domingo a la noche tras conocerse el resulrado del balotaje. <\/p>\n","protected":false},"excerpt":{"rendered":"<p>La jefa de Estado mantiene un encuentro con el presidente electo, a quien convoc\u00f3 el domingo a la noche tras conocerse el resultado del balotaje.<\/p>\n","protected":false},"author":8,"featured_media":0,"comment_status":"open","ping_status":"open","sticky":false,"template":"","format":"standard","meta":{"_jetpack_newsletter_access":"","_jetpack_dont_email_post_to_subs":false,"_jetpack_newsletter_tier_id":0,"_jetpack_memberships_contains_paywalled_content":false,"_jetpack_memberships_contains_paid_content":false,"footnotes":""},"categories":[51],"tags":[],"class_list":["post-75561","post","type-post","status-publish","format-standard","hentry","category-politica"],"jetpack_shortlink":"https:\/\/wp.me\/p2JWE0-jEJ","jetpack-related-posts":[{"id":119488,"url":"http:\/\/www.24baires.com\/?p=119488","url_meta":{"origin":75561,"position":0},"title":"Fern\u00e1ndez visitar\u00e1 a Lula da Silva tras su triunfo electoral","author":"GB","date":"31\/10\/2022","format":false,"excerpt":"Los brasile\u00f1os llevaron a Lula al lugar en el que est\u00e1 hoy: es merecido y le hace mucho bien a la regi\u00f3n, porque es un l\u00edder regional muy importante\u201d, analiz\u00f3 Fern\u00e1ndez. El presidente Alberto Fern\u00e1ndez viajar\u00e1 este lunes a hacia Brasil para reunirse en San Pablo con el electo presidente\u2026","rel":"","context":"En \u00abPol\u00edtica\u00bb","block_context":{"text":"Pol\u00edtica","link":"http:\/\/www.24baires.com\/?cat=51"},"img":{"alt_text":"","src":"https:\/\/i0.wp.com\/www.24baires.com\/wp-content\/uploads\/2022\/10\/alberto-fernandez-y-lula-da-silva-1428972.jpg?resize=350%2C200","width":350,"height":200,"srcset":"https:\/\/i0.wp.com\/www.24baires.com\/wp-content\/uploads\/2022\/10\/alberto-fernandez-y-lula-da-silva-1428972.jpg?resize=350%2C200 1x, https:\/\/i0.wp.com\/www.24baires.com\/wp-content\/uploads\/2022\/10\/alberto-fernandez-y-lula-da-silva-1428972.jpg?resize=525%2C300 1.5x, https:\/\/i0.wp.com\/www.24baires.com\/wp-content\/uploads\/2022\/10\/alberto-fernandez-y-lula-da-silva-1428972.jpg?resize=700%2C400 2x"},"classes":[]},{"id":120591,"url":"http:\/\/www.24baires.com\/?p=120591","url_meta":{"origin":75561,"position":1},"title":"Massa y Kicillof pidieron a los intendentes redoblar esfuerzos para ganar el balotaje","author":"AF","date":"25\/10\/2023","format":false,"excerpt":"El candidato y el gobernador reelecto se mostraron en la primera foto juntos tras el triunfo del domingo. M\u00e1s de 80 intendentes comunales participaron del encuentro. Contraste con el conflicto en Juntos por el Cambio. El ministro de Econom\u00eda y candidato a presidente de Uni\u00f3n por la Patria (UxP), Sergio\u2026","rel":"","context":"En \u00abPol\u00edtica\u00bb","block_context":{"text":"Pol\u00edtica","link":"http:\/\/www.24baires.com\/?cat=51"},"img":{"alt_text":"","src":"https:\/\/i0.wp.com\/www.24baires.com\/wp-content\/uploads\/2023\/10\/massa-kici.jpg?resize=350%2C200","width":350,"height":200,"srcset":"https:\/\/i0.wp.com\/www.24baires.com\/wp-content\/uploads\/2023\/10\/massa-kici.jpg?resize=350%2C200 1x, https:\/\/i0.wp.com\/www.24baires.com\/wp-content\/uploads\/2023\/10\/massa-kici.jpg?resize=525%2C300 1.5x, https:\/\/i0.wp.com\/www.24baires.com\/wp-content\/uploads\/2023\/10\/massa-kici.jpg?resize=700%2C400 2x"},"classes":[]},{"id":120687,"url":"http:\/\/www.24baires.com\/?p=120687","url_meta":{"origin":75561,"position":2},"title":"El presidente electo asegur\u00f3 eliminaci\u00f3n de Ganancias y la reducci\u00f3n del IVA","author":"GB","date":"23\/11\/2023","format":false,"excerpt":"El presidente electo, Javier Milei, afirm\u00f3 que mantendr\u00e1 durante su gobierno la eliminaci\u00f3n del Impuesto a las Ganancias para la cuarta categor\u00eda y la reducci\u00f3n del IVA. Adem\u00e1s habl\u00f3 de su futuro Ministro de Econom\u00eda. Tras los recientes anuncios de Javier Milei, presidente electo, sobre las privatizaciones de empresas del\u2026","rel":"","context":"En \u00abConsumidores\u00bb","block_context":{"text":"Consumidores","link":"http:\/\/www.24baires.com\/?cat=78"},"img":{"alt_text":"","src":"https:\/\/i0.wp.com\/www.24baires.com\/wp-content\/uploads\/2023\/11\/milei.jpg?resize=350%2C200","width":350,"height":200,"srcset":"https:\/\/i0.wp.com\/www.24baires.com\/wp-content\/uploads\/2023\/11\/milei.jpg?resize=350%2C200 1x, https:\/\/i0.wp.com\/www.24baires.com\/wp-content\/uploads\/2023\/11\/milei.jpg?resize=525%2C300 1.5x, https:\/\/i0.wp.com\/www.24baires.com\/wp-content\/uploads\/2023\/11\/milei.jpg?resize=700%2C400 2x"},"classes":[]},{"id":120684,"url":"http:\/\/www.24baires.com\/?p=120684","url_meta":{"origin":75561,"position":3},"title":"Milei reafirm\u00f3 que parar\u00e1 la obra p\u00fablica ya licitada: \u00abno hay plata\u00bb","author":"GB","date":"22\/11\/2023","format":false,"excerpt":"Javier Milei afirm\u00f3 que parar\u00e1 la obra p\u00fablica y la pasar\u00e1 al sector privado. Tambi\u00e9n dijo que \"los intendentes tendr\u00e1n que buscar la forma de financiarla\". El presidente electo, Javier Milei, brind\u00f3 una entrevista en NEURA al periodista Alejandro Fantino y habl\u00f3 sobre la obra p\u00fablica. Confirm\u00f3 que pasar\u00e1n al\u2026","rel":"","context":"En \u00abPol\u00edtica\u00bb","block_context":{"text":"Pol\u00edtica","link":"http:\/\/www.24baires.com\/?cat=51"},"img":{"alt_text":"","src":"https:\/\/i0.wp.com\/www.24baires.com\/wp-content\/uploads\/2023\/11\/milei.webp?resize=350%2C200","width":350,"height":200,"srcset":"https:\/\/i0.wp.com\/www.24baires.com\/wp-content\/uploads\/2023\/11\/milei.webp?resize=350%2C200 1x, https:\/\/i0.wp.com\/www.24baires.com\/wp-content\/uploads\/2023\/11\/milei.webp?resize=525%2C300 1.5x, https:\/\/i0.wp.com\/www.24baires.com\/wp-content\/uploads\/2023\/11\/milei.webp?resize=700%2C400 2x"},"classes":[]},{"id":74248,"url":"http:\/\/www.24baires.com\/?p=74248","url_meta":{"origin":75561,"position":4},"title":"Tras las elecciones, Cristina encabezar\u00e1 el jueves un acto en Casa Rosada","author":"GB","date":"27\/10\/2015","format":false,"excerpt":"Tras los comicios del domingo, la Presidenta volver\u00e1 a encabezar un acto en Casa de Gobierno, donde compartir\u00e1 videoconferencias con distintos funcionarios. La presidenta Cristina Kirchner volver\u00e1 a encabezar un acto en Casa de Gobierno este jueves por la tarde, donde compartir\u00e1 videoconferencias con distintos funcionarios. Hay gran expectativa ya\u2026","rel":"","context":"En \u00abPol\u00edtica\u00bb","block_context":{"text":"Pol\u00edtica","link":"http:\/\/www.24baires.com\/?cat=51"},"img":{"alt_text":"cristina energia","src":"https:\/\/i0.wp.com\/www.24baires.com\/wp-content\/uploads\/2015\/09\/cristina-energia.jpg?resize=350%2C200","width":350,"height":200,"srcset":"https:\/\/i0.wp.com\/www.24baires.com\/wp-content\/uploads\/2015\/09\/cristina-energia.jpg?resize=350%2C200 1x, https:\/\/i0.wp.com\/www.24baires.com\/wp-content\/uploads\/2015\/09\/cristina-energia.jpg?resize=525%2C300 1.5x"},"classes":[]},{"id":120579,"url":"http:\/\/www.24baires.com\/?p=120579","url_meta":{"origin":75561,"position":5},"title":"Massa va al balotaje y Kicillof logr\u00f3 la reelecci\u00f3n","author":"AF","date":"22\/10\/2023","format":false,"excerpt":"El candidato a presidente oficialista fue el m\u00e1s votado, seguido del l\u00edder de La Libertad Avanza, con quien ir\u00e1 a una segunda vuelta el 19 de noviembre. \"La grieta se muri\u00f3 y el 10 de diciembre empieza una nueva etapa en mi gobierno\", asegur\u00f3 el ministro de Econom\u00eda. En las\u2026","rel":"","context":"En \u00abPol\u00edtica\u00bb","block_context":{"text":"Pol\u00edtica","link":"http:\/\/www.24baires.com\/?cat=51"},"img":{"alt_text":"","src":"https:\/\/i0.wp.com\/www.24baires.com\/wp-content\/uploads\/2023\/10\/WhatsApp-Image-2023-10-23-at-00.00.57.jpeg?resize=350%2C200","width":350,"height":200,"srcset":"https:\/\/i0.wp.com\/www.24baires.com\/wp-content\/uploads\/2023\/10\/WhatsApp-Image-2023-10-23-at-00.00.57.jpeg?resize=350%2C200 1x, https:\/\/i0.wp.com\/www.24baires.com\/wp-content\/uploads\/2023\/10\/WhatsApp-Image-2023-10-23-at-00.00.57.jpeg?resize=525%2C300 1.5x, https:\/\/i0.wp.com\/www.24baires.com\/wp-content\/uploads\/2023\/10\/WhatsApp-Image-2023-10-23-at-00.00.57.jpeg?resize=700%2C400 2x"},"classes":[]}],"jetpack_sharing_enabled":true,"jetpack_likes_enabled":true,"jetpack_featured_media_url":"","_links":{"self":[{"href":"http:\/\/www.24baires.com\/index.php?rest_route=\/wp\/v2\/posts\/75561","targetHints":{"allow":["GET"]}}],"collection":[{"href":"http:\/\/www.24baires.com\/index.php?rest_route=\/wp\/v2\/posts"}],"about":[{"href":"http:\/\/www.24baires.com\/index.php?rest_route=\/wp\/v2\/types\/post"}],"author":[{"embeddable":true,"href":"http:\/\/www.24baires.com\/index.php?rest_route=\/wp\/v2\/users\/8"}],"replies":[{"embeddable":true,"href":"http:\/\/www.24baires.com\/index.php?rest_route=%2Fwp%2Fv2%2Fcomments&post=75561"}],"version-history":[{"count":1,"href":"http:\/\/www.24baires.com\/index.php?rest_route=\/wp\/v2\/posts\/75561\/revisions"}],"predecessor-version":[{"id":75562,"href":"http:\/\/www.24baires.com\/index.php?rest_route=\/wp\/v2\/posts\/75561\/revisions\/75562"}],"wp:attachment":[{"href":"http:\/\/www.24baires.com\/index.php?rest_route=%2Fwp%2Fv2%2Fmedia&parent=75561"}],"wp:term":[{"taxonomy":"category","embeddable":true,"href":"http:\/\/www.24baires.com\/index.php?rest_route=%2Fwp%2Fv2%2Fcategories&post=75561"},{"taxonomy":"post_tag","embeddable":true,"href":"http:\/\/www.24baires.com\/index.php?rest_route=%2Fwp%2Fv2%2Ftags&post=75561"}],"curies":[{"name":"wp","href":"https:\/\/api.w.org\/{rel}","templated":true}]}}