{"id":75531,"date":"2015-11-24T14:00:37","date_gmt":"2015-11-24T17:00:37","guid":{"rendered":"http:\/\/www.24baires.com\/?p=75531"},"modified":"2015-11-25T10:44:10","modified_gmt":"2015-11-25T13:44:10","slug":"macri-busca-una-transicion-cordial-y-coordinada-con-cristina","status":"publish","type":"post","link":"http:\/\/www.24baires.com\/?p=75531","title":{"rendered":"Macri busca \u00abuna transici\u00f3n cordial y coordinada\u00bb con Cristina"},"content":{"rendered":"<p><img data-recalc-dims=\"1\" loading=\"lazy\" decoding=\"async\" class=\"aligncenter size-full wp-image-31307\" src=\"https:\/\/i0.wp.com\/www.24baires.com\/wp-content\/uploads\/2013\/09\/Cristina.Macri_.jpg?resize=560%2C468\" alt=\"Cristina.Macri\" width=\"560\" height=\"468\" srcset=\"https:\/\/i0.wp.com\/www.24baires.com\/wp-content\/uploads\/2013\/09\/Cristina.Macri_.jpg?w=560 560w, https:\/\/i0.wp.com\/www.24baires.com\/wp-content\/uploads\/2013\/09\/Cristina.Macri_.jpg?resize=300%2C250 300w\" sizes=\"auto, (max-width: 560px) 100vw, 560px\" \/>El presidente electo expres\u00f3 ese deseo de cara al pr\u00f3ximo 10 de diciembre y asegur\u00f3 que en ese marco se concretar\u00e1 esta tarde la reuni\u00f3n con la presidenta Cristina Fern\u00e1ndez de Kirchner.<!--more--><\/p>\n<p>\u00abEn la reuni\u00f3n estaremos la Presidenta y yo, a solas, y ser\u00e1 en funci\u00f3n de que tengamos una transici\u00f3n lo m\u00e1s cordial y coordinada posible\u00bb, dijo Macri en declaraciones a radio Con Vos, respecto al encuentro que a las 19 mantendr\u00e1 con Cristina en la residencia presidencial de Olivos.<\/p>\n<p>Agreg\u00f3 que seguramente ser\u00e1 \u00abuna reuni\u00f3n cortita\u00bb y que esperaba que como resultado de ese encuentro sus equipos puedan acceder a la informaci\u00f3n que hoy no tienen sobre la situaci\u00f3n real de la econom\u00eda.<\/p>\n<p>Macri tambi\u00e9n se refiri\u00f3 a la decisi\u00f3n del radical Ernesto Sanz de abandonar la pol\u00edtica, y luego de admitir que fue \u00abun golpe\u00bb que le gener\u00f3 \u00abun dolor enorme\u00bb y \u00abuna p\u00e9rdida importante\u00bb, reconoci\u00f3 que no ten\u00eda mucho margen para convencerlo cuando en el medio hab\u00eda \u00abrazones personales\u00bb.<\/p>\n<p>\u00abContra ese argumento no hay propuesta alternativa\u00bb, dijo el presidente electo, que con la partida de Sanz tiene ahora la cartera de Justicia vacante, ya que era el cargo que le hab\u00eda propuesto al referente radical.<\/p>\n<p>En este marco, Macri afirm\u00f3 que m\u00e1s all\u00e1 de resolver los temas econ\u00f3micos, \u00abla realidad del futuro de Argentina pasa por la mejora de la calidad institucional\u00bb, y ratific\u00f3 su convicci\u00f3n respecto a la independencia de la Justicia.<\/p>\n<p>\u00abCreo en la independencia de la Justicia. El pa\u00eds va a ser todo lo s\u00f3lido que necesitamos cuando los jueces vuelvan a hablar por sus fallos, y a todos se nos aplique la misma ley\u00bb, dijo Mauricio Macri.<\/p>\n<p>El presidente electo, que asumir\u00e1 su cargo el 10 de diciembre, se comprometi\u00f3 a que Argentina \u00abvuelva a tener reglas claras\u00bb y que \u00abcada uno sepa lo que tiene que hacer\u00bb.<\/p>\n<p>\u00abEspero que el empresariado invierta para que haya m\u00e1s trabajo para los argentinos, que paguen sus impuestos, que cuiden el Medio Ambiente. Nuestra tarea ser\u00e1 que funcione mejor el Estado, que haya menos trabas y que ayude a crecer\u00bb, dijo, y agreg\u00f3 que intentar\u00e1n \u00abpor todos los medios\u00bb que nadie \u00ababuse y que las empresas inviertan en el pa\u00eds\u00bb.<\/p>\n<p>\u00abSi vienen m\u00e1s empresas a Argentina, van a tener que competir m\u00e1s, y si compiten m\u00e1s, vos consumidor vas a tener una alternativa para comprar m\u00e1s barato y de mejor calidad. Esa es la tarea del gobierno: conseguir que sus ciudadanos se sientan cuidados por su gobierno y que no haya ni monopolios ni oligopolios\u00bb, argument\u00f3.<\/p>\n<p>En otro tramo de la entrevista, Macri tambi\u00e9n habl\u00f3 de su voluntad de llevar adelante una reforma electoral, que ayude a concentrar el momento electoral y libere tiempo, y dijo que se sent\u00eda \u00abresponsable\u00bb ante \u00abtama\u00f1a confianza\u00bb de la gente.<\/p>\n<p>\u00abYo soy una persona que me considero responsable de lo que digo, y eso me genera una enorme responsabilidad. Ver a la gente entusiasmada por una nueva oportunidad, me hace sentir que hay que ponerse a trabajar a todo vapor\u00bb, resumi\u00f3.<\/p>\n<p>Respecto al mercado cambiario, reiter\u00f3 que estaba convencido de que Argentina tiene que ir a un \u00ab\u00fanico tipo de cambio\u00bb, pero pidi\u00f3 paciencia porque hasta tanto no est\u00e9 conformado el equipo econ\u00f3mico y \u00e9ste no tenga acceso a la informaci\u00f3n del Banco Central, no puede adelantar c\u00f3mo arrancar\u00e1n.<\/p>\n<p>\u00abEste gobierno termin\u00f3 de bloquear la econom\u00eda, hace cuatro a\u00f1os que la econom\u00eda no crece, que no se generan nuevos empleos y que algunos de los empleos que existen son ficticios, porque el pa\u00eds no funciona\u00bb, dijo.<\/p>\n<p>Agreg\u00f3 que \u00abuno de motivos por los que no funciona es por el cepo, que par\u00f3 el pa\u00eds\u00bb.<\/p>\n<p>Respecto a las tarifas, reiter\u00f3 su promesa de un sistema tarifario \u00abjusto y equilibrado\u00bb, donde quien necesita subsidios los tenga.<\/p>\n<p>\u00abVamos a tener el m\u00e1ximo cuidado posible para normalizar las cosas. Faltan pocos d\u00edas, paciencia\u00bb, concluy\u00f3 Macri.<\/p>\n","protected":false},"excerpt":{"rendered":"<p>El presidente electo expres\u00f3 ese deseo de cara al pr\u00f3ximo 10 de diciembre y asegur\u00f3 que en ese marco se concretar\u00e1 esta tarde la reuni\u00f3n con la presidenta Cristina Fern\u00e1ndez de Kirchner.<\/p>\n","protected":false},"author":4,"featured_media":0,"comment_status":"open","ping_status":"open","sticky":false,"template":"","format":"standard","meta":{"_jetpack_newsletter_access":"","_jetpack_dont_email_post_to_subs":false,"_jetpack_newsletter_tier_id":0,"_jetpack_memberships_contains_paywalled_content":false,"_jetpack_memberships_contains_paid_content":false,"footnotes":""},"categories":[51],"tags":[],"class_list":["post-75531","post","type-post","status-publish","format-standard","hentry","category-politica"],"jetpack_shortlink":"https:\/\/wp.me\/p2JWE0-jEf","jetpack-related-posts":[{"id":75698,"url":"http:\/\/www.24baires.com\/?p=75698","url_meta":{"origin":75531,"position":0},"title":"An\u00edbal Fern\u00e1ndez y Marcos Pe\u00f1a tuvieron un primer encuentro \u201cmuy positivo\u201d","author":"GB","date":"27\/11\/2015","format":false,"excerpt":"El jefe de Gabinete de Mauricio Macri se reuni\u00f3 esta ma\u00f1ana con su antecesor en Casa de Gobierno de cara al 10 de diciembre. \u201cFue una muy buena charla para trabajar en la transici\u00f3n que viene\u201d, asegur\u00f3. Los jefes de Gabinete saliente y entrante, An\u00edbal Fern\u00e1ndez y Marcos Pe\u00f1a, respectivamente,\u2026","rel":"","context":"En \u00abPol\u00edtica\u00bb","block_context":{"text":"Pol\u00edtica","link":"http:\/\/www.24baires.com\/?cat=51"},"img":{"alt_text":"pe\u00f1a","src":"https:\/\/i0.wp.com\/www.24baires.com\/wp-content\/uploads\/2015\/11\/pe%C3%B1a.jpg?resize=350%2C200","width":350,"height":200,"srcset":"https:\/\/i0.wp.com\/www.24baires.com\/wp-content\/uploads\/2015\/11\/pe%C3%B1a.jpg?resize=350%2C200 1x, https:\/\/i0.wp.com\/www.24baires.com\/wp-content\/uploads\/2015\/11\/pe%C3%B1a.jpg?resize=525%2C300 1.5x"},"classes":[]},{"id":75580,"url":"http:\/\/www.24baires.com\/?p=75580","url_meta":{"origin":75531,"position":1},"title":"An\u00edbal Fern\u00e1ndez dijo que Macri hizo un \u201cshowcete televisivo\u201d","author":"AF","date":"25\/11\/2015","format":false,"excerpt":"El jefe de Gabinete, An\u00edbal Fern\u00e1ndez, sostuvo hoy que el presidente electo no tuvo \"discreci\u00f3n, ni vocaci\u00f3n\" de lograr una transici\u00f3n ordenada al reunirse ayer en la quinta de Olivos con la mandataria Cristina Fern\u00e1ndez de Kirchner. \"Este se\u00f1or no conoce nada de la cosa publica nacional y la Presidenta\u2026","rel":"","context":"En \u00abPol\u00edtica\u00bb","block_context":{"text":"Pol\u00edtica","link":"http:\/\/www.24baires.com\/?cat=51"},"img":{"alt_text":"an\u00edbal fern\u00e1ndezz","src":"https:\/\/i0.wp.com\/www.24baires.com\/wp-content\/uploads\/2015\/11\/an%C3%ADbal-fern%C3%A1ndezz.jpg?resize=350%2C200","width":350,"height":200,"srcset":"https:\/\/i0.wp.com\/www.24baires.com\/wp-content\/uploads\/2015\/11\/an%C3%ADbal-fern%C3%A1ndezz.jpg?resize=350%2C200 1x, https:\/\/i0.wp.com\/www.24baires.com\/wp-content\/uploads\/2015\/11\/an%C3%ADbal-fern%C3%A1ndezz.jpg?resize=525%2C300 1.5x"},"classes":[]},{"id":112755,"url":"http:\/\/www.24baires.com\/?p=112755","url_meta":{"origin":75531,"position":2},"title":"Carri\u00f3 anunci\u00f3 su retiro de la pol\u00edtica","author":"AF","date":"28\/10\/2019","format":false,"excerpt":"Elisa Carri\u00f3 asisti\u00f3 al encuentro de la Mesa de Acci\u00f3n Pol\u00edtica de Juntos por el Cambio posterior a la elecci\u00f3n. Ya de por s\u00ed era una conversaci\u00f3n dif\u00edcil y cargada de derrota. Pero la dirigente eligi\u00f3 ese momento para tirar una bomba y luego se retir\u00f3 temprano. \"El a\u00f1o que\u2026","rel":"","context":"En \u00abPol\u00edtica\u00bb","block_context":{"text":"Pol\u00edtica","link":"http:\/\/www.24baires.com\/?cat=51"},"img":{"alt_text":"","src":"https:\/\/i0.wp.com\/www.24baires.com\/wp-content\/uploads\/2018\/07\/carri%C3%B3.jpg?resize=350%2C200","width":350,"height":200,"srcset":"https:\/\/i0.wp.com\/www.24baires.com\/wp-content\/uploads\/2018\/07\/carri%C3%B3.jpg?resize=350%2C200 1x, https:\/\/i0.wp.com\/www.24baires.com\/wp-content\/uploads\/2018\/07\/carri%C3%B3.jpg?resize=525%2C300 1.5x"},"classes":[]},{"id":120679,"url":"http:\/\/www.24baires.com\/?p=120679","url_meta":{"origin":75531,"position":3},"title":"Cristina recibir\u00e1 a la vicepresidenta electa Victoria Villarruel","author":"AF","date":"21\/11\/2023","format":false,"excerpt":"La Presidencia de la c\u00e1mara alta anunci\u00f3 la reuni\u00f3n, prevista para las 17, la cual continuar\u00e1 el proceso de transici\u00f3n que iniciaron este martes el presidente Alberto Fern\u00e1ndez y el electo Javier Milei con un encuentro de dos horas y media que mantuvieron en la residencia de Olivos. La vicepresidenta\u2026","rel":"","context":"En \u00abPol\u00edtica\u00bb","block_context":{"text":"Pol\u00edtica","link":"http:\/\/www.24baires.com\/?cat=51"},"img":{"alt_text":"","src":"https:\/\/i0.wp.com\/www.24baires.com\/wp-content\/uploads\/2023\/11\/WhatsApp-Image-2023-11-21-at-23.37.46.jpeg?resize=350%2C200","width":350,"height":200,"srcset":"https:\/\/i0.wp.com\/www.24baires.com\/wp-content\/uploads\/2023\/11\/WhatsApp-Image-2023-11-21-at-23.37.46.jpeg?resize=350%2C200 1x, https:\/\/i0.wp.com\/www.24baires.com\/wp-content\/uploads\/2023\/11\/WhatsApp-Image-2023-11-21-at-23.37.46.jpeg?resize=525%2C300 1.5x, https:\/\/i0.wp.com\/www.24baires.com\/wp-content\/uploads\/2023\/11\/WhatsApp-Image-2023-11-21-at-23.37.46.jpeg?resize=700%2C400 2x, https:\/\/i0.wp.com\/www.24baires.com\/wp-content\/uploads\/2023\/11\/WhatsApp-Image-2023-11-21-at-23.37.46.jpeg?resize=1050%2C600 3x"},"classes":[]},{"id":112752,"url":"http:\/\/www.24baires.com\/?p=112752","url_meta":{"origin":75531,"position":4},"title":"Alberto Fern\u00e1ndez design\u00f3 el equipo que coordinar\u00e1 la transici\u00f3n","author":"AF","date":"28\/10\/2019","format":false,"excerpt":"El presidente electo Alberto Fern\u00e1ndez dispuso que Santiago Cafiero, Eduardo \"Wado\" De Pedro, Vilma Ibarra y Gustavo B\u00e9liz lideren la transici\u00f3n hasta su asunci\u00f3n. El presidente saliente Mauricio Macri recibi\u00f3 este lunes en Casa Rosada al presidente electo Alberto Fern\u00e1ndez para dar inicio al a transici\u00f3n que culminar\u00e1 el pr\u00f3ximo\u2026","rel":"","context":"En \u00abPol\u00edtica\u00bb","block_context":{"text":"Pol\u00edtica","link":"http:\/\/www.24baires.com\/?cat=51"},"img":{"alt_text":"","src":"https:\/\/i0.wp.com\/www.24baires.com\/wp-content\/uploads\/2019\/10\/equipo.jpg?resize=350%2C200","width":350,"height":200,"srcset":"https:\/\/i0.wp.com\/www.24baires.com\/wp-content\/uploads\/2019\/10\/equipo.jpg?resize=350%2C200 1x, https:\/\/i0.wp.com\/www.24baires.com\/wp-content\/uploads\/2019\/10\/equipo.jpg?resize=525%2C300 1.5x"},"classes":[]},{"id":115360,"url":"http:\/\/www.24baires.com\/?p=115360","url_meta":{"origin":75531,"position":5},"title":"CFK denunci\u00f3 una reuni\u00f3n de agentes de la AFI con funcionario macrista en Casa Rosada","author":"AF","date":"16\/06\/2020","format":false,"excerpt":"Seg\u00fan el escrito de la vicepresidenta, querellante en la causa, en los registros de la Casa de Gobierno figura la reuni\u00f3n de los esp\u00edas con Fernando De Andreis. La vicepresidenta Cristina Fern\u00e1ndez de Kirchner denunci\u00f3 la existencia de otra reuni\u00f3n en Casa de Gobierno entre el ex secretario general de\u2026","rel":"","context":"En \u00abPol\u00edtica\u00bb","block_context":{"text":"Pol\u00edtica","link":"http:\/\/www.24baires.com\/?cat=51"},"img":{"alt_text":"","src":"https:\/\/i0.wp.com\/www.24baires.com\/wp-content\/uploads\/2019\/08\/cristina-LP.jpg?resize=350%2C200","width":350,"height":200,"srcset":"https:\/\/i0.wp.com\/www.24baires.com\/wp-content\/uploads\/2019\/08\/cristina-LP.jpg?resize=350%2C200 1x, https:\/\/i0.wp.com\/www.24baires.com\/wp-content\/uploads\/2019\/08\/cristina-LP.jpg?resize=525%2C300 1.5x"},"classes":[]}],"jetpack_sharing_enabled":true,"jetpack_likes_enabled":true,"jetpack_featured_media_url":"","_links":{"self":[{"href":"http:\/\/www.24baires.com\/index.php?rest_route=\/wp\/v2\/posts\/75531","targetHints":{"allow":["GET"]}}],"collection":[{"href":"http:\/\/www.24baires.com\/index.php?rest_route=\/wp\/v2\/posts"}],"about":[{"href":"http:\/\/www.24baires.com\/index.php?rest_route=\/wp\/v2\/types\/post"}],"author":[{"embeddable":true,"href":"http:\/\/www.24baires.com\/index.php?rest_route=\/wp\/v2\/users\/4"}],"replies":[{"embeddable":true,"href":"http:\/\/www.24baires.com\/index.php?rest_route=%2Fwp%2Fv2%2Fcomments&post=75531"}],"version-history":[{"count":1,"href":"http:\/\/www.24baires.com\/index.php?rest_route=\/wp\/v2\/posts\/75531\/revisions"}],"predecessor-version":[{"id":75532,"href":"http:\/\/www.24baires.com\/index.php?rest_route=\/wp\/v2\/posts\/75531\/revisions\/75532"}],"wp:attachment":[{"href":"http:\/\/www.24baires.com\/index.php?rest_route=%2Fwp%2Fv2%2Fmedia&parent=75531"}],"wp:term":[{"taxonomy":"category","embeddable":true,"href":"http:\/\/www.24baires.com\/index.php?rest_route=%2Fwp%2Fv2%2Fcategories&post=75531"},{"taxonomy":"post_tag","embeddable":true,"href":"http:\/\/www.24baires.com\/index.php?rest_route=%2Fwp%2Fv2%2Ftags&post=75531"}],"curies":[{"name":"wp","href":"https:\/\/api.w.org\/{rel}","templated":true}]}}