{"id":75522,"date":"2015-11-24T12:00:39","date_gmt":"2015-11-24T15:00:39","guid":{"rendered":"http:\/\/www.24baires.com\/?p=75522"},"modified":"2015-11-24T11:10:46","modified_gmt":"2015-11-24T14:10:46","slug":"facundo-moyano-advirtio-que-saldran-a-la-calle-si-se-hace-un-ajuste","status":"publish","type":"post","link":"http:\/\/www.24baires.com\/?p=75522","title":{"rendered":"Facundo Moyano advirti\u00f3 que saldr\u00e1n \u00aba la calle\u00bb si se hace un ajuste"},"content":{"rendered":"<p><img data-recalc-dims=\"1\" loading=\"lazy\" decoding=\"async\" class=\"aligncenter size-full wp-image-46193\" src=\"https:\/\/i0.wp.com\/www.24baires.com\/wp-content\/uploads\/2014\/05\/facundo-moyano.jpg?resize=560%2C315\" alt=\"facundo moyano\" width=\"560\" height=\"315\" srcset=\"https:\/\/i0.wp.com\/www.24baires.com\/wp-content\/uploads\/2014\/05\/facundo-moyano.jpg?w=560 560w, https:\/\/i0.wp.com\/www.24baires.com\/wp-content\/uploads\/2014\/05\/facundo-moyano.jpg?resize=300%2C168 300w\" sizes=\"auto, (max-width: 560px) 100vw, 560px\" \/>El diputado nacional por el Frente Renovador, Facundo Moyano, asegur\u00f3 que el presidente electo, Mauricio Macri, no tiene \u00abdemasiado margen para medidas bruscas que afecten a los sectores m\u00e1s vulnerables\u00bb, y advirti\u00f3 que si el nuevo Gobierno aplica un ajuste, el sindicalismo estar\u00e1 \u00aben la calle\u00bb.<!--more--><\/p>\n<p>\u00abSoy oposici\u00f3n, voy a hacer una oposici\u00f3n responsable pero firme, y me parece que no hay demasiado margen para medidas bruscas que vayan en contra de los intereses de los sectores m\u00e1s vulnerables\u00bb, afirm\u00f3.<\/p>\n<p>En declaraciones a radio Vorterix, el titular del gremio de Peajes aclar\u00f3 que no puede \u00abhacer especulaciones\u00bb sobre la gesti\u00f3n que implementar\u00e1 Macri, aunque advirti\u00f3 que desde el sindicalismo rechazar\u00e1n un ajuste.<\/p>\n<p>\u00abVoy a ser responsable como opositor, m\u00e1s all\u00e1 de que no se puede hacer especulaciones sobre lo que va a pasar. Veremos qu\u00e9 es lo que hace Macri. Si hay ajuste, por supuesto vamos a estar en la calle, luchando\u00bb, asever\u00f3.<\/p>\n<p>En ese sentido, desafi\u00f3 a la actual mandataria, Cristina Fern\u00e1ndez, y al gobernador bonaerense, Daniel Scioli, a estar \u00aben la calle, tanto que hablan\u00bb, si es que el futuro Gobierno aplica medidas antipopulares.<\/p>\n","protected":false},"excerpt":{"rendered":"<p>El diputado nacional por el Frente Renovador, Facundo Moyano, asegur\u00f3 que el presidente electo, Mauricio Macri, no tiene \u00abdemasiado margen para medidas bruscas que afecten a los sectores m\u00e1s vulnerables\u00bb, y advirti\u00f3 que si el nuevo Gobierno aplica un ajuste, el sindicalismo estar\u00e1 \u00aben la calle\u00bb.<\/p>\n","protected":false},"author":4,"featured_media":0,"comment_status":"open","ping_status":"open","sticky":false,"template":"","format":"standard","meta":{"_jetpack_newsletter_access":"","_jetpack_dont_email_post_to_subs":false,"_jetpack_newsletter_tier_id":0,"_jetpack_memberships_contains_paywalled_content":false,"_jetpack_memberships_contains_paid_content":false,"footnotes":""},"categories":[51],"tags":[],"class_list":["post-75522","post","type-post","status-publish","format-standard","hentry","category-politica"],"jetpack_shortlink":"https:\/\/wp.me\/p2JWE0-jE6","jetpack-related-posts":[{"id":111107,"url":"http:\/\/www.24baires.com\/?p=111107","url_meta":{"origin":75522,"position":0},"title":"Alberto Fern\u00e1ndez: \u00abSi los argentinos quieren pobreza y ajuste, que voten a Macri\u00bb","author":"AF","date":"08\/07\/2019","format":false,"excerpt":"El precandidato a presidente por el Frente de Todos responsabiliz\u00f3 al Gobierno de \"apagar la econom\u00eda\" y pidi\u00f3 la ayuda de todos para \"cambiar este presente\". De visita en Mar del Plata, el precandidato presidencial por el Frente de Todos, Alberto Fern\u00e1ndez, critic\u00f3 duramente el modelo econ\u00f3mico del gobierno de\u2026","rel":"","context":"En \u00abPol\u00edtica\u00bb","block_context":{"text":"Pol\u00edtica","link":"http:\/\/www.24baires.com\/?cat=51"},"img":{"alt_text":"","src":"https:\/\/i0.wp.com\/www.24baires.com\/wp-content\/uploads\/2019\/07\/fernandez.jpg?resize=350%2C200","width":350,"height":200,"srcset":"https:\/\/i0.wp.com\/www.24baires.com\/wp-content\/uploads\/2019\/07\/fernandez.jpg?resize=350%2C200 1x, https:\/\/i0.wp.com\/www.24baires.com\/wp-content\/uploads\/2019\/07\/fernandez.jpg?resize=525%2C300 1.5x"},"classes":[]},{"id":104586,"url":"http:\/\/www.24baires.com\/?p=104586","url_meta":{"origin":75522,"position":1},"title":"Gremios de la CGT marchar\u00e1n a Luj\u00e1n el 20 de octubre","author":"AF","date":"20\/09\/2018","format":false,"excerpt":"La plana mayor del Frente Sindical para el Modelo Nacional ocup\u00f3 el escenario levantado en el micro estadio de Ferro donde realizaron un plenario de regionales de la CGT. El frente elabor\u00f3 un documento llamado \u201cLa patria est\u00e1 en peligro\u201d, donde convoc\u00f3 al paro del 25, a elaborar un plan\u2026","rel":"","context":"En \u00abSociedad\u00bb","block_context":{"text":"Sociedad","link":"http:\/\/www.24baires.com\/?cat=1"},"img":{"alt_text":"","src":"https:\/\/i0.wp.com\/www.24baires.com\/wp-content\/uploads\/2018\/09\/cgt-1.jpg?resize=350%2C200","width":350,"height":200,"srcset":"https:\/\/i0.wp.com\/www.24baires.com\/wp-content\/uploads\/2018\/09\/cgt-1.jpg?resize=350%2C200 1x, https:\/\/i0.wp.com\/www.24baires.com\/wp-content\/uploads\/2018\/09\/cgt-1.jpg?resize=525%2C300 1.5x"},"classes":[]},{"id":88557,"url":"http:\/\/www.24baires.com\/?p=88557","url_meta":{"origin":75522,"position":2},"title":"Facundo Moyano asegura que un bono de fin de a\u00f1o \u00abno cambia las cosas\u00bb","author":"AF","date":"11\/10\/2016","format":false,"excerpt":"Facundo Moyano sostuvo que un bono \"no va a compensar lo que se perdi\u00f3\" al referirse al poder adquisitivo, en tanto que Julio Piumato, dijo que la respuesta a si habr\u00e1 un paro de la CGT estar\u00e1 ma\u00f1ana, cuando el gobierno y la central sindical retomen las negociaciones. El diputado\u2026","rel":"","context":"En \u00abPol\u00edtica\u00bb","block_context":{"text":"Pol\u00edtica","link":"http:\/\/www.24baires.com\/?cat=51"},"img":{"alt_text":"facundo moyano","src":"https:\/\/i0.wp.com\/www.24baires.com\/wp-content\/uploads\/2014\/05\/facundo-moyano.jpg?resize=350%2C200","width":350,"height":200,"srcset":"https:\/\/i0.wp.com\/www.24baires.com\/wp-content\/uploads\/2014\/05\/facundo-moyano.jpg?resize=350%2C200 1x, https:\/\/i0.wp.com\/www.24baires.com\/wp-content\/uploads\/2014\/05\/facundo-moyano.jpg?resize=525%2C300 1.5x"},"classes":[]},{"id":105161,"url":"http:\/\/www.24baires.com\/?p=105161","url_meta":{"origin":75522,"position":3},"title":"Pablo Moyano, sobre su llamado a indagatoria: \u00abEsto est\u00e1 todo armado\u00bb","author":"AF","date":"29\/10\/2018","format":false,"excerpt":"\"Hay una bajada pol\u00edtica tanto desde la AFA como desde el Gobierno para perjudicar a Independiente y a Camioneros\", opin\u00f3 el sindicalista. El referente de Camioneros, Pablo Moyano, sali\u00f3 al cruce de su llamado a declaraci\u00f3n indagatoria pedido por el fiscal Sebasti\u00e1n Scalera. En di\u00e1logo con C5N Moyano atribuy\u00f3 el\u2026","rel":"","context":"En \u00abPol\u00edtica\u00bb","block_context":{"text":"Pol\u00edtica","link":"http:\/\/www.24baires.com\/?cat=51"},"img":{"alt_text":"","src":"https:\/\/i0.wp.com\/www.24baires.com\/wp-content\/uploads\/2018\/10\/pablo-moyano.jpg?resize=350%2C200","width":350,"height":200,"srcset":"https:\/\/i0.wp.com\/www.24baires.com\/wp-content\/uploads\/2018\/10\/pablo-moyano.jpg?resize=350%2C200 1x, https:\/\/i0.wp.com\/www.24baires.com\/wp-content\/uploads\/2018\/10\/pablo-moyano.jpg?resize=525%2C300 1.5x"},"classes":[]},{"id":100667,"url":"http:\/\/www.24baires.com\/?p=100667","url_meta":{"origin":75522,"position":4},"title":"Palazzo: \u00abHoy nace la resistencia a las pol\u00edticas de este Gobierno\u00bb","author":"AF","date":"21\/02\/2018","format":false,"excerpt":"El secretario general de La Bancaria les record\u00f3 a los sindicalistas que \"se quedaron c\u00f3modos detr\u00e1s de un sill\u00f3n\" que \"los trabajadores s\u00ed est\u00e1n en la calle\". Le reclam\u00f3 al presidente Mauricio Macri que se dedique \"a gobernar para todos los argentinos y no solo para su clase\". El titular\u2026","rel":"","context":"En \u00abSociedad\u00bb","block_context":{"text":"Sociedad","link":"http:\/\/www.24baires.com\/?cat=1"},"img":{"alt_text":"","src":"https:\/\/i0.wp.com\/www.24baires.com\/wp-content\/uploads\/2018\/02\/palazzo.jpg?resize=350%2C200","width":350,"height":200,"srcset":"https:\/\/i0.wp.com\/www.24baires.com\/wp-content\/uploads\/2018\/02\/palazzo.jpg?resize=350%2C200 1x, https:\/\/i0.wp.com\/www.24baires.com\/wp-content\/uploads\/2018\/02\/palazzo.jpg?resize=525%2C300 1.5x"},"classes":[]},{"id":112064,"url":"http:\/\/www.24baires.com\/?p=112064","url_meta":{"origin":75522,"position":5},"title":"Diputados dio media sanci\u00f3n a la Emergencia Alimentaria nacional","author":"AF","date":"12\/09\/2019","format":false,"excerpt":"Mientras organizaciones sociales cumplen el primer d\u00eda de acampe frente al Ministerio de Desarrollo Social, la C\u00e1mara de Diputados de la Naci\u00f3n dio media sanci\u00f3n al proyecto de emergencia alimentaria impulsada por la oposici\u00f3n para paliar la crisis econ\u00f3mica y social que desat\u00f3 el gobierno de Cambiemos y que repercuti\u00f3\u2026","rel":"","context":"En \u00abSociedad\u00bb","block_context":{"text":"Sociedad","link":"http:\/\/www.24baires.com\/?cat=1"},"img":{"alt_text":"","src":"https:\/\/i0.wp.com\/www.24baires.com\/wp-content\/uploads\/2016\/09\/ollas-populares.jpg?resize=350%2C200","width":350,"height":200,"srcset":"https:\/\/i0.wp.com\/www.24baires.com\/wp-content\/uploads\/2016\/09\/ollas-populares.jpg?resize=350%2C200 1x, https:\/\/i0.wp.com\/www.24baires.com\/wp-content\/uploads\/2016\/09\/ollas-populares.jpg?resize=525%2C300 1.5x"},"classes":[]}],"jetpack_sharing_enabled":true,"jetpack_likes_enabled":true,"jetpack_featured_media_url":"","_links":{"self":[{"href":"http:\/\/www.24baires.com\/index.php?rest_route=\/wp\/v2\/posts\/75522","targetHints":{"allow":["GET"]}}],"collection":[{"href":"http:\/\/www.24baires.com\/index.php?rest_route=\/wp\/v2\/posts"}],"about":[{"href":"http:\/\/www.24baires.com\/index.php?rest_route=\/wp\/v2\/types\/post"}],"author":[{"embeddable":true,"href":"http:\/\/www.24baires.com\/index.php?rest_route=\/wp\/v2\/users\/4"}],"replies":[{"embeddable":true,"href":"http:\/\/www.24baires.com\/index.php?rest_route=%2Fwp%2Fv2%2Fcomments&post=75522"}],"version-history":[{"count":1,"href":"http:\/\/www.24baires.com\/index.php?rest_route=\/wp\/v2\/posts\/75522\/revisions"}],"predecessor-version":[{"id":75523,"href":"http:\/\/www.24baires.com\/index.php?rest_route=\/wp\/v2\/posts\/75522\/revisions\/75523"}],"wp:attachment":[{"href":"http:\/\/www.24baires.com\/index.php?rest_route=%2Fwp%2Fv2%2Fmedia&parent=75522"}],"wp:term":[{"taxonomy":"category","embeddable":true,"href":"http:\/\/www.24baires.com\/index.php?rest_route=%2Fwp%2Fv2%2Fcategories&post=75522"},{"taxonomy":"post_tag","embeddable":true,"href":"http:\/\/www.24baires.com\/index.php?rest_route=%2Fwp%2Fv2%2Ftags&post=75522"}],"curies":[{"name":"wp","href":"https:\/\/api.w.org\/{rel}","templated":true}]}}