{"id":75510,"date":"2015-11-24T10:42:51","date_gmt":"2015-11-24T13:42:51","guid":{"rendered":"http:\/\/www.24baires.com\/?p=75510"},"modified":"2015-11-25T10:44:16","modified_gmt":"2015-11-25T13:44:16","slug":"piden-que-no-se-detengan-los-juicios-a-los-represores-de-la-dictadura","status":"publish","type":"post","link":"http:\/\/www.24baires.com\/?p=75510","title":{"rendered":"Piden que no se detengan los juicios a los represores de la dictadura"},"content":{"rendered":"<p><img data-recalc-dims=\"1\" loading=\"lazy\" decoding=\"async\" class=\"aligncenter size-full wp-image-63981\" src=\"https:\/\/i0.wp.com\/www.24baires.com\/wp-content\/uploads\/2015\/04\/anibal-conferencia.jpg?resize=560%2C379\" alt=\"anibal conferencia\" width=\"560\" height=\"379\" srcset=\"https:\/\/i0.wp.com\/www.24baires.com\/wp-content\/uploads\/2015\/04\/anibal-conferencia.jpg?w=560 560w, https:\/\/i0.wp.com\/www.24baires.com\/wp-content\/uploads\/2015\/04\/anibal-conferencia.jpg?resize=300%2C203 300w\" sizes=\"auto, (max-width: 560px) 100vw, 560px\" \/>El jefe de Gabinete, An\u00edbal Fern\u00e1ndez, critic\u00f3 el editorial publicado ayer en el diario La Naci\u00f3n bajo el t\u00edtulo \u00abNo m\u00e1s venganza\u00bb, y rescat\u00f3 el amplio rechazo al art\u00edculo, que incluso fue cuestionado por los propios trabajadores del matutino.<!--more--><\/p>\n<p>El jefe de ministros, en declaraciones a la prensa en Casa de Gobierno, calific\u00f3 como \u201cun hecho muy fuerte\u201d la asamblea de protesta realizada por los trabajadores de ese matutino y valor\u00f3 que \u201cdijeran lo suyo\u201d.<\/p>\n<p>A\u00f1adi\u00f3 que \u201ctodo lo sucedido es premonitorio por lo dicho por la Presidenta (Cristina Fern\u00e1ndez de Kirchner) el domingo pasado tras emitir su voto y presagi\u00f3 de que iba a suceder una cosa de estas caracter\u00edsticas\u201d<\/p>\n<p>A\u00f1adi\u00f3 que \u201clo vimos en el grafitti en la fachada de la Mansi\u00f3n Ser\u00e9, en Mor\u00f3n, y la desagradable declaraci\u00f3n de Marcos Aguinis, que trat\u00f3 de despreciables a las titulares de Madres de Plaza de Mayo, Hebe de Bonafini, y Abuelas, Estela de Carlotto. Fue un agravio gratuito\u201d.<\/p>\n<p>Sostuvo que el editorial del matutino se titula \u201cNo m\u00e1s venganza\u201d, y opin\u00f3 que en nuestro pa\u00eds \u201csiempre se llam\u00f3 memoria, verdad y justicia, y nunca nadie ha hecho justicia por sus propias manos\u00bb.<\/p>\n<p>Record\u00f3 luego la postura del ex presidente N\u00e9stor Kirchner cuando tom\u00f3 la decisi\u00f3n de avanzar con los juicios de lesa humanidad.<\/p>\n<p>Asimismo, destac\u00f3 la decisi\u00f3n del presidente electo Mauricio Macri, quien asegur\u00f3 que su futuro gobierno continuar\u00e1 con los juicios a represores de la \u00faltima dictadura militar y pidi\u00f3: \u201cojal\u00e1 no se detengan, para poder llegar a las conclusiones\u201d.<\/p>\n<p>\u00abEs el primer lugar en el mundo donde se resuelve puertas adentro con sus propias decisiones, su legislaci\u00f3n, sus jueces y fiscales y nadie inventa nada y los testimonios son m\u00e1s que gr\u00e1ficos y no hay venganza; hay muchos detenidos con la seriedad del caso y responsabilidad del caso, y las respuestas son saludables y muestra una Argentina que no quiere volver atr\u00e1s\u201d, finaliz\u00f3.<\/p>\n","protected":false},"excerpt":{"rendered":"<p>El jefe de Gabinete, An\u00edbal Fern\u00e1ndez, critic\u00f3 el editorial publicado ayer en el diario La Naci\u00f3n bajo el t\u00edtulo \u00abNo m\u00e1s venganza\u00bb, y rescat\u00f3 el amplio rechazo al art\u00edculo, que incluso fue cuestionado por los propios trabajadores del matutino.<\/p>\n","protected":false},"author":4,"featured_media":0,"comment_status":"open","ping_status":"open","sticky":false,"template":"","format":"standard","meta":{"_jetpack_newsletter_access":"","_jetpack_dont_email_post_to_subs":false,"_jetpack_newsletter_tier_id":0,"_jetpack_memberships_contains_paywalled_content":false,"_jetpack_memberships_contains_paid_content":false,"footnotes":""},"categories":[51],"tags":[],"class_list":["post-75510","post","type-post","status-publish","format-standard","hentry","category-politica"],"jetpack_shortlink":"https:\/\/wp.me\/p2JWE0-jDU","jetpack-related-posts":[{"id":69431,"url":"http:\/\/www.24baires.com\/?p=69431","url_meta":{"origin":75510,"position":0},"title":"An\u00edbal asegura que \u00abdurante el d\u00eda de hoy\u00bb se solucionar\u00eda el conflicto lechero","author":"AF","date":"23\/07\/2015","format":false,"excerpt":"El jefe de Gabinete, An\u00edbal Fern\u00e1ndez, se refiri\u00f3 a la situaci\u00f3n que el mi\u00e9rcoles tuvo su momento m\u00e1s tenso cuando productores protestaron volcando miles de litros del vital alimento en rutas de distintos puntos de Santa Fe y C\u00f3rdoba. El funcionario respondi\u00f3 que \"es una discusi\u00f3n con la Asociaci\u00f3n de\u2026","rel":"","context":"En \u00abSociedad\u00bb","block_context":{"text":"Sociedad","link":"http:\/\/www.24baires.com\/?cat=1"},"img":{"alt_text":"anibal","src":"https:\/\/i0.wp.com\/www.24baires.com\/wp-content\/uploads\/2015\/01\/anibal.jpg?resize=350%2C200","width":350,"height":200,"srcset":"https:\/\/i0.wp.com\/www.24baires.com\/wp-content\/uploads\/2015\/01\/anibal.jpg?resize=350%2C200 1x, https:\/\/i0.wp.com\/www.24baires.com\/wp-content\/uploads\/2015\/01\/anibal.jpg?resize=525%2C300 1.5x"},"classes":[]},{"id":111289,"url":"http:\/\/www.24baires.com\/?p=111289","url_meta":{"origin":75510,"position":1},"title":"Alberto Fern\u00e1ndez propone medicamentos gratis para todos los jubilados","author":"AF","date":"22\/07\/2019","format":false,"excerpt":"El candidato a presidente del Frente de Todos hizo el anuncio en un acto en Temperley. All\u00ed dijo tambi\u00e9n que plantear\u00e1 la recomposici\u00f3n de los haberes jubilatorios. El candidato presidencial del Frente de Todos, Alberto Fern\u00e1ndez, asegur\u00f3 que en caso de ganar los comicios de octubre propondr\u00e1 que el Estado\u2026","rel":"","context":"En \u00abPol\u00edtica\u00bb","block_context":{"text":"Pol\u00edtica","link":"http:\/\/www.24baires.com\/?cat=51"},"img":{"alt_text":"","src":"https:\/\/i0.wp.com\/www.24baires.com\/wp-content\/uploads\/2019\/06\/alberto-fernandez.jpg?resize=350%2C200","width":350,"height":200,"srcset":"https:\/\/i0.wp.com\/www.24baires.com\/wp-content\/uploads\/2019\/06\/alberto-fernandez.jpg?resize=350%2C200 1x, https:\/\/i0.wp.com\/www.24baires.com\/wp-content\/uploads\/2019\/06\/alberto-fernandez.jpg?resize=525%2C300 1.5x"},"classes":[]},{"id":70151,"url":"http:\/\/www.24baires.com\/?p=70151","url_meta":{"origin":75510,"position":2},"title":"An\u00edbal afirm\u00f3 que \u00abEs imposible que pueda concretarse un fraude\u00bb","author":"AF","date":"07\/08\/2015","format":false,"excerpt":"El jefe de Gabinete garantiz\u00f3 la \"presencia y el trabajo de todas las fuerzas federales de seguridad\" para garantizar el normal desarrollo del comicios que se realizar\u00e1n el domingo en todo el pa\u00eds. \"No, nunca jam\u00e1s\", respondi\u00f3 Fern\u00e1ndez al ser consultado sobre el tema antes de ingresar a Casa de\u2026","rel":"","context":"En \u00abElecciones 2015\u00bb","block_context":{"text":"Elecciones 2015","link":"http:\/\/www.24baires.com\/?cat=74"},"img":{"alt_text":"anibal conferencia","src":"https:\/\/i0.wp.com\/www.24baires.com\/wp-content\/uploads\/2015\/04\/anibal-conferencia.jpg?resize=350%2C200","width":350,"height":200,"srcset":"https:\/\/i0.wp.com\/www.24baires.com\/wp-content\/uploads\/2015\/04\/anibal-conferencia.jpg?resize=350%2C200 1x, https:\/\/i0.wp.com\/www.24baires.com\/wp-content\/uploads\/2015\/04\/anibal-conferencia.jpg?resize=525%2C300 1.5x"},"classes":[]},{"id":116345,"url":"http:\/\/www.24baires.com\/?p=116345","url_meta":{"origin":75510,"position":3},"title":"El Presidente se solidariz\u00f3 con Lorenzetti y Cristina por los escraches","author":"AF","date":"28\/09\/2020","format":false,"excerpt":"El presidente mostr\u00f3 su respaldo al juez de la Corte Suprema por el escrache que sufri\u00f3 en su casa de Rafaela. El presidente Alberto Fern\u00e1ndez se solidariz\u00f3 este lunes con el juez de la Corte Suprema Ricardo Lorenzetti por el escrache que sufri\u00f3 en su casa en la ciudad santafesina\u2026","rel":"","context":"En \u00abPol\u00edtica\u00bb","block_context":{"text":"Pol\u00edtica","link":"http:\/\/www.24baires.com\/?cat=51"},"img":{"alt_text":"","src":"https:\/\/i0.wp.com\/www.24baires.com\/wp-content\/uploads\/2020\/08\/alberto-anuncio.jpg?resize=350%2C200","width":350,"height":200,"srcset":"https:\/\/i0.wp.com\/www.24baires.com\/wp-content\/uploads\/2020\/08\/alberto-anuncio.jpg?resize=350%2C200 1x, https:\/\/i0.wp.com\/www.24baires.com\/wp-content\/uploads\/2020\/08\/alberto-anuncio.jpg?resize=525%2C300 1.5x"},"classes":[]},{"id":68270,"url":"http:\/\/www.24baires.com\/?p=68270","url_meta":{"origin":75510,"position":4},"title":"An\u00edbal Fern\u00e1ndez: lo de Xipolitakis \u00abestuvo todo atadito para perjudicar a Recalde\u201d","author":"AF","date":"29\/06\/2015","format":false,"excerpt":"An\u00edbal Fern\u00e1ndez consider\u00f3 que el episodio protagonizado por la vedette Xipolitakis en la cabina de un avi\u00f3n de Austral fue producto de una campa\u00f1a para perjudicar al presidente de Aerol\u00edneas y aspirante a jefe de Gobierno del FpV, a quien defini\u00f3 como \"un excelente candidato\u201d. En ese sentido, An\u00edbal Fern\u00e1ndez\u2026","rel":"","context":"En \u00abPol\u00edtica\u00bb","block_context":{"text":"Pol\u00edtica","link":"http:\/\/www.24baires.com\/?cat=51"},"img":{"alt_text":"anibal conferencia","src":"https:\/\/i0.wp.com\/www.24baires.com\/wp-content\/uploads\/2015\/04\/anibal-conferencia.jpg?resize=350%2C200","width":350,"height":200,"srcset":"https:\/\/i0.wp.com\/www.24baires.com\/wp-content\/uploads\/2015\/04\/anibal-conferencia.jpg?resize=350%2C200 1x, https:\/\/i0.wp.com\/www.24baires.com\/wp-content\/uploads\/2015\/04\/anibal-conferencia.jpg?resize=525%2C300 1.5x"},"classes":[]},{"id":67988,"url":"http:\/\/www.24baires.com\/?p=67988","url_meta":{"origin":75510,"position":5},"title":"An\u00edbal Fern\u00e1ndez advirti\u00f3 a las empresas de energ\u00eda sobre posibles cortes","author":"AF","date":"23\/06\/2015","format":false,"excerpt":"El jefe de Gabinete sostuvo hoy que las empresas que brindan el servicio \u201cvan a tener que poner las barbas en remojo y encontrar una alternativa para resolver la problem\u00e1tica de los cortes porque nadie debiera quedarse sin el servicio de luz\u201d. A\u00f1adi\u00f3 que \u201choy en d\u00eda es de un\u2026","rel":"","context":"En \u00abSociedad\u00bb","block_context":{"text":"Sociedad","link":"http:\/\/www.24baires.com\/?cat=1"},"img":{"alt_text":"anibal conferencia","src":"https:\/\/i0.wp.com\/www.24baires.com\/wp-content\/uploads\/2015\/04\/anibal-conferencia.jpg?resize=350%2C200","width":350,"height":200,"srcset":"https:\/\/i0.wp.com\/www.24baires.com\/wp-content\/uploads\/2015\/04\/anibal-conferencia.jpg?resize=350%2C200 1x, https:\/\/i0.wp.com\/www.24baires.com\/wp-content\/uploads\/2015\/04\/anibal-conferencia.jpg?resize=525%2C300 1.5x"},"classes":[]}],"jetpack_sharing_enabled":true,"jetpack_likes_enabled":true,"jetpack_featured_media_url":"","_links":{"self":[{"href":"http:\/\/www.24baires.com\/index.php?rest_route=\/wp\/v2\/posts\/75510","targetHints":{"allow":["GET"]}}],"collection":[{"href":"http:\/\/www.24baires.com\/index.php?rest_route=\/wp\/v2\/posts"}],"about":[{"href":"http:\/\/www.24baires.com\/index.php?rest_route=\/wp\/v2\/types\/post"}],"author":[{"embeddable":true,"href":"http:\/\/www.24baires.com\/index.php?rest_route=\/wp\/v2\/users\/4"}],"replies":[{"embeddable":true,"href":"http:\/\/www.24baires.com\/index.php?rest_route=%2Fwp%2Fv2%2Fcomments&post=75510"}],"version-history":[{"count":2,"href":"http:\/\/www.24baires.com\/index.php?rest_route=\/wp\/v2\/posts\/75510\/revisions"}],"predecessor-version":[{"id":75513,"href":"http:\/\/www.24baires.com\/index.php?rest_route=\/wp\/v2\/posts\/75510\/revisions\/75513"}],"wp:attachment":[{"href":"http:\/\/www.24baires.com\/index.php?rest_route=%2Fwp%2Fv2%2Fmedia&parent=75510"}],"wp:term":[{"taxonomy":"category","embeddable":true,"href":"http:\/\/www.24baires.com\/index.php?rest_route=%2Fwp%2Fv2%2Fcategories&post=75510"},{"taxonomy":"post_tag","embeddable":true,"href":"http:\/\/www.24baires.com\/index.php?rest_route=%2Fwp%2Fv2%2Ftags&post=75510"}],"curies":[{"name":"wp","href":"https:\/\/api.w.org\/{rel}","templated":true}]}}