{"id":75495,"date":"2015-11-23T19:13:02","date_gmt":"2015-11-23T22:13:02","guid":{"rendered":"http:\/\/www.24baires.com\/?p=75495"},"modified":"2015-11-23T19:13:02","modified_gmt":"2015-11-23T22:13:02","slug":"sola-afirmo-que-trabajara-para-que-no-se-haga-un-ajuste-salvaje","status":"publish","type":"post","link":"http:\/\/www.24baires.com\/?p=75495","title":{"rendered":"Sol\u00e1 afirm\u00f3 que trabajar\u00e1 para que \u00abno se haga un ajuste salvaje\u00bb"},"content":{"rendered":"<p><img data-recalc-dims=\"1\" loading=\"lazy\" decoding=\"async\" class=\"aligncenter size-full wp-image-50552\" src=\"https:\/\/i0.wp.com\/www.24baires.com\/wp-content\/uploads\/2014\/07\/felipe-sol%C3%A1.jpg?resize=560%2C336\" alt=\"felipe sol\u00e1\" width=\"560\" height=\"336\" srcset=\"https:\/\/i0.wp.com\/www.24baires.com\/wp-content\/uploads\/2014\/07\/felipe-sol%C3%A1.jpg?w=560 560w, https:\/\/i0.wp.com\/www.24baires.com\/wp-content\/uploads\/2014\/07\/felipe-sol%C3%A1.jpg?resize=300%2C180 300w\" sizes=\"auto, (max-width: 560px) 100vw, 560px\" \/>El diputado nacional del Frente Renovador Felipe Sol\u00e1 dijo que cuando asuma la Presidencia Mauricio Macri \u00abdesde nuestro lugar vamos a trabajar para que no se haga un ajuste salvaje\u00bb.<!--more--><\/p>\n<p>\u00abDesde nuestro lugar vamos a trabajar para que se otorgue el 82% a los jubilados, que se levante el impuesto a las ganancias para los trabajadores y que no se haga un ajuste salvaje\u00bb, remarc\u00f3 el ex candidato a gobernador del frente Una.<\/p>\n<p>Consultado por radio Del Plata sobre el rol del Frente Renovador de cara a la pr\u00f3xima gesti\u00f3n, Sol\u00e1 asegur\u00f3 que \u00abnosotros en un primer momento vamos a ayudar a gobernar en la transici\u00f3n, no poniendo trabas, pero defendiendo los cinco millones de votos que nos dieron su confianza\u00bb.<\/p>\n<p>Por otra parte, el ex gobernador bonaerense durante la Presidencia de N\u00e9stor Kirchner dijo que \u00ablas elecciones dejan un pa\u00eds partido al medio\u00bb y que \u00abtenemos que achicar la brecha que deja este Gobierno\u00bb.<\/p>\n<p>\u00abHab\u00eda un hartazgo de la pol\u00edtica prepotente y de una manera prepotente de llevarlas a cabo. Si no se entiende esto se cometer\u00e1n los mismo errores\u00bb, agreg\u00f3 el diputado nacional.<\/p>\n<p>Y a\u00f1adi\u00f3: \u00abEl resultado de las elecciones deja un pa\u00eds partido al medio y para resolver los graves problemas que vive el pa\u00eds hay que bajar un cambio de ambos lugares\u00bb, por lo que agreg\u00f3 que \u00abtenemos que achicar la brecha que abri\u00f3 este Gobierno y en la que la nueva gesti\u00f3n parece estar c\u00f3moda\u00bb.<\/p>\n<p>&nbsp;<\/p>\n<p>&nbsp;<\/p>\n<p>&nbsp;<\/p>\n<p>&nbsp;<\/p>\n<p>&nbsp;<\/p>\n<p>&nbsp;<\/p>\n<p>&nbsp;<\/p>\n<p>&nbsp;<\/p>\n<p>&nbsp;<\/p>\n<p>&nbsp;<\/p>\n<p>&nbsp;<\/p>\n<p>&nbsp;<\/p>\n","protected":false},"excerpt":{"rendered":"<p>El diputado nacional del Frente Renovador Felipe Sol\u00e1 dijo que cuando asuma la Presidencia Mauricio Macri \u00abdesde nuestro lugar vamos a trabajar para que no se haga un ajuste salvaje\u00bb.<\/p>\n","protected":false},"author":8,"featured_media":0,"comment_status":"open","ping_status":"open","sticky":false,"template":"","format":"standard","meta":{"_jetpack_newsletter_access":"","_jetpack_dont_email_post_to_subs":false,"_jetpack_newsletter_tier_id":0,"_jetpack_memberships_contains_paywalled_content":false,"_jetpack_memberships_contains_paid_content":false,"footnotes":""},"categories":[51],"tags":[],"class_list":["post-75495","post","type-post","status-publish","format-standard","hentry","category-politica"],"jetpack_shortlink":"https:\/\/wp.me\/p2JWE0-jDF","jetpack-related-posts":[{"id":75176,"url":"http:\/\/www.24baires.com\/?p=75176","url_meta":{"origin":75495,"position":0},"title":"Dirigentes sciolistas se reunieron con Felipe Sol\u00e1, ex candidato del Frente Renovador","author":"GB","date":"17\/11\/2015","format":false,"excerpt":"La ministra de gobierno bonaerense Cristina \u00c1lvarez Rodr\u00edguez, el diputado provincial Fernando \"Chino\" Navarro, el legislador porte\u00f1o Jorge Taiana y el ex embajador ante la Santa Sede Juan Pablo Cafiero, coincidieron en un almuerzo por el D\u00eda de la Militancia con el ex candidato a gobernador bonaerense Felipe Sol\u00e1 y\u2026","rel":"","context":"En \u00abElecciones 2015\u00bb","block_context":{"text":"Elecciones 2015","link":"http:\/\/www.24baires.com\/?cat=74"},"img":{"alt_text":"","src":"https:\/\/i0.wp.com\/www.24baires.com\/wp-content\/uploads\/2015\/11\/sciolista-fr.jpg?resize=350%2C200","width":350,"height":200,"srcset":"https:\/\/i0.wp.com\/www.24baires.com\/wp-content\/uploads\/2015\/11\/sciolista-fr.jpg?resize=350%2C200 1x, https:\/\/i0.wp.com\/www.24baires.com\/wp-content\/uploads\/2015\/11\/sciolista-fr.jpg?resize=525%2C300 1.5x"},"classes":[]},{"id":102442,"url":"http:\/\/www.24baires.com\/?p=102442","url_meta":{"origin":75495,"position":1},"title":"Vidal: \u00abNo voy a ser candidata a presidente en 2019\u00bb","author":"AF","date":"30\/05\/2018","format":false,"excerpt":"La gobernadora de la provincia de Buenos Aires asegur\u00f3 que trabajar\u00e1 para la reelecci\u00f3n del presidente Mauricio Macri el pr\u00f3ximo a\u00f1o. La gobernadora de Buenos Aires, Mar\u00eda Eugenia Vidal, asegur\u00f3 este mi\u00e9rcoles que el presidente Mauricio Macriir\u00e1 por su reelecci\u00f3n en 2019 y que ella trabajar\u00e1 para que \"as\u00ed sea\",\u2026","rel":"","context":"En \u00abPol\u00edtica\u00bb","block_context":{"text":"Pol\u00edtica","link":"http:\/\/www.24baires.com\/?cat=51"},"img":{"alt_text":"","src":"https:\/\/i0.wp.com\/www.24baires.com\/wp-content\/uploads\/2018\/03\/vidal-1.jpg?resize=350%2C200","width":350,"height":200,"srcset":"https:\/\/i0.wp.com\/www.24baires.com\/wp-content\/uploads\/2018\/03\/vidal-1.jpg?resize=350%2C200 1x, https:\/\/i0.wp.com\/www.24baires.com\/wp-content\/uploads\/2018\/03\/vidal-1.jpg?resize=525%2C300 1.5x"},"classes":[]},{"id":108530,"url":"http:\/\/www.24baires.com\/?p=108530","url_meta":{"origin":75495,"position":2},"title":"Gioja: la unidad del peronismo, la relaci\u00f3n con Massa y la elecci\u00f3n en San Juan","author":"AF","date":"01\/06\/2019","format":false,"excerpt":"El diputado y presidente del PJ destac\u00f3 el renovado v\u00ednculo entre el partido Justicialista y Unidad Ciudadana, respald\u00f3 la f\u00f3rmula Kicillof-Magario y advirti\u00f3 que quienes dividan a la oposici\u00f3n son funcionales al macrismo. Desde San Juan El tres veces gobernador de San Juan, diputado nacional por esa provincia y presidente\u2026","rel":"","context":"En \u00abPol\u00edtica\u00bb","block_context":{"text":"Pol\u00edtica","link":"http:\/\/www.24baires.com\/?cat=51"},"img":{"alt_text":"","src":"https:\/\/i0.wp.com\/www.24baires.com\/wp-content\/uploads\/2013\/10\/gioja.jpg?resize=350%2C200","width":350,"height":200,"srcset":"https:\/\/i0.wp.com\/www.24baires.com\/wp-content\/uploads\/2013\/10\/gioja.jpg?resize=350%2C200 1x, https:\/\/i0.wp.com\/www.24baires.com\/wp-content\/uploads\/2013\/10\/gioja.jpg?resize=525%2C300 1.5x"},"classes":[]},{"id":106459,"url":"http:\/\/www.24baires.com\/?p=106459","url_meta":{"origin":75495,"position":3},"title":"Massa confirm\u00f3 su deseo de ser presidente","author":"GB","date":"21\/01\/2019","format":false,"excerpt":"\"De ninguna manera voy a ser candidato a gobernador\", afirm\u00f3 el l\u00edder del Frente Renovador. El fundador del Frente Renovador, Sergio Massa, afirm\u00f3 que ser\u00e1 \u201ccandidato a presidente\u201d en las pr\u00f3ximas elecciones, pero \u201cde ninguna manera\u201d se postular\u00eda como gobernador de la provincia de Buenos Aires. \u201cVoy a ser candidato\u2026","rel":"","context":"En \u00abPol\u00edtica\u00bb","block_context":{"text":"Pol\u00edtica","link":"http:\/\/www.24baires.com\/?cat=51"},"img":{"alt_text":"","src":"https:\/\/i0.wp.com\/www.24baires.com\/wp-content\/uploads\/2016\/09\/s-massa.jpg?resize=350%2C200","width":350,"height":200,"srcset":"https:\/\/i0.wp.com\/www.24baires.com\/wp-content\/uploads\/2016\/09\/s-massa.jpg?resize=350%2C200 1x, https:\/\/i0.wp.com\/www.24baires.com\/wp-content\/uploads\/2016\/09\/s-massa.jpg?resize=525%2C300 1.5x"},"classes":[]},{"id":103297,"url":"http:\/\/www.24baires.com\/?p=103297","url_meta":{"origin":75495,"position":4},"title":"Felipe Sol\u00e1 quiere ganarle a Macri \u00abrepresentando a un peronismo unido\u00bb","author":"Grupo Sierra","date":"12\/07\/2018","format":false,"excerpt":"El ex gobernador y actual diputado del Frente Renovador, Felipe Sol\u00e1, ratific\u00f3 sus aspiraciones presidenciales de cara a 2019 y se posicion\u00f3 como el candidato de la unidad, al tiempo que consider\u00f3 que \"el que trabaja para que haya dos peronismos trabaja para (Mauricio) Macri\". \"Quiero ganarle a Macri y\u2026","rel":"","context":"En \u00abPol\u00edtica\u00bb","block_context":{"text":"Pol\u00edtica","link":"http:\/\/www.24baires.com\/?cat=51"},"img":{"alt_text":"","src":"https:\/\/i0.wp.com\/www.24baires.com\/wp-content\/uploads\/2014\/07\/felipe-sol%C3%A1.jpg?resize=350%2C200","width":350,"height":200,"srcset":"https:\/\/i0.wp.com\/www.24baires.com\/wp-content\/uploads\/2014\/07\/felipe-sol%C3%A1.jpg?resize=350%2C200 1x, https:\/\/i0.wp.com\/www.24baires.com\/wp-content\/uploads\/2014\/07\/felipe-sol%C3%A1.jpg?resize=525%2C300 1.5x"},"classes":[]},{"id":78078,"url":"http:\/\/www.24baires.com\/?p=78078","url_meta":{"origin":75495,"position":5},"title":"Scioli advirti\u00f3 que proponer a Massa para conducir el PJ despert\u00f3 a \u00abun gigante\u00bb","author":"AF","date":"25\/01\/2016","format":false,"excerpt":"El ex gobernador Daniel Scioli se refiri\u00f3 a la posibilidad expresada por el presidente Mauricio Macri de que el diputado del Frente Renovador Sergio Massa conduzca el Partido Justicialista y a la cumbre realizada en San Juan. En el foro de Davos, Macri hab\u00eda dicho que Massa era \u201cel l\u00edder\u2026","rel":"","context":"En \u00abPol\u00edtica\u00bb","block_context":{"text":"Pol\u00edtica","link":"http:\/\/www.24baires.com\/?cat=51"},"img":{"alt_text":"scioli-massa1","src":"https:\/\/i0.wp.com\/www.24baires.com\/wp-content\/uploads\/2013\/08\/scioli-massa1.jpg?resize=350%2C200","width":350,"height":200,"srcset":"https:\/\/i0.wp.com\/www.24baires.com\/wp-content\/uploads\/2013\/08\/scioli-massa1.jpg?resize=350%2C200 1x, https:\/\/i0.wp.com\/www.24baires.com\/wp-content\/uploads\/2013\/08\/scioli-massa1.jpg?resize=525%2C300 1.5x"},"classes":[]}],"jetpack_sharing_enabled":true,"jetpack_likes_enabled":true,"jetpack_featured_media_url":"","_links":{"self":[{"href":"http:\/\/www.24baires.com\/index.php?rest_route=\/wp\/v2\/posts\/75495","targetHints":{"allow":["GET"]}}],"collection":[{"href":"http:\/\/www.24baires.com\/index.php?rest_route=\/wp\/v2\/posts"}],"about":[{"href":"http:\/\/www.24baires.com\/index.php?rest_route=\/wp\/v2\/types\/post"}],"author":[{"embeddable":true,"href":"http:\/\/www.24baires.com\/index.php?rest_route=\/wp\/v2\/users\/8"}],"replies":[{"embeddable":true,"href":"http:\/\/www.24baires.com\/index.php?rest_route=%2Fwp%2Fv2%2Fcomments&post=75495"}],"version-history":[{"count":1,"href":"http:\/\/www.24baires.com\/index.php?rest_route=\/wp\/v2\/posts\/75495\/revisions"}],"predecessor-version":[{"id":75496,"href":"http:\/\/www.24baires.com\/index.php?rest_route=\/wp\/v2\/posts\/75495\/revisions\/75496"}],"wp:attachment":[{"href":"http:\/\/www.24baires.com\/index.php?rest_route=%2Fwp%2Fv2%2Fmedia&parent=75495"}],"wp:term":[{"taxonomy":"category","embeddable":true,"href":"http:\/\/www.24baires.com\/index.php?rest_route=%2Fwp%2Fv2%2Fcategories&post=75495"},{"taxonomy":"post_tag","embeddable":true,"href":"http:\/\/www.24baires.com\/index.php?rest_route=%2Fwp%2Fv2%2Ftags&post=75495"}],"curies":[{"name":"wp","href":"https:\/\/api.w.org\/{rel}","templated":true}]}}