{"id":75489,"date":"2015-11-23T18:38:46","date_gmt":"2015-11-23T21:38:46","guid":{"rendered":"http:\/\/www.24baires.com\/?p=75489"},"modified":"2015-11-23T18:38:46","modified_gmt":"2015-11-23T21:38:46","slug":"estados-unidos-felicito-a-macri-esperamos-trabajar-de-cerca","status":"publish","type":"post","link":"http:\/\/www.24baires.com\/?p=75489","title":{"rendered":"Estados Unidos felicit\u00f3 a Macri: \u00abEsperamos trabajar de cerca\u00bb"},"content":{"rendered":"<p><img data-recalc-dims=\"1\" loading=\"lazy\" decoding=\"async\" class=\"alignleft size-full wp-image-75318\" src=\"https:\/\/i0.wp.com\/www.24baires.com\/wp-content\/uploads\/2015\/11\/macri-cierre.jpg?resize=330%2C219\" alt=\"macri cierre\" width=\"330\" height=\"219\" srcset=\"https:\/\/i0.wp.com\/www.24baires.com\/wp-content\/uploads\/2015\/11\/macri-cierre.jpg?w=330 330w, https:\/\/i0.wp.com\/www.24baires.com\/wp-content\/uploads\/2015\/11\/macri-cierre.jpg?resize=300%2C199 300w\" sizes=\"auto, (max-width: 330px) 100vw, 330px\" \/>El secretario de Estado norteamericano, John Kerry, felicit\u00f3 este lunes al pueblo argentino por llevar adelante una \u00abexitosa segunda vuelta\u00bb electoral, que \u00abrefleja los fuertes valores democr\u00e1ticos de Argentina\u00bb, y dijo estar \u00abconfiado\u00bb que ambos pa\u00edses seguir\u00e1n trabajando de cerca para \u00abpromover la seguridad regional\u00bb e \u00abintensificar el desarrollo de los derechos humanos\u00bb.<!--more--><\/p>\n<p>El encargado del Departamento de Estado se\u00f1al\u00f3 adem\u00e1s que Argentina y los Estados Unidos \u00abson socios desde hace mucho tiempo y esperamos trabajar de cerca con el presidente electo, Mauricio Macri, y su gobierno\u00bb.<\/p>\n<p>Kerry sostuvo adem\u00e1s, a trav\u00e9s de un comunicado, que los dos pa\u00edses \u00abseguir\u00e1n trabajando de cerca para promover la seguridad y prosperidad regional y para intensificar el desarrollo humano y de los derechos humanos en nuestro hemisferio y en todo el planeta\u00bb.<\/p>\n<p>El canciller norteamericano mencion\u00f3 a su vez que su gobierno \u00abcontin\u00faa agradecido con el liderazgo de Argentina en Naciones Unidas sobre temas como la no proliferaci\u00f3n nuclear y el mejoramiento de los derechos humanos LGTBI, y esperamos expandir nuestra cooperaci\u00f3n en asuntos multilaterales\u00bb.<\/p>\n<p>Por \u00faltimo, el encargado de las relaciones exteriores de la administraci\u00f3n de Barack Obama dijo que esperan \u00abprofundizar nuestros valiosos intercambios educativos y culturales y nuestra colaboraci\u00f3n conjunta en el \u00e1mbito de la ciencia\u00bb.<\/p>\n<p>&nbsp;<\/p>\n<p>&nbsp;<\/p>\n<p>&nbsp;<\/p>\n<p>&nbsp;<\/p>\n<p>&nbsp;<\/p>\n<p>&nbsp;<\/p>\n<p>&nbsp;<\/p>\n<p>&nbsp;<\/p>\n<p>&nbsp;<\/p>\n<p>&nbsp;<\/p>\n<p>&nbsp;<\/p>\n<p>&nbsp;<\/p>\n<p>&nbsp;<\/p>\n","protected":false},"excerpt":{"rendered":"<p>El secretario de Estado norteamericano, John Kerry, felicit\u00f3 este lunes al pueblo argentino por llevar adelante una \u00abexitosa segunda vuelta\u00bb electoral, que \u00abrefleja los fuertes valores democr\u00e1ticos de Argentina\u00bb, y dijo estar \u00abconfiado\u00bb que ambos pa\u00edses seguir\u00e1n trabajando de cerca para \u00abpromover la seguridad regional\u00bb e \u00abintensificar el desarrollo de los derechos humanos\u00bb.<\/p>\n","protected":false},"author":8,"featured_media":0,"comment_status":"open","ping_status":"open","sticky":false,"template":"","format":"standard","meta":{"_jetpack_newsletter_access":"","_jetpack_dont_email_post_to_subs":false,"_jetpack_newsletter_tier_id":0,"_jetpack_memberships_contains_paywalled_content":false,"_jetpack_memberships_contains_paid_content":false,"footnotes":""},"categories":[51],"tags":[],"class_list":["post-75489","post","type-post","status-publish","format-standard","hentry","category-politica"],"jetpack_shortlink":"https:\/\/wp.me\/p2JWE0-jDz","jetpack-related-posts":[{"id":85894,"url":"http:\/\/www.24baires.com\/?p=85894","url_meta":{"origin":75489,"position":0},"title":"Kerry entreg\u00f3 a Macri \u00abuna primera tanda\u00bb de documentos desclasificados de la dictadura","author":"Grupo Sierra","date":"04\/08\/2016","format":false,"excerpt":"Cumpliendo un compromiso del presidente Barack Obama, el secretario de Estado estadounidense, John Kerry, entreg\u00f3 hoy al presidente Mauricio Macri la primera tanda de los nuevos archivos desclasificados en su pa\u00eds con informaci\u00f3n sobre delitos de lesa humanidad perpetrados durante la \u00faltima dictadura en la Argentina. En la audiencia que\u2026","rel":"","context":"En \u00abInternacionales\u00bb","block_context":{"text":"Internacionales","link":"http:\/\/www.24baires.com\/?cat=73"},"img":{"alt_text":"","src":"https:\/\/i0.wp.com\/www.24baires.com\/wp-content\/uploads\/2016\/08\/Kerry-Macri.jpg?resize=350%2C200","width":350,"height":200,"srcset":"https:\/\/i0.wp.com\/www.24baires.com\/wp-content\/uploads\/2016\/08\/Kerry-Macri.jpg?resize=350%2C200 1x, https:\/\/i0.wp.com\/www.24baires.com\/wp-content\/uploads\/2016\/08\/Kerry-Macri.jpg?resize=525%2C300 1.5x"},"classes":[]},{"id":119478,"url":"http:\/\/www.24baires.com\/?p=119478","url_meta":{"origin":75489,"position":1},"title":"El Gobierno gestiona un cr\u00e9dito de US$ 200 millones para pymes","author":"AF","date":"26\/10\/2022","format":false,"excerpt":"El prop\u00f3sito del nuevo fondeo es alcanzar a m\u00e1s de 1.000 pymes de todo el pa\u00eds, generar empleos de calidad y promover el aumento de la productividad de las empresas a trav\u00e9s de la generaci\u00f3n de exportaciones de bienes con valor agregado. El secretario de Industria y Desarrollo Productivo, Jos\u00e9\u2026","rel":"","context":"En \u00abPol\u00edtica\u00bb","block_context":{"text":"Pol\u00edtica","link":"http:\/\/www.24baires.com\/?cat=51"},"img":{"alt_text":"","src":"https:\/\/i0.wp.com\/www.24baires.com\/wp-content\/uploads\/2022\/10\/world-bank-group.jpg?resize=350%2C200","width":350,"height":200,"srcset":"https:\/\/i0.wp.com\/www.24baires.com\/wp-content\/uploads\/2022\/10\/world-bank-group.jpg?resize=350%2C200 1x, https:\/\/i0.wp.com\/www.24baires.com\/wp-content\/uploads\/2022\/10\/world-bank-group.jpg?resize=525%2C300 1.5x, https:\/\/i0.wp.com\/www.24baires.com\/wp-content\/uploads\/2022\/10\/world-bank-group.jpg?resize=700%2C400 2x"},"classes":[]},{"id":94156,"url":"http:\/\/www.24baires.com\/?p=94156","url_meta":{"origin":75489,"position":2},"title":"Trump entreg\u00f3 a Macri documentos desclasificados sobre la dictadura","author":"GB","date":"27\/04\/2017","format":false,"excerpt":"Son alrededor de 3.300 p\u00e1ginas de documentos de Inteligencia y del departo de Estado norteamericano recientemente desclasificados. Contienen informaci\u00f3n sobre las violaciones a los derechos humanos cometidos a partir del Golpe de Estado de marzo de 1976. El presidente de los Estados Unidos, Donald Trump, le entreg\u00f3 este jueves a\u2026","rel":"","context":"En \u00abMemoria\u00bb","block_context":{"text":"Memoria","link":"http:\/\/www.24baires.com\/?cat=50"},"img":{"alt_text":"","src":"https:\/\/i0.wp.com\/www.24baires.com\/wp-content\/uploads\/2017\/04\/trump-macri.jpg?resize=350%2C200","width":350,"height":200,"srcset":"https:\/\/i0.wp.com\/www.24baires.com\/wp-content\/uploads\/2017\/04\/trump-macri.jpg?resize=350%2C200 1x, https:\/\/i0.wp.com\/www.24baires.com\/wp-content\/uploads\/2017\/04\/trump-macri.jpg?resize=525%2C300 1.5x"},"classes":[]},{"id":113690,"url":"http:\/\/www.24baires.com\/?p=113690","url_meta":{"origin":75489,"position":3},"title":"Revelan que Macri dej\u00f3 una deuda de U$S 150 millones con la ONU","author":"AF","date":"06\/01\/2020","format":false,"excerpt":"El macrismo no s\u00f3lo dej\u00f3 deudas impagas con acreedores internacionales sino que tambi\u00e9n con organismos internacionales relacionados a la diplomacia. Desde Canciller\u00eda afirmaron que el Estado argentino mantiene deudas con la ONU por U$S 151 millones. La deuda acumulada, seg\u00fan pudo confirmar El Destape, equivale a $ 9.500 millones. Se\u2026","rel":"","context":"En \u00abPol\u00edtica\u00bb","block_context":{"text":"Pol\u00edtica","link":"http:\/\/www.24baires.com\/?cat=51"},"img":{"alt_text":"","src":"https:\/\/i0.wp.com\/www.24baires.com\/wp-content\/uploads\/2019\/08\/macri.png?resize=350%2C200","width":350,"height":200,"srcset":"https:\/\/i0.wp.com\/www.24baires.com\/wp-content\/uploads\/2019\/08\/macri.png?resize=350%2C200 1x, https:\/\/i0.wp.com\/www.24baires.com\/wp-content\/uploads\/2019\/08\/macri.png?resize=525%2C300 1.5x"},"classes":[]},{"id":29329,"url":"http:\/\/www.24baires.com\/?p=29329","url_meta":{"origin":75489,"position":4},"title":"Argentina asumir\u00e1 la presidencia del Consejo de Seguridad de la ONU","author":"AF","date":"01\/08\/2013","format":false,"excerpt":"La Argentina asume la Presidencia del Consejo de Seguridad de las Naciones Unidas, posici\u00f3n que conservar\u00e1 durante un mes en su calidad de Miembro no Permanente. \"Argentina desempe\u00f1ar\u00e1 la Presidencia teniendo presente la necesidad de fortalecer el \u00f3rgano en un momento en que la comunidad internacional busca dar respuesta a\u2026","rel":"","context":"En \u00abPol\u00edtica\u00bb","block_context":{"text":"Pol\u00edtica","link":"http:\/\/www.24baires.com\/?cat=51"},"img":{"alt_text":"onu2","src":"https:\/\/i0.wp.com\/www.24baires.com\/wp-content\/uploads\/2013\/08\/onu2-300x199.jpg?resize=350%2C200","width":350,"height":200},"classes":[]},{"id":80521,"url":"http:\/\/www.24baires.com\/?p=80521","url_meta":{"origin":75489,"position":5},"title":"Obama en Argentina: \u00abVisitaremos las tumbas de las v\u00edctimas de la dictadura\u201d","author":"GB","date":"23\/03\/2016","format":false,"excerpt":"El Presidente norteamericano consider\u00f3 que con la gesti\u00f3n de Mauricio Macri el pa\u00eds vuelve a ser l\u00edder en la regi\u00f3n y celebr\u00f3 que con con \u00e9l se abri\u00f3 la posibilidad de resolver el conflicto con los fondos buitre. Luego de haber mantenido un encuentro en la Casa Rosada, Mauricio Macri\u2026","rel":"","context":"En \u00abPol\u00edtica\u00bb","block_context":{"text":"Pol\u00edtica","link":"http:\/\/www.24baires.com\/?cat=51"},"img":{"alt_text":"","src":"https:\/\/i0.wp.com\/www.24baires.com\/wp-content\/uploads\/2016\/03\/obama-macri.jpg?resize=350%2C200","width":350,"height":200,"srcset":"https:\/\/i0.wp.com\/www.24baires.com\/wp-content\/uploads\/2016\/03\/obama-macri.jpg?resize=350%2C200 1x, https:\/\/i0.wp.com\/www.24baires.com\/wp-content\/uploads\/2016\/03\/obama-macri.jpg?resize=525%2C300 1.5x"},"classes":[]}],"jetpack_sharing_enabled":true,"jetpack_likes_enabled":true,"jetpack_featured_media_url":"","_links":{"self":[{"href":"http:\/\/www.24baires.com\/index.php?rest_route=\/wp\/v2\/posts\/75489","targetHints":{"allow":["GET"]}}],"collection":[{"href":"http:\/\/www.24baires.com\/index.php?rest_route=\/wp\/v2\/posts"}],"about":[{"href":"http:\/\/www.24baires.com\/index.php?rest_route=\/wp\/v2\/types\/post"}],"author":[{"embeddable":true,"href":"http:\/\/www.24baires.com\/index.php?rest_route=\/wp\/v2\/users\/8"}],"replies":[{"embeddable":true,"href":"http:\/\/www.24baires.com\/index.php?rest_route=%2Fwp%2Fv2%2Fcomments&post=75489"}],"version-history":[{"count":1,"href":"http:\/\/www.24baires.com\/index.php?rest_route=\/wp\/v2\/posts\/75489\/revisions"}],"predecessor-version":[{"id":75490,"href":"http:\/\/www.24baires.com\/index.php?rest_route=\/wp\/v2\/posts\/75489\/revisions\/75490"}],"wp:attachment":[{"href":"http:\/\/www.24baires.com\/index.php?rest_route=%2Fwp%2Fv2%2Fmedia&parent=75489"}],"wp:term":[{"taxonomy":"category","embeddable":true,"href":"http:\/\/www.24baires.com\/index.php?rest_route=%2Fwp%2Fv2%2Fcategories&post=75489"},{"taxonomy":"post_tag","embeddable":true,"href":"http:\/\/www.24baires.com\/index.php?rest_route=%2Fwp%2Fv2%2Ftags&post=75489"}],"curies":[{"name":"wp","href":"https:\/\/api.w.org\/{rel}","templated":true}]}}