{"id":75469,"date":"2015-11-23T13:00:37","date_gmt":"2015-11-23T16:00:37","guid":{"rendered":"http:\/\/www.24baires.com\/?p=75469"},"modified":"2015-11-23T12:20:49","modified_gmt":"2015-11-23T15:20:49","slug":"sera-la-primera-vez-que-un-gobierno-entrega-a-otro-un-pais-sin-conflictos","status":"publish","type":"post","link":"http:\/\/www.24baires.com\/?p=75469","title":{"rendered":"\u00abSer\u00e1 la primera vez que un gobierno entrega a otro un pa\u00eds sin conflictos\u201d"},"content":{"rendered":"<p><img data-recalc-dims=\"1\" loading=\"lazy\" decoding=\"async\" class=\"aligncenter size-full wp-image-75470\" src=\"https:\/\/i0.wp.com\/www.24baires.com\/wp-content\/uploads\/2015\/11\/an%C3%ADbal-fern%C3%A1ndezz.jpg?resize=560%2C372\" alt=\"an\u00edbal fern\u00e1ndezz\" width=\"560\" height=\"372\" srcset=\"https:\/\/i0.wp.com\/www.24baires.com\/wp-content\/uploads\/2015\/11\/an%C3%ADbal-fern%C3%A1ndezz.jpg?w=560 560w, https:\/\/i0.wp.com\/www.24baires.com\/wp-content\/uploads\/2015\/11\/an%C3%ADbal-fern%C3%A1ndezz.jpg?resize=300%2C199 300w\" sizes=\"auto, (max-width: 560px) 100vw, 560px\" \/>El jefe de Gabinete subray\u00f3 que este gobierno entrega un pa\u00eds distinto\u00bb. A su vez, minimiz\u00f3 la diferencia que obtuvo el presidente electo, Mauricio Macri, sobre Daniel Scioli, en el balotaje celebrado ayer.<!--more--><\/p>\n<p>\u201cSiempre vamos a estar al pie del ca\u00f1\u00f3n, defendiendo los derechos de los otros y prepar\u00e1ndonos para volver a gobernar\u201d, asever\u00f3 el jefe de ministros en su habitual di\u00e1logo con la prensa al ingresar esta ma\u00f1ana a la Casa de Gobierno.<\/p>\n<p>All\u00ed, destac\u00f3 que, el hecho de que, sobre 25.101.000 votos v\u00e1lidos emitidos en la segunda vuelta electoral celebrada ayer, \u201cla diferencia haya sido de 700 mil votos\u201d en favor del candidado de Cambiemos, \u201cevidentemente es un empate\u201d.<\/p>\n<p>\u201cNo hay forma que se pueda negar que sea un empate si, en 25,1 millones de votos, hay 700 mil de diferencia\u201d, sostuvo An\u00edbal Fern\u00e1ndez, quien, no obstante, frente a las preguntas de los periodistas, afirm\u00f3 que no iba a \u201cagraviar\u201d a nadie y que la elecci\u00f3n ten\u00eda un \u201cganador\u201d, en referencia al presidente electo, Mauricio Macri.<\/p>\n<p>Por otro lado, Fern\u00e1ndez remarc\u00f3 que \u00e9sta ser\u00e1 \u201cla primera vez en la historia que un gobierno entrega a otro un pa\u00eds distinto, un pa\u00eds sin conflictos\u201d.<\/p>\n<p>\u201cSalimos pr\u00e1cticamente empatados\u201d, insisti\u00f3 el ministro coordinador, quien evalu\u00f3 que \u201cno es una diferencia que nos diga a nosotros que est\u00e1bamos tan equivocados\u201d.<\/p>\n<p>De hecho, puso el acento en el respaldo tambi\u00e9n cosechado en las urnas por el Frente para la Victoria con el argumento de que la candidatura de Daniel Scioli consigui\u00f3 el respaldo de \u201ccasi el 50 por ciento de la sociedad despu\u00e9s de haber gobernado doce a\u00f1os\u201d.<\/p>\n<p>En la segunda vuelta electoral celebrada ayer, con el 99,17 por ciento de los votos escrutados, el candidato del frente opositor Cambiemos result\u00f3 electo presidente con el 51,40 por ciento de los votos, mientras que el oficialismo, representado por Daniel Scioli, obtuvo el 48,60 por ciento de los sufragios.<\/p>\n<p>\u201c\u00bfSabe que hubiese pasado si hubiese sido al rev\u00e9s, si con una diferencia de 700 mil votos hubi\u00e9semos ganado nosotros? Estar\u00edan los tanques en la puerta, los aviones dando vueltas y las denuncias hasta a la direcci\u00f3n electoral intergal\u00e1ctica\u201d, dispar\u00f3 An\u00edbal Fern\u00e1ndez en su di\u00e1logo con la prensa.<\/p>\n<p>Por eso, postul\u00f3 que el Frente para la Victoria debe \u201cprepararse de la mejor manera, aggiorn\u00e1ndonos y mejorando las formas que podemos hacer para plantear una propuesta pol\u00edtica que concite la atenci\u00f3n del electorado\u201d.<\/p>\n<p>En tanto, en relaci\u00f3n a la reuni\u00f3n que -seg\u00fan trascendi\u00f3- la presidenta Cristina Fern\u00e1ndez de Kirchner mantendr\u00e1 ma\u00f1ana a las 19 con su sucesor, Mauricio Macri, el jefe de Gabinete dijo desconocerla.<\/p>\n<p>\u201cEst\u00e1 d\u00e1ndola por sentada y yo la desconozco\u201d, respondi\u00f3 Fern\u00e1ndez a la pregunta de un periodista al ingresar a la Casa de Gobierno.<\/p>\n","protected":false},"excerpt":{"rendered":"<p>El jefe de Gabinete subray\u00f3 que este gobierno entrega un pa\u00eds distinto\u00bb. A su vez, minimiz\u00f3 la diferencia que obtuvo el presidente electo, Mauricio Macri, sobre Daniel Scioli, en el balotaje celebrado ayer.<\/p>\n","protected":false},"author":4,"featured_media":0,"comment_status":"open","ping_status":"open","sticky":false,"template":"","format":"standard","meta":{"_jetpack_newsletter_access":"","_jetpack_dont_email_post_to_subs":false,"_jetpack_newsletter_tier_id":0,"_jetpack_memberships_contains_paywalled_content":false,"_jetpack_memberships_contains_paid_content":false,"footnotes":""},"categories":[51],"tags":[],"class_list":["post-75469","post","type-post","status-publish","format-standard","hentry","category-politica"],"jetpack_shortlink":"https:\/\/wp.me\/p2JWE0-jDf","jetpack-related-posts":[{"id":96742,"url":"http:\/\/www.24baires.com\/?p=96742","url_meta":{"origin":75469,"position":0},"title":"Proyectado, el resultado final de las PASO favorecer\u00eda a CFK","author":"AF","date":"15\/08\/2017","format":false,"excerpt":"Una pelea voto a voto. As\u00ed se definir\u00e1, seg\u00fan todos los guarismos, la elecci\u00f3n m\u00e1s importante del pa\u00eds, que tiene como principales contendientes a los candidatos Esteban Bullrich (Cambiemos) y Cristina Fern\u00e1ndez (Unidad Ciudadana). Los \u00faltimos datos brindados por la empresa Indra, encargada del escrutinio provisorio, datan de las 6:55\u2026","rel":"","context":"En \u00abELECCIONES 2017\u00bb","block_context":{"text":"ELECCIONES 2017","link":"http:\/\/www.24baires.com\/?cat=325"},"img":{"alt_text":"","src":"https:\/\/i0.wp.com\/www.24baires.com\/wp-content\/uploads\/2017\/07\/cristina.jpg?resize=350%2C200","width":350,"height":200,"srcset":"https:\/\/i0.wp.com\/www.24baires.com\/wp-content\/uploads\/2017\/07\/cristina.jpg?resize=350%2C200 1x, https:\/\/i0.wp.com\/www.24baires.com\/wp-content\/uploads\/2017\/07\/cristina.jpg?resize=525%2C300 1.5x"},"classes":[]},{"id":120098,"url":"http:\/\/www.24baires.com\/?p=120098","url_meta":{"origin":75469,"position":1},"title":"Fern\u00e1ndez defendi\u00f3 al rol del Estado: \u201cEl mercado no lo arregla todo\u201d","author":"AF","date":"15\/05\/2023","format":false,"excerpt":"El presidente destac\u00f3 las millonarias inversiones del gobierno nacional en infractructura del cuidado y al referirse a las elecciones presidenciales de este a\u00f1o, pidi\u00f3 a los argentinos que \u201cno le entreguen el pa\u00eds a un mentiroso\u201d. Sus elogios al gobernador reelecto Sergio Ziliotto. El presidente Alberto Fern\u00e1ndez particip\u00f3 este lunes\u2026","rel":"","context":"En \u00abPol\u00edtica\u00bb","block_context":{"text":"Pol\u00edtica","link":"http:\/\/www.24baires.com\/?cat=51"},"img":{"alt_text":"","src":"https:\/\/i0.wp.com\/www.24baires.com\/wp-content\/uploads\/2023\/05\/fernandez-zilotto.jpg?resize=350%2C200","width":350,"height":200,"srcset":"https:\/\/i0.wp.com\/www.24baires.com\/wp-content\/uploads\/2023\/05\/fernandez-zilotto.jpg?resize=350%2C200 1x, https:\/\/i0.wp.com\/www.24baires.com\/wp-content\/uploads\/2023\/05\/fernandez-zilotto.jpg?resize=525%2C300 1.5x, https:\/\/i0.wp.com\/www.24baires.com\/wp-content\/uploads\/2023\/05\/fernandez-zilotto.jpg?resize=700%2C400 2x, https:\/\/i0.wp.com\/www.24baires.com\/wp-content\/uploads\/2023\/05\/fernandez-zilotto.jpg?resize=1050%2C600 3x"},"classes":[]},{"id":120635,"url":"http:\/\/www.24baires.com\/?p=120635","url_meta":{"origin":75469,"position":2},"title":"Pinamar: Juan Ibarguren festej\u00f3 el triunfo","author":"GB","date":"09\/11\/2023","format":false,"excerpt":"Tras un escrutinio definitivo pr\u00e1cticamente empatado, el dirigente de Juntos por el Cambio ser\u00e1 el pr\u00f3ximo intendente de Pinamar. La Junta Electoral dio por terminado el escrutinio definitivo de Pinamar y confirm\u00f3 al pr\u00f3ximo intendente del distrito costero. Se trata de Juan Ibarguren, actual secretario de Turismo y Desarrollo Econ\u00f3mico\u2026","rel":"","context":"En \u00abMunicipios\u00bb","block_context":{"text":"Municipios","link":"http:\/\/www.24baires.com\/?cat=44"},"img":{"alt_text":"","src":"https:\/\/i0.wp.com\/www.24baires.com\/wp-content\/uploads\/2023\/11\/ibarguen.webp?resize=350%2C200","width":350,"height":200},"classes":[]},{"id":112156,"url":"http:\/\/www.24baires.com\/?p=112156","url_meta":{"origin":75469,"position":3},"title":"\u201cNos hicieron hacer creer que si cerraba una Pyme, era culpa del productor\u201d","author":"GB","date":"20\/09\/2019","format":false,"excerpt":"El candidato a gobernador por el Frente de Todos estuvo junto al ex senador Patricio Garc\u00eda, quien disputa la intendencia en Florentino Ameghino. El apoyo de Kicillo fue expreso: \u201cYo los vengo a convocar para que llenemos las urnas de votos el 27 de octubre, para que Alberto sea el\u2026","rel":"","context":"En \u00abProvincia\u00bb","block_context":{"text":"Provincia","link":"http:\/\/www.24baires.com\/?cat=40"},"img":{"alt_text":"","src":"https:\/\/i0.wp.com\/www.24baires.com\/wp-content\/uploads\/2019\/08\/kicillof-1-300x200.jpg?resize=350%2C200","width":350,"height":200},"classes":[]},{"id":107057,"url":"http:\/\/www.24baires.com\/?p=107057","url_meta":{"origin":75469,"position":4},"title":"Macondo o La Argentina desesperada","author":"AF","date":"02\/03\/2019","format":false,"excerpt":"Muchos a\u00f1os despu\u00e9s, frente al pelot\u00f3n de fusilamiento, el coronel Aureliano Buend\u00eda hab\u00eda de recordar aquella tarde remota en que su padre lo llev\u00f3 a conocer el hielo. As\u00ed comienza la obra cumbre de la literatura latinoamericana, y uno de los libros m\u00e1s trascendentales de la Historia de los libros.\u2026","rel":"","context":"En \u00abOpini\u00f3n\u00bb","block_context":{"text":"Opini\u00f3n","link":"http:\/\/www.24baires.com\/?cat=64"},"img":{"alt_text":"","src":"https:\/\/i0.wp.com\/www.24baires.com\/wp-content\/uploads\/2019\/03\/macri-michetti.jpg?resize=350%2C200","width":350,"height":200,"srcset":"https:\/\/i0.wp.com\/www.24baires.com\/wp-content\/uploads\/2019\/03\/macri-michetti.jpg?resize=350%2C200 1x, https:\/\/i0.wp.com\/www.24baires.com\/wp-content\/uploads\/2019\/03\/macri-michetti.jpg?resize=525%2C300 1.5x"},"classes":[]},{"id":112749,"url":"http:\/\/www.24baires.com\/?p=112749","url_meta":{"origin":75469,"position":5},"title":"Malvinas Argentinas: Nardini fue el intendente m\u00e1s votado del Conurbano con el 70%","author":"AF","date":"28\/10\/2019","format":false,"excerpt":"El jefe comunal fue electo por una importante diferencia y tendr\u00e1 un periodo m\u00e1s al frente de Malvinas Argentinas. El intendente de Malvinas Argentinas, Leo Nardini, logr\u00f3 la reeleci\u00f3n con casi el 70% de los votos y se convirti\u00f3 en el jefe comunal m\u00e1s votado de todo el Conurbano bonaerense.\u2026","rel":"","context":"En \u00abELECCIONES 2019\u00bb","block_context":{"text":"ELECCIONES 2019","link":"http:\/\/www.24baires.com\/?cat=329"},"img":{"alt_text":"","src":"https:\/\/i0.wp.com\/www.24baires.com\/wp-content\/uploads\/2019\/10\/nardini.jpg?resize=350%2C200","width":350,"height":200,"srcset":"https:\/\/i0.wp.com\/www.24baires.com\/wp-content\/uploads\/2019\/10\/nardini.jpg?resize=350%2C200 1x, https:\/\/i0.wp.com\/www.24baires.com\/wp-content\/uploads\/2019\/10\/nardini.jpg?resize=525%2C300 1.5x"},"classes":[]}],"jetpack_sharing_enabled":true,"jetpack_likes_enabled":true,"jetpack_featured_media_url":"","_links":{"self":[{"href":"http:\/\/www.24baires.com\/index.php?rest_route=\/wp\/v2\/posts\/75469","targetHints":{"allow":["GET"]}}],"collection":[{"href":"http:\/\/www.24baires.com\/index.php?rest_route=\/wp\/v2\/posts"}],"about":[{"href":"http:\/\/www.24baires.com\/index.php?rest_route=\/wp\/v2\/types\/post"}],"author":[{"embeddable":true,"href":"http:\/\/www.24baires.com\/index.php?rest_route=\/wp\/v2\/users\/4"}],"replies":[{"embeddable":true,"href":"http:\/\/www.24baires.com\/index.php?rest_route=%2Fwp%2Fv2%2Fcomments&post=75469"}],"version-history":[{"count":1,"href":"http:\/\/www.24baires.com\/index.php?rest_route=\/wp\/v2\/posts\/75469\/revisions"}],"predecessor-version":[{"id":75471,"href":"http:\/\/www.24baires.com\/index.php?rest_route=\/wp\/v2\/posts\/75469\/revisions\/75471"}],"wp:attachment":[{"href":"http:\/\/www.24baires.com\/index.php?rest_route=%2Fwp%2Fv2%2Fmedia&parent=75469"}],"wp:term":[{"taxonomy":"category","embeddable":true,"href":"http:\/\/www.24baires.com\/index.php?rest_route=%2Fwp%2Fv2%2Fcategories&post=75469"},{"taxonomy":"post_tag","embeddable":true,"href":"http:\/\/www.24baires.com\/index.php?rest_route=%2Fwp%2Fv2%2Ftags&post=75469"}],"curies":[{"name":"wp","href":"https:\/\/api.w.org\/{rel}","templated":true}]}}