{"id":75465,"date":"2015-11-23T12:30:59","date_gmt":"2015-11-23T15:30:59","guid":{"rendered":"http:\/\/www.24baires.com\/?p=75465"},"modified":"2015-11-23T12:07:00","modified_gmt":"2015-11-23T15:07:00","slug":"espinoza-el-peronismo-se-debe-un-periodo-de-reflexion","status":"publish","type":"post","link":"http:\/\/www.24baires.com\/?p=75465","title":{"rendered":"Espinoza: \u00abEl peronismo se debe un per\u00edodo de reflexi\u00f3n\u00bb"},"content":{"rendered":"<p><img data-recalc-dims=\"1\" loading=\"lazy\" decoding=\"async\" class=\"aligncenter  wp-image-13663\" src=\"https:\/\/i0.wp.com\/www.24baires.com\/wp-content\/uploads\/2013\/01\/espinoza-sta-teresita.jpg?resize=560%2C373\" alt=\"espinoza sta teresita\" width=\"560\" height=\"373\" srcset=\"https:\/\/i0.wp.com\/www.24baires.com\/wp-content\/uploads\/2013\/01\/espinoza-sta-teresita.jpg?w=510 510w, https:\/\/i0.wp.com\/www.24baires.com\/wp-content\/uploads\/2013\/01\/espinoza-sta-teresita.jpg?resize=300%2C200 300w\" sizes=\"auto, (max-width: 560px) 100vw, 560px\" \/>El intendente de La Matanza y presidente del PJ bonaerense, Fernando Espinoza, sostuvo hoy que el peronismo \u00abse debe un per\u00edodo de reflexi\u00f3n\u00bb luego de la derrota en el balotaje del candidato presidencial oficialista, Daniel Scioli, y aclar\u00f3 que el jefe del Frente Renovador, Sergio Massa, tiene \u00ablas puertas abiertas\u00bb del espacio si \u00abreconoce que tuvo errores\u00bb.<!--more--><\/p>\n<p>Desde el b\u00fanker del Frente para la Victoria, Espinoza plante\u00f3 que luego de la derrota electoral el PJ \u00abse debe un per\u00edodo de reflexi\u00f3n y buscar la unidad de todos los sectores\u00bb, tras lo cual abund\u00f3: \u00abEstoy seguro que con la unidad del peronismo garantizamos la unidad nacional\u00bb.<\/p>\n<p>Consultado respecto de si Scioli podr\u00eda liderar la oposici\u00f3n desde el peronismo, se\u00f1al\u00f3 que el ex postulante oficialista \u00abcomo gobernador de la Provincia durante 8 a\u00f1os ya demostr\u00f3 lo que logr\u00f3 cambiarla\u00bb, por lo que le brind\u00f3 su respaldo.<\/p>\n<p>Respecto de si su llamado a la unidad inclu\u00eda a Massa, record\u00f3 que el ex candidato presidencial del frente UNA \u00abse fue del PJ\u00bb, pero agreg\u00f3: \u00abSi reconoce que tuvo errores ante el pueblo peronista, siempre dije, desde hace un a\u00f1o y medio, que nosotros le abr\u00edamos las puertas a todos los peronistas de la Provincia\u00bb. Asimismo, se\u00f1al\u00f3 que \u00abel justicialismo va a acompa\u00f1ar\u00bb a Macri \u00abpara que le vaya bien institucionalmente en todo lo que sea, porque si le va bien, le va bien a todos los argentinos\u00bb.<\/p>\n","protected":false},"excerpt":{"rendered":"<p>El intendente de La Matanza y presidente del PJ bonaerense, Fernando Espinoza, sostuvo hoy que el peronismo \u00abse debe un per\u00edodo de reflexi\u00f3n\u00bb luego de la derrota en el balotaje del candidato presidencial oficialista, Daniel Scioli, y aclar\u00f3 que el jefe del Frente Renovador, Sergio Massa, tiene \u00ablas puertas abiertas\u00bb del espacio si \u00abreconoce que tuvo errores\u00bb.<\/p>\n","protected":false},"author":4,"featured_media":0,"comment_status":"open","ping_status":"open","sticky":false,"template":"","format":"standard","meta":{"_jetpack_newsletter_access":"","_jetpack_dont_email_post_to_subs":false,"_jetpack_newsletter_tier_id":0,"_jetpack_memberships_contains_paywalled_content":false,"_jetpack_memberships_contains_paid_content":false,"footnotes":""},"categories":[51],"tags":[],"class_list":["post-75465","post","type-post","status-publish","format-standard","hentry","category-politica"],"jetpack_shortlink":"https:\/\/wp.me\/p2JWE0-jDb","jetpack-related-posts":[{"id":107651,"url":"http:\/\/www.24baires.com\/?p=107651","url_meta":{"origin":75465,"position":0},"title":"El peronismo se re\u00fane en Avellaneda","author":"AF","date":"13\/04\/2019","format":false,"excerpt":"Con la excusa de la inauguraci\u00f3n de una pileta ol\u00edmpica climatizada, el peronismo bonaerense busca cerrar filas en Avellaneda. El encuentro partidario se dio horas despu\u00e9s del decreto de Mauricio Macri que no permite las listas colectoras en las pr\u00f3ximas elecciones; y sirve, adem\u00e1s, para mostrar juntos a los dirigentes\u2026","rel":"","context":"En \u00abPol\u00edtica\u00bb","block_context":{"text":"Pol\u00edtica","link":"http:\/\/www.24baires.com\/?cat=51"},"img":{"alt_text":"","src":"https:\/\/i0.wp.com\/www.24baires.com\/wp-content\/uploads\/2019\/04\/peronismo.jpeg?resize=350%2C200","width":350,"height":200,"srcset":"https:\/\/i0.wp.com\/www.24baires.com\/wp-content\/uploads\/2019\/04\/peronismo.jpeg?resize=350%2C200 1x, https:\/\/i0.wp.com\/www.24baires.com\/wp-content\/uploads\/2019\/04\/peronismo.jpeg?resize=525%2C300 1.5x"},"classes":[]},{"id":102620,"url":"http:\/\/www.24baires.com\/?p=102620","url_meta":{"origin":75465,"position":1},"title":"Agust\u00edn Rossi critic\u00f3 el acuerdo con el FMI y dijo que fue \u00abun error de Macri\u00bb","author":"AF","date":"08\/06\/2018","format":false,"excerpt":"El diputado explic\u00f3 antes de ingresar Congreso Peron\u00edsta en Ferro : \"nos va a generar much\u00edsimo dolor al conjunto de los argentinos, ning\u00fan pa\u00eds del mundo celebra un acuerdo con el FMI\". El diputado Agust\u00edn Rossi critic\u00f3 el acuerdo con el FMI y dijo que fue \"un error\" de Macri:\u2026","rel":"","context":"En \u00abPol\u00edtica\u00bb","block_context":{"text":"Pol\u00edtica","link":"http:\/\/www.24baires.com\/?cat=51"},"img":{"alt_text":"","src":"https:\/\/i0.wp.com\/www.24baires.com\/wp-content\/uploads\/2015\/02\/rossi1.jpg?resize=350%2C200","width":350,"height":200,"srcset":"https:\/\/i0.wp.com\/www.24baires.com\/wp-content\/uploads\/2015\/02\/rossi1.jpg?resize=350%2C200 1x, https:\/\/i0.wp.com\/www.24baires.com\/wp-content\/uploads\/2015\/02\/rossi1.jpg?resize=525%2C300 1.5x"},"classes":[]},{"id":40514,"url":"http:\/\/www.24baires.com\/?p=40514","url_meta":{"origin":75465,"position":2},"title":"Espinoza confirm\u00f3 la Cumbre del PJ el pr\u00f3ximo s\u00e1bado en Santa Teresita","author":"Grupo Sierra","date":"15\/02\/2014","format":false,"excerpt":"El titular del Partido Justicialista (PJ) Bonaerense, Fernando Espinoza, confirm\u00f3 la realizaci\u00f3n de la cumbre partidaria que se realizar\u00e1 el pr\u00f3ximo s\u00e1bado 22 en Santa Teresita, donde, asegur\u00f3, \u201cnacer\u00e1 una nueva etapa por la unidad peronista\u201d. Espinoza, intendente de La Matanza, explic\u00f3 a T\u00e9lam que \u201cen este primer gran congreso\u201d\u2026","rel":"","context":"En \u00abPol\u00edtica\u00bb","block_context":{"text":"Pol\u00edtica","link":"http:\/\/www.24baires.com\/?cat=51"},"img":{"alt_text":"espinoza","src":"https:\/\/i0.wp.com\/www.24baires.com\/wp-content\/uploads\/2013\/10\/espinoza-300x168.jpg?resize=350%2C200","width":350,"height":200},"classes":[]},{"id":40877,"url":"http:\/\/www.24baires.com\/?p=40877","url_meta":{"origin":75465,"position":3},"title":"\u201cEl peronismo est\u00e1 unido a pesar de embates\u201d consider\u00f3 Espinoza","author":"GB","date":"21\/02\/2014","format":false,"excerpt":"LA MATANZA-El presidente del PJ bonaerense, Fernando Espinoza, anticip\u00f3 que en la reuni\u00f3n que el s\u00e1bado mantendr\u00e1 el partido en Santa Teresita se expondr\u00e1n \u201clas inquietudes y las respuestas para el pueblo que representamos\u201d. \u201cEl peronismo est\u00e1 unido a pesar de los embates\u201d, indic\u00f3 Espinoza, al tiempo que sostuvo que\u2026","rel":"","context":"En \u00abPol\u00edtica\u00bb","block_context":{"text":"Pol\u00edtica","link":"http:\/\/www.24baires.com\/?cat=51"},"img":{"alt_text":"","src":"","width":0,"height":0},"classes":[]},{"id":53188,"url":"http:\/\/www.24baires.com\/?p=53188","url_meta":{"origin":75465,"position":4},"title":"Para Espinoza, el pr\u00f3ximo Presidente \u00abser\u00e1 puesto por el Peronismo bonaerense\u00bb","author":"Grupo Sierra","date":"06\/09\/2014","format":false,"excerpt":"El titular del PJ bonaerense inst\u00f3 a los \"que se dicen peronistas\" a integrar el partido, en el marco de un encuentro en Punta Alta . \"Si seguimos as\u00ed, el peronismo de la provincia pone al pr\u00f3ximo presidente y al pr\u00f3ximo gobernador\u201d, apunt\u00f3 el intendente de La Matanza. \u201cLos que\u2026","rel":"","context":"En \u00abElecciones 2015\u00bb","block_context":{"text":"Elecciones 2015","link":"http:\/\/www.24baires.com\/?cat=74"},"img":{"alt_text":"espinoza","src":"https:\/\/i0.wp.com\/www.24baires.com\/wp-content\/uploads\/2014\/03\/espinoza.jpg?resize=350%2C200","width":350,"height":200,"srcset":"https:\/\/i0.wp.com\/www.24baires.com\/wp-content\/uploads\/2014\/03\/espinoza.jpg?resize=350%2C200 1x, https:\/\/i0.wp.com\/www.24baires.com\/wp-content\/uploads\/2014\/03\/espinoza.jpg?resize=525%2C300 1.5x"},"classes":[]},{"id":63106,"url":"http:\/\/www.24baires.com\/?p=63106","url_meta":{"origin":75465,"position":5},"title":"\u00abMacri lavate la boca, no pod\u00e9s hablar de peronismo\u00bb, dijo Espinoza","author":"GB","date":"13\/03\/2015","format":false,"excerpt":"El intendente de La Matanza y presidente del PJ bonaerense, Fernando Espinoza, particip\u00f3 en un acto organizado por la UOCRA en la localidad de San Nicol\u00e1s donde estuvieron presentes el gobernador, Daniel Scioli, el intendente local, Ismael Passaglia, el diputado nacional y Secretario general de la UOCRA, Carlos Romero y\u2026","rel":"","context":"En \u00abPol\u00edtica\u00bb","block_context":{"text":"Pol\u00edtica","link":"http:\/\/www.24baires.com\/?cat=51"},"img":{"alt_text":"pj bona","src":"https:\/\/i0.wp.com\/www.24baires.com\/wp-content\/uploads\/2014\/10\/pj-bona.jpg?resize=350%2C200","width":350,"height":200,"srcset":"https:\/\/i0.wp.com\/www.24baires.com\/wp-content\/uploads\/2014\/10\/pj-bona.jpg?resize=350%2C200 1x, https:\/\/i0.wp.com\/www.24baires.com\/wp-content\/uploads\/2014\/10\/pj-bona.jpg?resize=525%2C300 1.5x"},"classes":[]}],"jetpack_sharing_enabled":true,"jetpack_likes_enabled":true,"jetpack_featured_media_url":"","_links":{"self":[{"href":"http:\/\/www.24baires.com\/index.php?rest_route=\/wp\/v2\/posts\/75465","targetHints":{"allow":["GET"]}}],"collection":[{"href":"http:\/\/www.24baires.com\/index.php?rest_route=\/wp\/v2\/posts"}],"about":[{"href":"http:\/\/www.24baires.com\/index.php?rest_route=\/wp\/v2\/types\/post"}],"author":[{"embeddable":true,"href":"http:\/\/www.24baires.com\/index.php?rest_route=\/wp\/v2\/users\/4"}],"replies":[{"embeddable":true,"href":"http:\/\/www.24baires.com\/index.php?rest_route=%2Fwp%2Fv2%2Fcomments&post=75465"}],"version-history":[{"count":1,"href":"http:\/\/www.24baires.com\/index.php?rest_route=\/wp\/v2\/posts\/75465\/revisions"}],"predecessor-version":[{"id":75466,"href":"http:\/\/www.24baires.com\/index.php?rest_route=\/wp\/v2\/posts\/75465\/revisions\/75466"}],"wp:attachment":[{"href":"http:\/\/www.24baires.com\/index.php?rest_route=%2Fwp%2Fv2%2Fmedia&parent=75465"}],"wp:term":[{"taxonomy":"category","embeddable":true,"href":"http:\/\/www.24baires.com\/index.php?rest_route=%2Fwp%2Fv2%2Fcategories&post=75465"},{"taxonomy":"post_tag","embeddable":true,"href":"http:\/\/www.24baires.com\/index.php?rest_route=%2Fwp%2Fv2%2Ftags&post=75465"}],"curies":[{"name":"wp","href":"https:\/\/api.w.org\/{rel}","templated":true}]}}