{"id":75457,"date":"2015-11-23T12:00:18","date_gmt":"2015-11-23T15:00:18","guid":{"rendered":"http:\/\/www.24baires.com\/?p=75457"},"modified":"2015-11-23T11:40:18","modified_gmt":"2015-11-23T14:40:18","slug":"bullrich-pidio-una-agenda-consensuada-hasta-el-10-de-diciembre","status":"publish","type":"post","link":"http:\/\/www.24baires.com\/?p=75457","title":{"rendered":"Bullrich pidi\u00f3 una \u201cagenda consensuada\u201d hasta el 10 de diciembre"},"content":{"rendered":"<p><img data-recalc-dims=\"1\" loading=\"lazy\" decoding=\"async\" class=\"alignleft size-medium wp-image-75458\" src=\"https:\/\/i0.wp.com\/www.24baires.com\/wp-content\/uploads\/2015\/11\/bullrich.jpg?resize=300%2C200\" alt=\"bullrich\" width=\"300\" height=\"200\" srcset=\"https:\/\/i0.wp.com\/www.24baires.com\/wp-content\/uploads\/2015\/11\/bullrich.jpg?resize=300%2C200 300w, https:\/\/i0.wp.com\/www.24baires.com\/wp-content\/uploads\/2015\/11\/bullrich.jpg?w=380 380w\" sizes=\"auto, (max-width: 300px) 100vw, 300px\" \/>La diputada nacional, Patricia Bullrich, valor\u00f3 como \u00abfundamental\u00bb la victoria de Cambiemos en la provincia de Buenos Aires del 25 de octubre para \u00abel triunfo de ayer\u00bb en el balotaje que consagr\u00f3 como presidente a Mauricio Macri.<!--more--><\/p>\n<p>En declaraciones a radio Del Plata, Bullrich ponder\u00f3 \u00abla integraci\u00f3n pol\u00edtica\u00bb de las tres fuerzas que componen Cambiemos y \u00abla coherencia que tuvimos durante toda la campa\u00f1a\u00bb.<\/p>\n<p>La legisladora porte\u00f1a, que podr\u00eda ocupar la presidencia del bloque del macrismo a partir del recambio de autoridades, se refiri\u00f3 tambi\u00e9n a la necesidad de di\u00e1logo \u00abcon todos los sectores del Parlamento\u00bb y expres\u00f3 su deseo de que \u00abde aqu\u00ed al 10 de diciembre tengamos una agenda consensuada\u00bb.<\/p>\n<p>\u00abNo queremos una agenda que no sea de transici\u00f3n\u00bb en el Congreso \u00abcomo muestra de lo que se quiere hacer hacia adelante\u00bb, puntualiz\u00f3.<\/p>\n<p>Por \u00faltimo, Bullrich se\u00f1al\u00f3 que Cambiemos logr\u00f3 crecer electoralmente en todo el pa\u00eds pero indic\u00f3 que \u00abel triunfo en la provincia de Buenos Aires el 25 de octubre fue fundamental para este triunfo de ayer\u00bb.<\/p>\n<p>El candidato de Cambiemos, Mauricio Macri, result\u00f3 electo presidente ayer al obtener el 51,40 por ciento de los votos, 2,8 puntos m\u00e1s que su competidor del Frente para la Victoria, Daniel Scioli, quien alcanz\u00f3 el 48,60 por ciento de los sufragios.<\/p>\n","protected":false},"excerpt":{"rendered":"<p>La diputada nacional, Patricia Bullrich, valor\u00f3 como \u00abfundamental\u00bb la victoria de Cambiemos en la provincia de Buenos Aires del 25 de octubre para \u00abel triunfo de ayer\u00bb en el balotaje que consagr\u00f3 como presidente a Mauricio Macri.<\/p>\n","protected":false},"author":4,"featured_media":0,"comment_status":"open","ping_status":"open","sticky":false,"template":"","format":"standard","meta":{"_jetpack_newsletter_access":"","_jetpack_dont_email_post_to_subs":false,"_jetpack_newsletter_tier_id":0,"_jetpack_memberships_contains_paywalled_content":false,"_jetpack_memberships_contains_paid_content":false,"footnotes":""},"categories":[51],"tags":[],"class_list":["post-75457","post","type-post","status-publish","format-standard","hentry","category-politica"],"jetpack_shortlink":"https:\/\/wp.me\/p2JWE0-jD3","jetpack-related-posts":[{"id":120080,"url":"http:\/\/www.24baires.com\/?p=120080","url_meta":{"origin":75457,"position":0},"title":"Alberto Fern\u00e1ndez: \u00abBullrich y Milman tienen que dar explicaciones\u00bb","author":"AF","date":"08\/05\/2023","format":false,"excerpt":"En su visita a La Rioja, el presidente hizo menci\u00f3n a la declaraci\u00f3n de una exasesora del diputado Gerardo Milman (PRO), a quien le ordenaron borrar contenido de su celular, d\u00edas despu\u00e9s del atentado contra CFK, en la oficina de Patricia Bullrich. El presidente Alberto Fern\u00e1ndez calific\u00f3 de \"vergonzosa\" la\u2026","rel":"","context":"En \u00abPol\u00edtica\u00bb","block_context":{"text":"Pol\u00edtica","link":"http:\/\/www.24baires.com\/?cat=51"},"img":{"alt_text":"","src":"https:\/\/i0.wp.com\/www.24baires.com\/wp-content\/uploads\/2023\/05\/af.jpeg?resize=350%2C200","width":350,"height":200,"srcset":"https:\/\/i0.wp.com\/www.24baires.com\/wp-content\/uploads\/2023\/05\/af.jpeg?resize=350%2C200 1x, https:\/\/i0.wp.com\/www.24baires.com\/wp-content\/uploads\/2023\/05\/af.jpeg?resize=525%2C300 1.5x, https:\/\/i0.wp.com\/www.24baires.com\/wp-content\/uploads\/2023\/05\/af.jpeg?resize=700%2C400 2x"},"classes":[]},{"id":120437,"url":"http:\/\/www.24baires.com\/?p=120437","url_meta":{"origin":75457,"position":1},"title":"Massa, contra Milei: \u00abNi el ambiente ni los \u00f3rganos tienen precio\u00bb","author":"AF","date":"05\/09\/2023","format":false,"excerpt":"Los que quedaron en carrera reconfiguran sus discursos para la votaci\u00f3n del 22 de octubre. Las estrategias y actividades de Sergio Massa, Javier Milei, Patricia Bullrich y el resto de los que se postulan a presidente. Expectativa por las elecciones en Santa Fe. El ministro de Econom\u00eda y candidato a\u2026","rel":"","context":"En \u00abPol\u00edtica\u00bb","block_context":{"text":"Pol\u00edtica","link":"http:\/\/www.24baires.com\/?cat=51"},"img":{"alt_text":"","src":"https:\/\/i0.wp.com\/www.24baires.com\/wp-content\/uploads\/2023\/08\/massa.webp?resize=350%2C200","width":350,"height":200,"srcset":"https:\/\/i0.wp.com\/www.24baires.com\/wp-content\/uploads\/2023\/08\/massa.webp?resize=350%2C200 1x, https:\/\/i0.wp.com\/www.24baires.com\/wp-content\/uploads\/2023\/08\/massa.webp?resize=525%2C300 1.5x, https:\/\/i0.wp.com\/www.24baires.com\/wp-content\/uploads\/2023\/08\/massa.webp?resize=700%2C400 2x"},"classes":[]},{"id":106341,"url":"http:\/\/www.24baires.com\/?p=106341","url_meta":{"origin":75457,"position":2},"title":"Despu\u00e9s de m\u00e1s de tres semanas de vacaciones, Macri retom\u00f3 su agenda","author":"GB","date":"14\/01\/2019","format":false,"excerpt":"El Presidente encabez\u00f3 un acto en Ushuaia, donde volvi\u00f3 a destacar la importancia del turismo para la creaci\u00f3n de trabajo de calidad. Luego viajar\u00e1 a Santa Cruz. El presidente Mauricio Macri retom\u00f3 este lunes su agenda en Ushuaia, Tierra del Fuego, donde visit\u00f3 una planta de tratamientos cloacales. Desde all\u00ed\u2026","rel":"","context":"En \u00abPol\u00edtica\u00bb","block_context":{"text":"Pol\u00edtica","link":"http:\/\/www.24baires.com\/?cat=51"},"img":{"alt_text":"","src":"https:\/\/i0.wp.com\/www.24baires.com\/wp-content\/uploads\/2018\/12\/macri-playa.jpg?resize=350%2C200","width":350,"height":200,"srcset":"https:\/\/i0.wp.com\/www.24baires.com\/wp-content\/uploads\/2018\/12\/macri-playa.jpg?resize=350%2C200 1x, https:\/\/i0.wp.com\/www.24baires.com\/wp-content\/uploads\/2018\/12\/macri-playa.jpg?resize=525%2C300 1.5x"},"classes":[]},{"id":90498,"url":"http:\/\/www.24baires.com\/?p=90498","url_meta":{"origin":75457,"position":3},"title":"Bullrich anticipa un \u00abdiciembre tranquilo\u00bb","author":"AF","date":"05\/12\/2016","format":false,"excerpt":"La ministra de Seguridad de la Naci\u00f3n apunt\u00f3 que esta percepci\u00f3n se basa en lo que se ve \"en la calle y en los barrios, y en lo que dicen los intendentes\" pero reconoci\u00f3 la existencia de sectores pol\u00edticos que buscan generar \"caos\". La funcionaria admiti\u00f3 que en Facebook circulan\u2026","rel":"","context":"En \u00abSociedad\u00bb","block_context":{"text":"Sociedad","link":"http:\/\/www.24baires.com\/?cat=1"},"img":{"alt_text":"bullrich conferencia","src":"https:\/\/i0.wp.com\/www.24baires.com\/wp-content\/uploads\/2015\/12\/bullrich-conferencia.jpg?resize=350%2C200","width":350,"height":200,"srcset":"https:\/\/i0.wp.com\/www.24baires.com\/wp-content\/uploads\/2015\/12\/bullrich-conferencia.jpg?resize=350%2C200 1x, https:\/\/i0.wp.com\/www.24baires.com\/wp-content\/uploads\/2015\/12\/bullrich-conferencia.jpg?resize=525%2C300 1.5x"},"classes":[]},{"id":113204,"url":"http:\/\/www.24baires.com\/?p=113204","url_meta":{"origin":75457,"position":4},"title":"Bullrich deja su Ministerio con complicaciones para pagar los sueldos","author":"AF","date":"01\/12\/2019","format":false,"excerpt":"El Ente cooperador que se encarga de financiar pagos salariales, contrataciones aletr\u00f3 sobre una \"grave situaci\u00f3n financiera\". Los gemios est\u00e1n en alerta. Patricia Bullrich se despide de la conducci\u00f3n del Ministerio de Seguridad dejando las cuentas tan comprometidas que hasta el pago de sueldos corre riesgo a partir de febrero\u2026","rel":"","context":"En \u00abPol\u00edtica\u00bb","block_context":{"text":"Pol\u00edtica","link":"http:\/\/www.24baires.com\/?cat=51"},"img":{"alt_text":"","src":"https:\/\/i0.wp.com\/www.24baires.com\/wp-content\/uploads\/2019\/01\/bullrich.jpg?resize=350%2C200","width":350,"height":200,"srcset":"https:\/\/i0.wp.com\/www.24baires.com\/wp-content\/uploads\/2019\/01\/bullrich.jpg?resize=350%2C200 1x, https:\/\/i0.wp.com\/www.24baires.com\/wp-content\/uploads\/2019\/01\/bullrich.jpg?resize=525%2C300 1.5x"},"classes":[]},{"id":120230,"url":"http:\/\/www.24baires.com\/?p=120230","url_meta":{"origin":75457,"position":5},"title":"Interna dificil: Bullrich tild\u00f3 a Larreta de \u00abventajero y oportunista\u00bb","author":"GB","date":"29\/06\/2023","format":false,"excerpt":"En medio de una movilizante campa\u00f1a electoral, Bullrich y Larreta se encuentran cada vez m\u00e1s alejados de un proyecto com\u00fan. La precandidata a la presidencia nacional por el PRO, Patricia Bullrich, se expres\u00f3 negativamente hacia su par electoral con qui\u00e9n ir\u00e1 a unas picantes PASO el 13 de agosto dentro\u2026","rel":"","context":"En \u00abElecciones\u00bb","block_context":{"text":"Elecciones","link":"http:\/\/www.24baires.com\/?cat=316"},"img":{"alt_text":"","src":"https:\/\/i0.wp.com\/www.24baires.com\/wp-content\/uploads\/2023\/06\/bulrich.larreta.webp?resize=350%2C200","width":350,"height":200,"srcset":"https:\/\/i0.wp.com\/www.24baires.com\/wp-content\/uploads\/2023\/06\/bulrich.larreta.webp?resize=350%2C200 1x, https:\/\/i0.wp.com\/www.24baires.com\/wp-content\/uploads\/2023\/06\/bulrich.larreta.webp?resize=525%2C300 1.5x, https:\/\/i0.wp.com\/www.24baires.com\/wp-content\/uploads\/2023\/06\/bulrich.larreta.webp?resize=700%2C400 2x, https:\/\/i0.wp.com\/www.24baires.com\/wp-content\/uploads\/2023\/06\/bulrich.larreta.webp?resize=1050%2C600 3x"},"classes":[]}],"jetpack_sharing_enabled":true,"jetpack_likes_enabled":true,"jetpack_featured_media_url":"","_links":{"self":[{"href":"http:\/\/www.24baires.com\/index.php?rest_route=\/wp\/v2\/posts\/75457","targetHints":{"allow":["GET"]}}],"collection":[{"href":"http:\/\/www.24baires.com\/index.php?rest_route=\/wp\/v2\/posts"}],"about":[{"href":"http:\/\/www.24baires.com\/index.php?rest_route=\/wp\/v2\/types\/post"}],"author":[{"embeddable":true,"href":"http:\/\/www.24baires.com\/index.php?rest_route=\/wp\/v2\/users\/4"}],"replies":[{"embeddable":true,"href":"http:\/\/www.24baires.com\/index.php?rest_route=%2Fwp%2Fv2%2Fcomments&post=75457"}],"version-history":[{"count":1,"href":"http:\/\/www.24baires.com\/index.php?rest_route=\/wp\/v2\/posts\/75457\/revisions"}],"predecessor-version":[{"id":75459,"href":"http:\/\/www.24baires.com\/index.php?rest_route=\/wp\/v2\/posts\/75457\/revisions\/75459"}],"wp:attachment":[{"href":"http:\/\/www.24baires.com\/index.php?rest_route=%2Fwp%2Fv2%2Fmedia&parent=75457"}],"wp:term":[{"taxonomy":"category","embeddable":true,"href":"http:\/\/www.24baires.com\/index.php?rest_route=%2Fwp%2Fv2%2Fcategories&post=75457"},{"taxonomy":"post_tag","embeddable":true,"href":"http:\/\/www.24baires.com\/index.php?rest_route=%2Fwp%2Fv2%2Ftags&post=75457"}],"curies":[{"name":"wp","href":"https:\/\/api.w.org\/{rel}","templated":true}]}}