{"id":75454,"date":"2015-11-23T11:30:17","date_gmt":"2015-11-23T14:30:17","guid":{"rendered":"http:\/\/www.24baires.com\/?p=75454"},"modified":"2015-11-23T11:23:36","modified_gmt":"2015-11-23T14:23:36","slug":"sanz-confirmo-que-no-sera-ministro-de-justicia-por-cuestiones-personales","status":"publish","type":"post","link":"http:\/\/www.24baires.com\/?p=75454","title":{"rendered":"Sanz confirm\u00f3 que no ser\u00e1 ministro de Justicia por cuestiones personales"},"content":{"rendered":"<p><img data-recalc-dims=\"1\" loading=\"lazy\" decoding=\"async\" class=\"aligncenter size-full wp-image-72613\" src=\"https:\/\/i0.wp.com\/www.24baires.com\/wp-content\/uploads\/2015\/09\/ernesto-sanz.jpg?resize=560%2C312\" alt=\"ernesto sanz\" width=\"560\" height=\"312\" srcset=\"https:\/\/i0.wp.com\/www.24baires.com\/wp-content\/uploads\/2015\/09\/ernesto-sanz.jpg?w=560 560w, https:\/\/i0.wp.com\/www.24baires.com\/wp-content\/uploads\/2015\/09\/ernesto-sanz.jpg?resize=300%2C167 300w\" sizes=\"auto, (max-width: 560px) 100vw, 560px\" \/>As\u00ed lo confirm\u00f3 esta ma\u00f1ana Mauricio Macri, durante una conferencia de prensa, en la que anticip\u00f3 que el presidente del Comit\u00e9 Nacional de la UCR enviar\u00e1 un comunicado en las pr\u00f3ximas horas.<!--more--><\/p>\n<p>El presidente del comit\u00e9 nacional de la Uni\u00f3n C\u00edvica Radical (UCR), Ernesto Sanz, anunci\u00f3 hoy que no va a ocupar \u00abning\u00fan lugar ni en el gobierno\u00bb de Mauricio Macri ni en su partido por cuestiones personales, y afirm\u00f3 que \u00abse abre una nueva etapa\u00bb en el pa\u00eds, en la que el radicalismo ha \u00abrecuperado la condici\u00f3n de partido de gobierno, que es mucho m\u00e1s que compartir un gabinete\u00bb.<\/p>\n<p>La decisi\u00f3n de Sanz fue comunicada esta ma\u00f1ana a trav\u00e9s de una carta que comparti\u00f3 por las redes sociales, y hab\u00eda sido adelantada minutos antes por el presidente electo en la conferencia de prensa que brind\u00f3 en la Usina del Arte.<\/p>\n<p>\u00abMe lo comunic\u00f3 hace algunos d\u00edas y me caus\u00f3 mucha tristeza, pero se debe a cuestiones personales\u00bb, explic\u00f3 en la rueda de prensa Macri, quien le hab\u00eda ofrecido a Sanz ocupar la titularidad del Ministerio de Justicia.<\/p>\n<p>En una carta que titul\u00f3 \u00abUna nueva etapa para el pa\u00eds, para la UCR y para mi vida personal\u00bb, Sanz dijo que -tras el balotaje de ayer- \u00abse abre una nueva etapa en la Argentina, apasionante, desafiante, llena de esperanzas y tambi\u00e9n de ansiedades\u00bb y asever\u00f3 que Macri \u00abser\u00e1 el catalizador de un cambio positivo, no tan solo de rumbo hacia el progreso y desarrollo, sino un cambio m\u00e1s profundo y m\u00e1s intenso\u00bb.<\/p>\n<p>Para Sanz, se abre tambi\u00e9n una \u00abnueva etapa\u00bb para el radicalismo, que \u00abtiene derecho a festejar y a sentirse protagonista de esta hora especial\u00bb y recuper\u00f3 ahora la \u00abcondici\u00f3n de partido de gobierno que es mucho m\u00e1s que compartir un gabinete\u00bb.<\/p>\n<p>\u00abCambiemos est\u00e1 lo suficientemente maduro como frente de gobierno para hacerse cargo de ese desaf\u00edo, y los radicales aportaremos todo lo que somos y tenemos para ese fin\u00bb, indic\u00f3 el titular del radicalismo.<\/p>\n<p>Por \u00faltimo, se refiere a la \u00abnueva etapa\u00bb tambi\u00e9n en su situaci\u00f3n personal y para explicarlo dice que \u00absin duda\u00bb es el \u00abpol\u00edtico argentino que acumula m\u00e1s d\u00edas y noches fuera de su hogar en los \u00faltimos a\u00f1os\u00bb.<\/p>\n<p>\u00abHe decidido recuperar el espacio de hombre, que es el espacio de mis amores, de mi lugar en el mundo y tambi\u00e9n el espacio de sue\u00f1os de vida que fui postergando mucho &#8211; demasiado- tiempo y que ha llegado la hora de concretar\u00bb, explic\u00f3.<\/p>\n<p>Por \u00faltimo, Sanz dijo que estar\u00e1 \u00abayudando de muchas formas y en circunstancias varias\u00bb al nuevo gobierno que asume el 10 de diciembre y concluy\u00f3: \u00abDe lo que se trata, en definitiva, es que para poder ayudar a otros a ser felices uno mismo debe encontrar su propia felicidad\u00bb.<\/p>\n","protected":false},"excerpt":{"rendered":"<p>As\u00ed lo confirm\u00f3 esta ma\u00f1ana Mauricio Macri, durante una conferencia de prensa, en la que anticip\u00f3 que el presidente del Comit\u00e9 Nacional de la UCR enviar\u00e1 un comunicado en las pr\u00f3ximas horas.<\/p>\n","protected":false},"author":4,"featured_media":0,"comment_status":"open","ping_status":"open","sticky":false,"template":"","format":"standard","meta":{"_jetpack_newsletter_access":"","_jetpack_dont_email_post_to_subs":false,"_jetpack_newsletter_tier_id":0,"_jetpack_memberships_contains_paywalled_content":false,"_jetpack_memberships_contains_paid_content":false,"footnotes":""},"categories":[51],"tags":[],"class_list":["post-75454","post","type-post","status-publish","format-standard","hentry","category-politica"],"jetpack_shortlink":"https:\/\/wp.me\/p2JWE0-jD0","jetpack-related-posts":[{"id":63972,"url":"http:\/\/www.24baires.com\/?p=63972","url_meta":{"origin":75454,"position":0},"title":"En cada distrito, la UCR podr\u00e1 hacer alianzas con otras fuerzas","author":"GB","date":"07\/04\/2015","format":false,"excerpt":"Sanz se reuni\u00f3 con los dirigentes radicales cr\u00edticos del acuerdo a nivel nacional alcanzado con el PRO y les garantiz\u00f3 la posibilidad de trabar alianzas a nivel distrital con otras fuerzas. Tras reunirse con dirigentes radicales descontentos con el pacto que a nivel nacional que esa fuerza cerr\u00f3 con el\u2026","rel":"","context":"En \u00abElecciones 2015\u00bb","block_context":{"text":"Elecciones 2015","link":"http:\/\/www.24baires.com\/?cat=74"},"img":{"alt_text":"sanz ernesto","src":"https:\/\/i0.wp.com\/www.24baires.com\/wp-content\/uploads\/2013\/04\/sanz-ernesto.jpg?resize=350%2C200","width":350,"height":200,"srcset":"https:\/\/i0.wp.com\/www.24baires.com\/wp-content\/uploads\/2013\/04\/sanz-ernesto.jpg?resize=350%2C200 1x, https:\/\/i0.wp.com\/www.24baires.com\/wp-content\/uploads\/2013\/04\/sanz-ernesto.jpg?resize=525%2C300 1.5x"},"classes":[]},{"id":61208,"url":"http:\/\/www.24baires.com\/?p=61208","url_meta":{"origin":75454,"position":1},"title":"Piden que Sanz se vaya de UNEN","author":"Grupo Sierra","date":"03\/02\/2015","format":false,"excerpt":"El diputado H\u00e9ctor \"Cachi\" Guti\u00e9rrez cuestion\u00f3 con dureza las \u00faltimas expresiones del senador y presidente de la UCR con respecto a Carri\u00f3 y pidi\u00f3 que se aleje. El diputado nacional de la UCR H\u00e9ctor \"Cachi\" Guti\u00e9rrez reclam\u00f3 que el presidente de ese partido, Ernesto Sanz, renuncie a su cargo, despu\u00e9s\u2026","rel":"","context":"En \u00abElecciones 2015\u00bb","block_context":{"text":"Elecciones 2015","link":"http:\/\/www.24baires.com\/?cat=74"},"img":{"alt_text":"macri-carrio-sanz","src":"https:\/\/i0.wp.com\/www.24baires.com\/wp-content\/uploads\/2014\/11\/macri-carrio-sanz.jpg?resize=350%2C200","width":350,"height":200,"srcset":"https:\/\/i0.wp.com\/www.24baires.com\/wp-content\/uploads\/2014\/11\/macri-carrio-sanz.jpg?resize=350%2C200 1x, https:\/\/i0.wp.com\/www.24baires.com\/wp-content\/uploads\/2014\/11\/macri-carrio-sanz.jpg?resize=525%2C300 1.5x"},"classes":[]},{"id":63997,"url":"http:\/\/www.24baires.com\/?p=63997","url_meta":{"origin":75454,"position":2},"title":"Y, si no me tienen fe\u2026","author":"GB","date":"08\/04\/2015","format":false,"excerpt":"Si bien, como ya sabemos, la Convenci\u00f3n Nacional de la UCR decidi\u00f3 cerrar acuerdos electorales con el PRO de Mauiricio Macri, parece que el descontento de algunos sectores del centenario partido han hecho que Ernesto Sanz habra el juego en las provincias para que cada uno realice las alianzas que\u2026","rel":"","context":"En \u00abOpini\u00f3n\u00bb","block_context":{"text":"Opini\u00f3n","link":"http:\/\/www.24baires.com\/?cat=64"},"img":{"alt_text":"cobos sanz ucr","src":"https:\/\/i0.wp.com\/www.24baires.com\/wp-content\/uploads\/2014\/05\/cobos-sanz-ucr.jpg?resize=350%2C200","width":350,"height":200,"srcset":"https:\/\/i0.wp.com\/www.24baires.com\/wp-content\/uploads\/2014\/05\/cobos-sanz-ucr.jpg?resize=350%2C200 1x, https:\/\/i0.wp.com\/www.24baires.com\/wp-content\/uploads\/2014\/05\/cobos-sanz-ucr.jpg?resize=525%2C300 1.5x"},"classes":[]},{"id":70452,"url":"http:\/\/www.24baires.com\/?p=70452","url_meta":{"origin":75454,"position":3},"title":"Tras la \u00abhumillante derrota\u00bb con el PRO piden a Sanz que renuncie al Comit\u00e9 Nacional","author":"GB","date":"11\/08\/2015","format":false,"excerpt":"La contundente victoria del l\u00edder del PRO, Mauricio Macri, en la interna de Cambiemos, sobre Sanz y Elisa Carri\u00f3 (Coalici\u00f3n C\u00edvica-ARI) y el magro resultado obtenido por el senador mendocino, agitaron las aguas en el radicalismo. Un sector del radicalismo cordob\u00e9s reclam\u00f3 hoy la renuncia de Ernesto Sanz al frente\u2026","rel":"","context":"En \u00abPol\u00edtica\u00bb","block_context":{"text":"Pol\u00edtica","link":"http:\/\/www.24baires.com\/?cat=51"},"img":{"alt_text":"sanz ernesto","src":"https:\/\/i0.wp.com\/www.24baires.com\/wp-content\/uploads\/2013\/04\/sanz-ernesto.jpg?resize=350%2C200","width":350,"height":200,"srcset":"https:\/\/i0.wp.com\/www.24baires.com\/wp-content\/uploads\/2013\/04\/sanz-ernesto.jpg?resize=350%2C200 1x, https:\/\/i0.wp.com\/www.24baires.com\/wp-content\/uploads\/2013\/04\/sanz-ernesto.jpg?resize=525%2C300 1.5x"},"classes":[]},{"id":63189,"url":"http:\/\/www.24baires.com\/?p=63189","url_meta":{"origin":75454,"position":4},"title":"An\u00edbal Fern\u00e1ndez: \u00abEl acuerdo UCR-PRO es una alianza con objetivo electoral y sin contenido pol\u00edtico\u00bb","author":"AF","date":"16\/03\/2015","format":false,"excerpt":"El jefe de Gabinete, An\u00edbal Fern\u00e1ndez, consider\u00f3 que el acuerdo pol\u00edtico sellado entre el PRO, el radicalismo y la Coalici\u00f3n C\u00edvica constituye una alianza \u201ccon objetivo electoral y sin contenido pol\u00edtico\u201d entre quienes representan a la \u201cderecha espantosa\u201d de la Argentina. Adem\u00e1s, sostuvo que, en ese tipo de acuerdos puramente\u2026","rel":"","context":"En \u00abPol\u00edtica\u00bb","block_context":{"text":"Pol\u00edtica","link":"http:\/\/www.24baires.com\/?cat=51"},"img":{"alt_text":"fern\u00e1ndez an\u00edbal2","src":"https:\/\/i0.wp.com\/www.24baires.com\/wp-content\/uploads\/2012\/11\/fern%C3%A1ndez-an%C3%ADbal2.jpg?resize=350%2C200","width":350,"height":200,"srcset":"https:\/\/i0.wp.com\/www.24baires.com\/wp-content\/uploads\/2012\/11\/fern%C3%A1ndez-an%C3%ADbal2.jpg?resize=350%2C200 1x, https:\/\/i0.wp.com\/www.24baires.com\/wp-content\/uploads\/2012\/11\/fern%C3%A1ndez-an%C3%ADbal2.jpg?resize=525%2C300 1.5x"},"classes":[]},{"id":62773,"url":"http:\/\/www.24baires.com\/?p=62773","url_meta":{"origin":75454,"position":5},"title":"Los radicales bonaerenses debaten su futuro en Arrecifes","author":"Grupo Sierra","date":"07\/03\/2015","format":false,"excerpt":"La Convenci\u00f3n de la UCR bonaerense se reunir\u00e1 hoy para establecer el marco de alianzas del partido en la mayor provincia del pa\u00eds, en medio de fricciones internas por la estrategia nacional que tendr\u00e1n los radicales de cara a las primarias generales de agosto. Los bonaerenses deliberar\u00e1n en el Club\u2026","rel":"","context":"En \u00abPol\u00edtica\u00bb","block_context":{"text":"Pol\u00edtica","link":"http:\/\/www.24baires.com\/?cat=51"},"img":{"alt_text":"cobos sanz ucr","src":"https:\/\/i0.wp.com\/www.24baires.com\/wp-content\/uploads\/2014\/05\/cobos-sanz-ucr.jpg?resize=350%2C200","width":350,"height":200,"srcset":"https:\/\/i0.wp.com\/www.24baires.com\/wp-content\/uploads\/2014\/05\/cobos-sanz-ucr.jpg?resize=350%2C200 1x, https:\/\/i0.wp.com\/www.24baires.com\/wp-content\/uploads\/2014\/05\/cobos-sanz-ucr.jpg?resize=525%2C300 1.5x"},"classes":[]}],"jetpack_sharing_enabled":true,"jetpack_likes_enabled":true,"jetpack_featured_media_url":"","_links":{"self":[{"href":"http:\/\/www.24baires.com\/index.php?rest_route=\/wp\/v2\/posts\/75454","targetHints":{"allow":["GET"]}}],"collection":[{"href":"http:\/\/www.24baires.com\/index.php?rest_route=\/wp\/v2\/posts"}],"about":[{"href":"http:\/\/www.24baires.com\/index.php?rest_route=\/wp\/v2\/types\/post"}],"author":[{"embeddable":true,"href":"http:\/\/www.24baires.com\/index.php?rest_route=\/wp\/v2\/users\/4"}],"replies":[{"embeddable":true,"href":"http:\/\/www.24baires.com\/index.php?rest_route=%2Fwp%2Fv2%2Fcomments&post=75454"}],"version-history":[{"count":1,"href":"http:\/\/www.24baires.com\/index.php?rest_route=\/wp\/v2\/posts\/75454\/revisions"}],"predecessor-version":[{"id":75455,"href":"http:\/\/www.24baires.com\/index.php?rest_route=\/wp\/v2\/posts\/75454\/revisions\/75455"}],"wp:attachment":[{"href":"http:\/\/www.24baires.com\/index.php?rest_route=%2Fwp%2Fv2%2Fmedia&parent=75454"}],"wp:term":[{"taxonomy":"category","embeddable":true,"href":"http:\/\/www.24baires.com\/index.php?rest_route=%2Fwp%2Fv2%2Fcategories&post=75454"},{"taxonomy":"post_tag","embeddable":true,"href":"http:\/\/www.24baires.com\/index.php?rest_route=%2Fwp%2Fv2%2Ftags&post=75454"}],"curies":[{"name":"wp","href":"https:\/\/api.w.org\/{rel}","templated":true}]}}