{"id":75451,"date":"2015-11-23T11:00:26","date_gmt":"2015-11-23T14:00:26","guid":{"rendered":"http:\/\/www.24baires.com\/?p=75451"},"modified":"2015-11-24T10:38:38","modified_gmt":"2015-11-24T13:38:38","slug":"cristina-recibe-esta-tarde-a-scioli-y-a-zannini-en-olivos","status":"publish","type":"post","link":"http:\/\/www.24baires.com\/?p=75451","title":{"rendered":"Cristina recibe esta tarde a Scioli y a Zannini en Olivos"},"content":{"rendered":"<p><img data-recalc-dims=\"1\" loading=\"lazy\" decoding=\"async\" class=\"aligncenter size-full wp-image-71658\" src=\"https:\/\/i0.wp.com\/www.24baires.com\/wp-content\/uploads\/2015\/09\/cristina-energia.jpg?resize=560%2C373\" alt=\"cristina energia\" width=\"560\" height=\"373\" srcset=\"https:\/\/i0.wp.com\/www.24baires.com\/wp-content\/uploads\/2015\/09\/cristina-energia.jpg?w=560 560w, https:\/\/i0.wp.com\/www.24baires.com\/wp-content\/uploads\/2015\/09\/cristina-energia.jpg?resize=300%2C200 300w\" sizes=\"auto, (max-width: 560px) 100vw, 560px\" \/>El candidato del Frente para la Victoria y su compa\u00f1ero de f\u00f3rmula se reunir\u00e1n con Cristina Fern\u00e1ndez de Kirchner a las 18, en la quinta de Olivos, seg\u00fan anticiparon fuentes oficiales.<!--more--><\/p>\n<p>El candidato presidencial del Frente para la Victoria y su compa\u00f1ero de f\u00f3rmula se reunir\u00e1n con Cristina Fern\u00e1ndez de Kirchner a las 18, en la quinta de Olivos, seg\u00fan anticiparon fuentes oficiales.<\/p>\n","protected":false},"excerpt":{"rendered":"<p>El candidato del Frente para la Victoria y su compa\u00f1ero de f\u00f3rmula se reunir\u00e1n con Cristina Fern\u00e1ndez de Kirchner a las 18, en la quinta de Olivos, seg\u00fan anticiparon fuentes oficiales.<\/p>\n","protected":false},"author":4,"featured_media":0,"comment_status":"open","ping_status":"open","sticky":false,"template":"","format":"standard","meta":{"_jetpack_newsletter_access":"","_jetpack_dont_email_post_to_subs":false,"_jetpack_newsletter_tier_id":0,"_jetpack_memberships_contains_paywalled_content":false,"_jetpack_memberships_contains_paid_content":false,"footnotes":""},"categories":[51],"tags":[],"class_list":["post-75451","post","type-post","status-publish","format-standard","hentry","category-politica"],"jetpack_shortlink":"https:\/\/wp.me\/p2JWE0-jCX","jetpack-related-posts":[{"id":72286,"url":"http:\/\/www.24baires.com\/?p=72286","url_meta":{"origin":75451,"position":0},"title":"Evo sobre Scioli: \u201cDaniel es un revolucionario de la Patria Grande\u201d","author":"GB","date":"17\/09\/2015","format":false,"excerpt":"LA PLATA-El presidente de Bolivia fue recibido en La Plata por el candidato presidencial del Frente para la Victoria. Daniel Scioli, candidato presidencial por el Frente para la Victoria -FPV-, recibi\u00f3 este jueves a Evo Morales, presidente de Bolivia. Ambos encabezan un acto en la ciudad de La Plata, donde\u2026","rel":"","context":"En \u00abPol\u00edtica\u00bb","block_context":{"text":"Pol\u00edtica","link":"http:\/\/www.24baires.com\/?cat=51"},"img":{"alt_text":"","src":"https:\/\/i0.wp.com\/www.24baires.com\/wp-content\/uploads\/2015\/09\/evo-zannini-scioli.jpg?resize=350%2C200","width":350,"height":200,"srcset":"https:\/\/i0.wp.com\/www.24baires.com\/wp-content\/uploads\/2015\/09\/evo-zannini-scioli.jpg?resize=350%2C200 1x, https:\/\/i0.wp.com\/www.24baires.com\/wp-content\/uploads\/2015\/09\/evo-zannini-scioli.jpg?resize=525%2C300 1.5x"},"classes":[]},{"id":59633,"url":"http:\/\/www.24baires.com\/?p=59633","url_meta":{"origin":75451,"position":1},"title":"Cristina se reunir\u00e1 hoy con Axel Kicillof","author":"AF","date":"06\/01\/2015","format":false,"excerpt":"Cristina mantendr\u00e1 un encuentro con Axel Kicillof. La jefa de Estado retom\u00f3 su actividad oficial ayer en la residencia de Olivos, tras pasar los dos \u00faltimos d\u00edas de 2014 y el primer fin de semana del a\u00f1o junto a su familia en la provincia de Santa Cruz. La presidenta Cristina\u2026","rel":"","context":"En \u00abEconom\u00eda\u00bb","block_context":{"text":"Econom\u00eda","link":"http:\/\/www.24baires.com\/?cat=45"},"img":{"alt_text":"cristina kicillof","src":"https:\/\/i0.wp.com\/www.24baires.com\/wp-content\/uploads\/2014\/08\/cristina-kicillof.jpg?resize=350%2C200","width":350,"height":200,"srcset":"https:\/\/i0.wp.com\/www.24baires.com\/wp-content\/uploads\/2014\/08\/cristina-kicillof.jpg?resize=350%2C200 1x, https:\/\/i0.wp.com\/www.24baires.com\/wp-content\/uploads\/2014\/08\/cristina-kicillof.jpg?resize=525%2C300 1.5x"},"classes":[]},{"id":108250,"url":"http:\/\/www.24baires.com\/?p=108250","url_meta":{"origin":75451,"position":2},"title":"Alberto Fern\u00e1ndez revel\u00f3 c\u00f3mo fue el ofrecimiento que le hizo Cristina","author":"AF","date":"18\/05\/2019","format":false,"excerpt":"En declaraciones radiales, el candidato presidencial de Unidad Ciudadana revel\u00f3 c\u00f3mo fue la propuesta que le hizo Cristina Kirchner. \"Cristina me llam\u00f3 a la facultad el mi\u00e9rcoles, a la tarde nos reunimos y me hizo el ofrecimiento. Me llamaron todos, desde Tinelli en adelante\", revel\u00f3 Alberto Fern\u00e1ndez. El candidato presidencial\u2026","rel":"","context":"En \u00abPol\u00edtica\u00bb","block_context":{"text":"Pol\u00edtica","link":"http:\/\/www.24baires.com\/?cat=51"},"img":{"alt_text":"","src":"https:\/\/i0.wp.com\/www.24baires.com\/wp-content\/uploads\/2019\/05\/alberto-fernandez-archivo.jpg?resize=350%2C200","width":350,"height":200,"srcset":"https:\/\/i0.wp.com\/www.24baires.com\/wp-content\/uploads\/2019\/05\/alberto-fernandez-archivo.jpg?resize=350%2C200 1x, https:\/\/i0.wp.com\/www.24baires.com\/wp-content\/uploads\/2019\/05\/alberto-fernandez-archivo.jpg?resize=525%2C300 1.5x"},"classes":[]},{"id":112689,"url":"http:\/\/www.24baires.com\/?p=112689","url_meta":{"origin":75451,"position":3},"title":"Vot\u00f3 Alberto y record\u00f3 a N\u00e9stor: \u201cestoy seguro que me est\u00e1 ayudando\u00bb","author":"GB","date":"27\/10\/2019","format":false,"excerpt":"El candidato a presidente del Frente de Todos emitir\u00e1 su voto en la mesa 68 de la Universidad Cat\u00f3lica Argentina (UCA), en Puerto Madero. En la previa, record\u00f3 a N\u00e9stor Kirchner al cumplirse nueve a\u00f1os de su fallecimiento. El candidato a presidente del Frente de Todos, Alberto Fern\u00e1ndez, emiti\u00f3 su\u2026","rel":"","context":"En \u00abELECCIONES 2019\u00bb","block_context":{"text":"ELECCIONES 2019","link":"http:\/\/www.24baires.com\/?cat=329"},"img":{"alt_text":"","src":"https:\/\/i0.wp.com\/www.24baires.com\/wp-content\/uploads\/2019\/10\/alberto.jpg?resize=350%2C200","width":350,"height":200,"srcset":"https:\/\/i0.wp.com\/www.24baires.com\/wp-content\/uploads\/2019\/10\/alberto.jpg?resize=350%2C200 1x, https:\/\/i0.wp.com\/www.24baires.com\/wp-content\/uploads\/2019\/10\/alberto.jpg?resize=525%2C300 1.5x"},"classes":[]},{"id":110944,"url":"http:\/\/www.24baires.com\/?p=110944","url_meta":{"origin":75451,"position":4},"title":"El FMI se reunir\u00e1 con Alberto Fern\u00e1ndez y Lavagna","author":"GB","date":"26\/06\/2019","format":false,"excerpt":"El compa\u00f1ero de f\u00f3rmula presidencial del Frente de Todos de Cristina Fern\u00e1ndez y el de Consenso Federal 2030 se encontrar\u00e1n este jueves con autoridades del organismo. El Fondo Monetario Internacional (FMI) dio a conocer que el jueves el director del Departamento del Hemisferio Occidental, Alejandro Werner, y el representante residente\u2026","rel":"","context":"En \u00abEconom\u00eda\u00bb","block_context":{"text":"Econom\u00eda","link":"http:\/\/www.24baires.com\/?cat=45"},"img":{"alt_text":"","src":"https:\/\/i0.wp.com\/www.24baires.com\/wp-content\/uploads\/2019\/06\/alberto-fernandez-1.jpg?resize=350%2C200","width":350,"height":200,"srcset":"https:\/\/i0.wp.com\/www.24baires.com\/wp-content\/uploads\/2019\/06\/alberto-fernandez-1.jpg?resize=350%2C200 1x, https:\/\/i0.wp.com\/www.24baires.com\/wp-content\/uploads\/2019\/06\/alberto-fernandez-1.jpg?resize=525%2C300 1.5x"},"classes":[]},{"id":112702,"url":"http:\/\/www.24baires.com\/?p=112702","url_meta":{"origin":75451,"position":5},"title":"Cristina Kirchner vot\u00f3 en R\u00edo Gallegos y a la tarde regresa a Buenos Aires","author":"AF","date":"27\/10\/2019","format":false,"excerpt":"Recibida por decenas de personas, que la arengaban y le ped\u00edan fotos, la candidata a vicepresidenta por el Frente de Todos, Cristina Kirchner, vot\u00f3 en R\u00edo Gallegos, destac\u00f3 la importancia del d\u00eda de elecciones, \"sobre todo para quienes, alguna vez, no tuvimos esta maravilla de poder votar y elegir\" e\u2026","rel":"","context":"En \u00abLocales\u00bb","block_context":{"text":"Locales","link":"http:\/\/www.24baires.com\/?cat=38"},"img":{"alt_text":"","src":"https:\/\/i0.wp.com\/www.24baires.com\/wp-content\/uploads\/2019\/10\/cristina01telam.jpg?resize=350%2C200","width":350,"height":200,"srcset":"https:\/\/i0.wp.com\/www.24baires.com\/wp-content\/uploads\/2019\/10\/cristina01telam.jpg?resize=350%2C200 1x, https:\/\/i0.wp.com\/www.24baires.com\/wp-content\/uploads\/2019\/10\/cristina01telam.jpg?resize=525%2C300 1.5x"},"classes":[]}],"jetpack_sharing_enabled":true,"jetpack_likes_enabled":true,"jetpack_featured_media_url":"","_links":{"self":[{"href":"http:\/\/www.24baires.com\/index.php?rest_route=\/wp\/v2\/posts\/75451","targetHints":{"allow":["GET"]}}],"collection":[{"href":"http:\/\/www.24baires.com\/index.php?rest_route=\/wp\/v2\/posts"}],"about":[{"href":"http:\/\/www.24baires.com\/index.php?rest_route=\/wp\/v2\/types\/post"}],"author":[{"embeddable":true,"href":"http:\/\/www.24baires.com\/index.php?rest_route=\/wp\/v2\/users\/4"}],"replies":[{"embeddable":true,"href":"http:\/\/www.24baires.com\/index.php?rest_route=%2Fwp%2Fv2%2Fcomments&post=75451"}],"version-history":[{"count":1,"href":"http:\/\/www.24baires.com\/index.php?rest_route=\/wp\/v2\/posts\/75451\/revisions"}],"predecessor-version":[{"id":75452,"href":"http:\/\/www.24baires.com\/index.php?rest_route=\/wp\/v2\/posts\/75451\/revisions\/75452"}],"wp:attachment":[{"href":"http:\/\/www.24baires.com\/index.php?rest_route=%2Fwp%2Fv2%2Fmedia&parent=75451"}],"wp:term":[{"taxonomy":"category","embeddable":true,"href":"http:\/\/www.24baires.com\/index.php?rest_route=%2Fwp%2Fv2%2Fcategories&post=75451"},{"taxonomy":"post_tag","embeddable":true,"href":"http:\/\/www.24baires.com\/index.php?rest_route=%2Fwp%2Fv2%2Ftags&post=75451"}],"curies":[{"name":"wp","href":"https:\/\/api.w.org\/{rel}","templated":true}]}}